{"id":30172,"date":"2024-06-08T00:03:11","date_gmt":"2024-06-07T22:03:11","guid":{"rendered":"https:\/\/www.czechcyclingfederation.com\/?p=30172"},"modified":"2024-06-09T11:03:13","modified_gmt":"2024-06-09T09:03:13","slug":"machacova-spolu-se-sevcikovou-treti-na-gp-brno","status":"publish","type":"post","link":"https:\/\/www.czechcyclingfederation.com\/en\/machacova-spolu-se-sevcikovou-treti-na-gp-brno\/","title":{"rendered":"Macha\u010dov\u00e1 spolu se \u0160ev\u010d\u00edkovou t\u0159et\u00ed na GP Brno"},"content":{"rendered":"\n<p>V\u00fdborn\u00e9 t\u0159et\u00ed m\u00edsto vybojovala dvojice z\u00e1vodnic Dukly Praha Jarmila Macha\u010dov\u00e1 s Petrou \u0160ev\u010d\u00edkovou v dr\u00e1hov\u00e9m podniku prvn\u00ed kategorie kalend\u00e1\u0159e UCI GP Brno v discipl\u00edn\u011b madison. Ve 37. ro\u010dn\u00edku Memori\u00e1lu Vlastimila Moravce v omniu si vedl nejl\u00e9pe Lindsay de Vylder z Belgie. Z dom\u00e1c\u00edch jezdc\u016f byl v hlavn\u00edm z\u00e1vodu nejlep\u0161\u00ed na 13. m\u00edst\u011b Adam K\u0159enek.<\/p>\n\n\n\n<p>Stejn\u00e9 um\u00edst\u011bn\u00ed vybojoval ve sprintu Mat\u011bj Bohusl\u00e1vek. L\u00e9pe se vedlo na\u0161im \u017een\u00e1m v keirinu, kdy\u017e \u010dtvrt\u00e1 byla v c\u00edli Anna Jaborn\u00edkov\u00e1, hned za n\u00ed skon\u010dila jej\u00ed sestra Veronika Jaborn\u00edkov\u00e1.<\/p>\n\n\n\n<p>V\u00fdsledky:<\/p>\n\n\n\n<p>Mu\u017ei:<\/p>\n\n\n\n<p>Omnium:<\/p>\n\n\n\n<p>1. de Vylder (Belg.) 145, 2. Banaszek 121, 3. Prokopyszyn (oba Pol.) 117, 4. Hesters (Belg.) 111, 5. Walsh (Austr.) 104, 6. Wafler (Rak) 82, &#8230;13. K\u0159enek 57, 14. \u0160tec 55, 15. Rugovac (v\u0161ichni \u010cR) 48.<\/p>\n\n\n\n<p>Sprint:<\/p>\n\n\n\n<p>1. Predomo (It.), 2. Radford (Brit.), 3. Burawski (Pol.), 4. Werner (N\u011bm.), &#8230;13. Bohusl\u00e1vek (\u010cR).<\/p>\n\n\n\n<p>\u017deny:<\/p>\n\n\n\n<p>Keirin:<\/p>\n\n\n\n<p>Edmundsov\u00e1 (Brit.), 2. Schneiderov\u00e1 (N\u011bm.), 3. Lonnekeov\u00e1 (Niz.), 4. A. Jaborn\u00edkov\u00e1, 5. V. Jaborn\u00edkov\u00e1 (ob\u011b \u010cR), 6. Tannerov\u00e1 (Brit.).<\/p>\n\n\n\n<p>Madisin:<\/p>\n\n\n\n<p>1. Szalinsk\u00e1, Trackaov\u00e1 (Pol.) 33, 2. Wankiewiczov\u00e1, Lorkowsk\u00e1 (Pol.) 32, 3. Macha\u010dov\u00e1, \u0160ev\u010d\u00edkov\u00e1 (\u010cR) 25, &#8230;9. Barton\u00edkov\u00e1, Markov\u00e1 (\u010cR) 7.<\/p>\n\n\n\n<p>FOTO Karel Bar\u00e1k<\/p>\n","protected":false},"excerpt":{"rendered":"<p>V\u00fdborn\u00e9 t\u0159et\u00ed m\u00edsto vybojovala dvojice z\u00e1vodnic Dukly Praha Jarmila Macha\u010dov\u00e1 s Petrou \u0160ev\u010d\u00edkovou v dr\u00e1hov\u00e9m podniku prvn\u00ed kategorie kalend\u00e1\u0159e UCI GP Brno v discipl\u00edn\u011b madison. Ve 37. ro\u010dn\u00edku Memori\u00e1lu Vlastimila Moravce v omniu si vedl nejl\u00e9pe Lindsay de Vylder z Belgie. Z dom\u00e1c\u00edch jezdc\u016f byl v hlavn\u00edm z\u00e1vodu nejlep\u0161\u00ed na 13. m\u00edst\u011b Adam K\u0159enek. Stejn\u00e9 [&hellip;]<\/p>\n","protected":false},"author":8,"featured_media":30173,"comment_status":"closed","ping_status":"open","sticky":false,"template":"","format":"standard","meta":{"footnotes":""},"categories":[54,2],"tags":[9],"class_list":["post-30172","post","type-post","status-publish","format-standard","has-post-thumbnail","hentry","category-draha","category-novinky","tag-draha"],"_links":{"self":[{"href":"https:\/\/www.czechcyclingfederation.com\/en\/wp-json\/wp\/v2\/posts\/30172","targetHints":{"allow":["GET"]}}],"collection":[{"href":"https:\/\/www.czechcyclingfederation.com\/en\/wp-json\/wp\/v2\/posts"}],"about":[{"href":"https:\/\/www.czechcyclingfederation.com\/en\/wp-json\/wp\/v2\/types\/post"}],"author":[{"embeddable":true,"href":"https:\/\/www.czechcyclingfederation.com\/en\/wp-json\/wp\/v2\/users\/8"}],"replies":[{"embeddable":true,"href":"https:\/\/www.czechcyclingfederation.com\/en\/wp-json\/wp\/v2\/comments?post=30172"}],"version-history":[{"count":1,"href":"https:\/\/www.czechcyclingfederation.com\/en\/wp-json\/wp\/v2\/posts\/30172\/revisions"}],"predecessor-version":[{"id":30175,"href":"https:\/\/www.czechcyclingfederation.com\/en\/wp-json\/wp\/v2\/posts\/30172\/revisions\/30175"}],"wp:featuredmedia":[{"embeddable":true,"href":"https:\/\/www.czechcyclingfederation.com\/en\/wp-json\/wp\/v2\/media\/30173"}],"wp:attachment":[{"href":"https:\/\/www.czechcyclingfederation.com\/en\/wp-json\/wp\/v2\/media?parent=30172"}],"wp:term":[{"taxonomy":"category","embeddable":true,"href":"https:\/\/www.czechcyclingfederation.com\/en\/wp-json\/wp\/v2\/categories?post=30172"},{"taxonomy":"post_tag","embeddable":true,"href":"https:\/\/www.czechcyclingfederation.com\/en\/wp-json\/wp\/v2\/tags?post=30172"}],"curies":[{"name":"wp","href":"https:\/\/api.w.org\/{rel}","templated":true}]}}