{"id":30164,"date":"2024-06-07T12:20:50","date_gmt":"2024-06-07T10:20:50","guid":{"rendered":"https:\/\/www.czechcyclingfederation.com\/?p=30164"},"modified":"2024-06-07T12:20:53","modified_gmt":"2024-06-07T10:20:53","slug":"petr-marek-zvolen-prezidentem-svazu-na-dalsi-4-roky","status":"publish","type":"post","link":"https:\/\/www.czechcyclingfederation.com\/en\/petr-marek-zvolen-prezidentem-svazu-na-dalsi-4-roky\/","title":{"rendered":"Petr Marek zvolen prezidentem svazu na dal\u0161\u00ed 4 roky"},"content":{"rendered":"\n<p>DNE 5. \u010cERVNA 2024 JSME SE SETKALI NA VALN\u00c9 HROMAD\u011a \u010cESK\u00c9HO SVAZU CYKLISTIKY, KTER\u00c1 SE KONALA V PRAZE V HOTELU ANGELO. NA PROGRAMU BYLA MIMO JIN\u00c9 VOLBA PREZIDENTA SVAZU. DO SV\u00c9HO POSLEDN\u00cdHO OBDOB\u00cd BYL ZVOLEN SOU\u010cASN\u00dd PREZIDENT PETR MAREK.<\/p>\n\n\n\n<p><em>\u201eChci v\u00e1s p\u0159iv\u00edtat na \u0159\u00e1dn\u00e9 volebn\u00ed Valn\u00e9 hromad\u011b \u010cesk\u00e9ho svazu cyklistiky, kdy se spole\u010dn\u011b sch\u00e1z\u00edme, abychom bilancovali a z\u00e1rove\u0148 nastavili nov\u00e9 c\u00edle. Dnes bychom m\u011bli tak\u00e9 zvolit nov\u00e9 svazov\u00e9 org\u00e1ny pro dal\u0161\u00ed funk\u010dn\u00ed obdob\u00ed,\u201c<\/em>&nbsp;za\u010dal, je\u0161t\u011b jako st\u00e1vaj\u00edc\u00ed prezident pan Marek celou konferenci. Ve sv\u00e9m p\u0159\u00edsp\u011bvku shrnul, jak se svazu za posledn\u00ed 4 roky da\u0159ilo, jak po sportovn\u00ed, ekonomick\u00e9, tak i marketingov\u00e9 str\u00e1nce.&nbsp;<\/p>\n\n\n\n<p>D\u00e1le pak pod\u011bkoval odch\u00e1zej\u00edc\u00edmu viceprezidentovi Slavom\u00edru Svobodovi za jeho dosavadn\u00ed pr\u00e1ci pro svaz.<\/p>\n\n\n\n<p>Sportovn\u00ed&nbsp;oblasti&nbsp;se podrobn\u011bji v\u011bnovala gener\u00e1ln\u00ed sekret\u00e1\u0159ka Jaroslava Krakovi\u010dov\u00e1, kter\u00e1 akcentovala pot\u0159ebnou pr\u00e1ci s ml\u00e1de\u017e\u00ed a ekonomick\u00e9 \u010d\u00e1sti se v souhrnu v\u011bnoval pan Svoboda, jeho\u017e slova doplnila&nbsp;v&nbsp;dal\u0161\u00edm&nbsp;p\u0159\u00edsp\u011bvku&nbsp;pan\u00ed Fr\u00e1nov\u00e1.&nbsp;<\/p>\n\n\n\n<p>P\u0159ed samotnou volbou se k pultu vr\u00e1til Petr Marek, kde shrnul vizi a koncepci pro dal\u0161\u00ed 4 roky.&nbsp;<em>\u201eDovolte mi, abych v z\u00e1v\u011bru znovu pod\u011bkoval v\u00e1m v\u0161em za dobrou spolupr\u00e1ci a va\u0161i ob\u011btavou pr\u00e1ci,<\/em>\u201c doplnil 8 bod\u016f vize Marek.&nbsp;<em>\u201eZ\u00e1rove\u0148 bych v\u00e1s cht\u011bl vyzvat, abychom se pokusili pracovat spole\u010dn\u011b pro cyklistiku. A i kdy\u017e se ob\u010das n\u011bco nepovede tak, jak bychom si v\u0161ichni p\u0159edstavovali a o\u010dek\u00e1vali, p\u0159esto k sob\u011b m\u016f\u017eeme b\u00fdt slu\u0161n\u00ed, ohledupln\u00ed a tolerantn\u00ed. V\u017edy\u0165 drtiv\u00e1 v\u011bt\u0161ina z n\u00e1s pracuje pro cyklistiku ve vlastn\u00edm volnu bez n\u00e1roku na odm\u011bnu na \u00fakor rodiny a vlastn\u00edho pohodl\u00ed, a to v\u0161echno proto, \u017ee cyklistika je n\u00e1\u0161 \u017eivot.\u201c N\u00e1sledn\u011b byl Petr Marek zvolen do funkce prezidenta pro jeho posledn\u00ed mo\u017en\u00e9 obdob\u00ed.&nbsp;<\/em><\/p>\n\n\n\n<p>Bylo tak\u00e9 voleno nov\u00e9 prezidium a v\u00fdkonn\u00fd v\u00fdbor. Slo\u017een\u00ed prezidia je n\u00e1sleduj\u00edc\u00ed:<\/p>\n\n\n\n<p><strong>Prez\u00eddium:<\/strong><\/p>\n\n\n\n<ul class=\"wp-block-list\">\n<li><strong>Petr Marek<\/strong>&nbsp;\u2013 prezident<\/li>\n\n\n\n<li><strong>David Pr\u016f\u0161a<\/strong>&nbsp;\u2013 viceprezident<\/li>\n\n\n\n<li><strong>Robert Kol\u00e1\u0159<\/strong>&nbsp;\u2013 viceprezident<\/li>\n\n\n\n<li><strong>Petr Balogh<\/strong><\/li>\n\n\n\n<li><strong>Josef Dloho\u0161<\/strong><\/li>\n\n\n\n<li><strong>Pavel Petrovsk\u00fd<\/strong><\/li>\n\n\n\n<li><strong>Petr \u0160r\u00e1mek<\/strong><\/li>\n<\/ul>\n\n\n\n<p><strong>V\u00fdkonn\u00fd v\u00fdbor (VV):<\/strong><\/p>\n\n\n\n<ul class=\"wp-block-list\">\n<li><strong>Petr Balogh<\/strong><\/li>\n\n\n\n<li><strong>Robert Kol\u00e1\u0159<\/strong><\/li>\n\n\n\n<li><strong>Pavel Petrovsk\u00fd<\/strong><\/li>\n\n\n\n<li><strong>Viktor Zapletal<\/strong><\/li>\n\n\n\n<li><strong>Ji\u0159\u00ed Je\u017eek<\/strong><\/li>\n\n\n\n<li><strong>Josef Dloho\u0161<\/strong><\/li>\n\n\n\n<li><strong>Lenka&nbsp;<\/strong><strong>Dus\u00edlkov\u00e1&nbsp;<\/strong><strong>Ochman<\/strong><strong>n<\/strong><strong>ov\u00e1<\/strong><\/li>\n\n\n\n<li><strong>Andrea Veseck\u00e1<\/strong><\/li>\n<\/ul>\n\n\n\n<p><strong>Kontroln\u00ed komise byla tak\u00e9 sestavena ve slo\u017een\u00ed:<\/strong><\/p>\n\n\n\n<ul class=\"wp-block-list\">\n<li><strong>Pavel Havr\u00e1nek<\/strong><\/li>\n\n\n\n<li><strong>Josef Krch<\/strong><\/li>\n\n\n\n<li><strong>Pavel Van\u011b<\/strong><strong>k<\/strong><\/li>\n\n\n\n<li><strong>Hana Holubov\u00e1<\/strong><\/li>\n\n\n\n<li><strong>Richard Kratochv\u00edl<\/strong><\/li>\n<\/ul>\n\n\n\n<p><strong>Rozhod\u010d\u00ed komise:<\/strong><\/p>\n\n\n\n<ul class=\"wp-block-list\">\n<li><strong>Vojt\u011bch Marek<\/strong><\/li>\n\n\n\n<li><strong>Jakub Kubias<\/strong><\/li>\n<\/ul>\n\n\n\n<p>D\u011bkujeme v\u0161em p\u0159\u00edtomn\u00fdm za \u00fa\u010dast a t\u011b\u0161\u00edme se na \u010cesk\u00fd svaz cyklistiky v nadch\u00e1zej\u00edc\u00edm obdob\u00ed.<\/p>\n","protected":false},"excerpt":{"rendered":"<p>DNE 5. \u010cERVNA 2024 JSME SE SETKALI NA VALN\u00c9 HROMAD\u011a \u010cESK\u00c9HO SVAZU CYKLISTIKY, KTER\u00c1 SE KONALA V PRAZE V HOTELU ANGELO. NA PROGRAMU BYLA MIMO JIN\u00c9 VOLBA PREZIDENTA SVAZU. DO SV\u00c9HO POSLEDN\u00cdHO OBDOB\u00cd BYL ZVOLEN SOU\u010cASN\u00dd PREZIDENT PETR MAREK. \u201eChci v\u00e1s p\u0159iv\u00edtat na \u0159\u00e1dn\u00e9 volebn\u00ed Valn\u00e9 hromad\u011b \u010cesk\u00e9ho svazu cyklistiky, kdy se spole\u010dn\u011b sch\u00e1z\u00edme, abychom [&hellip;]<\/p>\n","protected":false},"author":2,"featured_media":30165,"comment_status":"closed","ping_status":"open","sticky":false,"template":"","format":"standard","meta":{"footnotes":""},"categories":[28,2],"tags":[119],"class_list":["post-30164","post","type-post","status-publish","format-standard","has-post-thumbnail","hentry","category-cesky-svaz-cyklistiky","category-novinky","tag-csc"],"_links":{"self":[{"href":"https:\/\/www.czechcyclingfederation.com\/en\/wp-json\/wp\/v2\/posts\/30164","targetHints":{"allow":["GET"]}}],"collection":[{"href":"https:\/\/www.czechcyclingfederation.com\/en\/wp-json\/wp\/v2\/posts"}],"about":[{"href":"https:\/\/www.czechcyclingfederation.com\/en\/wp-json\/wp\/v2\/types\/post"}],"author":[{"embeddable":true,"href":"https:\/\/www.czechcyclingfederation.com\/en\/wp-json\/wp\/v2\/users\/2"}],"replies":[{"embeddable":true,"href":"https:\/\/www.czechcyclingfederation.com\/en\/wp-json\/wp\/v2\/comments?post=30164"}],"version-history":[{"count":2,"href":"https:\/\/www.czechcyclingfederation.com\/en\/wp-json\/wp\/v2\/posts\/30164\/revisions"}],"predecessor-version":[{"id":30170,"href":"https:\/\/www.czechcyclingfederation.com\/en\/wp-json\/wp\/v2\/posts\/30164\/revisions\/30170"}],"wp:featuredmedia":[{"embeddable":true,"href":"https:\/\/www.czechcyclingfederation.com\/en\/wp-json\/wp\/v2\/media\/30165"}],"wp:attachment":[{"href":"https:\/\/www.czechcyclingfederation.com\/en\/wp-json\/wp\/v2\/media?parent=30164"}],"wp:term":[{"taxonomy":"category","embeddable":true,"href":"https:\/\/www.czechcyclingfederation.com\/en\/wp-json\/wp\/v2\/categories?post=30164"},{"taxonomy":"post_tag","embeddable":true,"href":"https:\/\/www.czechcyclingfederation.com\/en\/wp-json\/wp\/v2\/tags?post=30164"}],"curies":[{"name":"wp","href":"https:\/\/api.w.org\/{rel}","templated":true}]}}