{"id":30158,"date":"2024-06-07T07:25:28","date_gmt":"2024-06-07T05:25:28","guid":{"rendered":"https:\/\/www.czechcyclingfederation.com\/?p=30158"},"modified":"2024-06-07T07:25:31","modified_gmt":"2024-06-07T05:25:31","slug":"jubilejni-25-malevil-cup-vyhral-martin-stosek-a-stefanie-walter","status":"publish","type":"post","link":"https:\/\/www.czechcyclingfederation.com\/en\/jubilejni-25-malevil-cup-vyhral-martin-stosek-a-stefanie-walter\/","title":{"rendered":"JUBILEJN\u00cd 25. MALEVIL CUP VYHR\u00c1L MARTIN STO\u0160EK A STEFANIE WALTER\u00a0"},"content":{"rendered":"\n<p>Pekeln\u00e9 podm\u00ednky neodl\u00e1kaly v\u00edce ne\u017e 1000 z\u00e1vodn\u00edk\u016f od startu na Malevil Cupu, nej\u00fasp\u011b\u0161n\u011bj\u0161\u00ed byl t\u00fdm Canyon Sidi, Sto\u0161ek m\u00e1 druh\u00e9 v\u00edt\u011bzstv\u00ed&#8230;&nbsp;<\/p>\n\n\n\n<p>D\u00e9\u0161\u0165 a bl\u00e1to doprov\u00e1zely jubilejn\u00ed ro\u010dn\u00edk Malevil Cupu, kter\u00fd m\u00e1 stejn\u00e9ho v\u00edt\u011bze jako v roce 2019, tedy Martina Sto\u0161ka z celku Canyon Sidi. Na c\u00edlovou p\u00e1sku 25. ro\u010dn\u00edku dorazil ruku v ruce se sv\u00fdm t\u00fdmov\u00fdm kolegou, \u0160v\u00fdcarem Marcem Stutzmannem. Lo\u0148sk\u00fd v\u00edt\u011bz Simon Stiebjahn (GER, Singer Racing) dojel t\u0159et\u00ed se ztr\u00e1tou 7 minut.&nbsp;<\/p>\n\n\n\n<figure class=\"wp-block-image size-large\"><img loading=\"lazy\" decoding=\"async\" width=\"1024\" height=\"683\" src=\"https:\/\/www.czechcyclingfederation.com\/wp-content\/uploads\/2024\/06\/447250433_948323243970654_819062807960858452_n-1024x683.jpg\" alt=\"\" class=\"wp-image-30159\" srcset=\"https:\/\/www.czechcyclingfederation.com\/wp-content\/uploads\/2024\/06\/447250433_948323243970654_819062807960858452_n-1024x683.jpg 1024w, https:\/\/www.czechcyclingfederation.com\/wp-content\/uploads\/2024\/06\/447250433_948323243970654_819062807960858452_n-300x200.jpg 300w, https:\/\/www.czechcyclingfederation.com\/wp-content\/uploads\/2024\/06\/447250433_948323243970654_819062807960858452_n-768x512.jpg 768w, https:\/\/www.czechcyclingfederation.com\/wp-content\/uploads\/2024\/06\/447250433_948323243970654_819062807960858452_n-1536x1025.jpg 1536w, https:\/\/www.czechcyclingfederation.com\/wp-content\/uploads\/2024\/06\/447250433_948323243970654_819062807960858452_n-1320x880.jpg 1320w, https:\/\/www.czechcyclingfederation.com\/wp-content\/uploads\/2024\/06\/447250433_948323243970654_819062807960858452_n.jpg 2048w\" sizes=\"auto, (max-width: 1024px) 100vw, 1024px\" \/><\/figure>\n\n\n\n<p>Na start se postavila v\u00edce ne\u017e tis\u00edcovka z\u00e1vodn\u00edk\u016f ze 13 zem\u00ed, Malevil Cup tak znovu uk\u00e1zal, \u017ee se jedn\u00e1 o vskutku mezin\u00e1rodn\u00ed podnik. &#8220;Hluboko se skl\u00e1n\u00edm p\u0159ed v\u0161emi, kte\u0159\u00ed se r\u00e1no postavili na start. Ty podm\u00ednky byly hodn\u011b daleko od ide\u00e1lu. Nejv\u011bt\u0161\u00ed d\u00edk ale pat\u0159\u00ed m\u00e9mu t\u00fdmu organiz\u00e1tor\u016f a dobrovoln\u00edk\u016f, jsem na n\u011b ohromn\u011b hrdej, \u017ee to tak skv\u011ble v\u0161ichni dali a ve\u010der se je\u0161t\u011b bavili na koncert\u011b. Par\u00e1dn\u00ed oslava 25. ro\u010dn\u00edku, klobouk dol\u016f p\u0159ed v\u0161emi, d\u00edky,&#8221; okomentoval z\u00e1vod \u0159editel Radek Patr\u00e1k.\u00a0<\/p>\n\n\n\n<p>V\u00edt\u011bz nejpresti\u017en\u011bj\u0161\u00ed 100km trasy Martin Sto\u0161ek se na nep\u0159\u00edjemn\u00e9 podm\u00ednky dob\u0159e p\u0159ipravil a b\u011bhem z\u00e1vodu je pr\u00fd nevn\u00edmal. Zv\u00edt\u011bzil v \u010dase 4:27 hod., co\u017e je o 20 minut pomaleji ne\u017e vloni a dokonce 34 minut ne\u017e v roce 2022, kdy se na Malevilu jelo o evropsk\u00e9 tituly.&nbsp;<\/p>\n\n\n\n<p>&#8220;Letos to byly fakt obt\u00ed\u017en\u00fd podm\u00ednky, od startu do c\u00edle to bylo hodn\u011b mokr\u00fd. Ani jsem nevn\u00edmal, kdy pr\u0161elo a kdy ne, proto\u017ee to st\u0159\u00edkalo furt ze v\u0161ech stran. Na\u0161t\u011bst\u00ed nebyla moc zima, dob\u0159e jsem se obl\u00edkl, m\u011bl jsem i n\u00e1vleky na tretry a vestu, co\u017e byl dobrej tah,&#8221; l\u00ed\u010dil v c\u00edli Martin Sto\u0161ek, jen\u017e se od startu c\u00edtil velmi dob\u0159e.&nbsp;<\/p>\n\n\n\n<p>&#8220;C\u00edtil jsem se dob\u0159e od startu, ale nev\u011bd\u011bl jsem, jestli to p\u016fjde, proto\u017ee letos jsem zat\u00edm nohy \u00fapln\u011b dobr\u00fd nem\u011bl. Ale dneska to bylo dobr\u00fd, i podle \u010d\u00edsel to bylo super. V \u0161esti lidech jsme dojeli na prvn\u00ed feedzonu na 25. km, zpo\u010d\u00e1tku se moc nejelo. Pak se to za\u010dalo selektovat a jako tradi\u010dn\u011b rozhodl Hvozd, kde jsem \u00fato\u010dil. Poda\u0159ilo se mi v\u0161em ujet, Marc m\u011b pak sj\u00ed\u017ed\u011bl a j\u00e1 se rozhodl na n\u011bj po\u010dkat. Jeli jsme spolu, pom\u00e1hali jsme si,&#8221; popisoval v\u00fdvoj z\u00e1vodu, jen\u017e skon\u010dil spole\u010dn\u00fdm pr\u016fjezdem c\u00edlov\u00e9 p\u00e1sky. &#8220;P\u0159ed c\u00edlem jsme \u0159e\u0161ili, jestli budeme z\u00e1vodit \ud83d\ude42 Ale Marc s\u00e1m uznal, \u017ee jsem byl siln\u011bj\u0161\u00ed a \u017ee jsem mu pomohl, tak\u017ee jsme ani nez\u00e1vodili. Byl to dobrej t\u00fdmovej z\u00e1vod. Bylo to jin\u00fd, ne\u017e jsem si pamatoval, m\u011b se to moc l\u00edbilo, z\u00e1vod je kr\u00e1sn\u011b zorganizovavnej, pecka tra\u0165 a na to, jak\u00fd byly podm\u00ednky, tak se to cel\u00fd dalo jet,&#8221; vysekl Martin pochvalu po\u0159adatel\u016fm.&nbsp;<\/p>\n\n\n\n<p>&#8220;I m\u011b se to moc l\u00edbilo, po\u010das\u00ed teda \u00fapln\u011b p\u011bkn\u00fd nebylo. Ale vyhr\u00e1li jsme, tak\u017ee to v\u0161echno p\u0159ebilo,&#8221; sm\u00e1l se v c\u00edli \u0160v\u00fdcar Marc Stutzmann, kter\u00fd na Malevilu startoval podruh\u00e9, p\u0159ed dv\u011bma roky zde na ME skon\u010dil na 6. m\u00edst\u011b. &#8220;To ale bylo vedro a sucho, o hodn\u011b rychlej\u0161\u00ed. Dnes byla nejt\u011b\u017e\u0161\u00ed ty \u00faseky na louk\u00e1ch, bylo to podm\u00e1\u010den\u00fd a v\u016fbec to nejelo. J\u00e1 jsem doufal, \u017ee bych mohl vyhr\u00e1t, jsem moc r\u00e1d, jak to dopadlo, tohle jsme ani nepl\u00e1novali,&#8221; nechal se sly\u0161et 32let\u00fd \u0160v\u00fdcar.&nbsp;<\/p>\n\n\n\n<p>V\u00fdte\u010dnou formu nemohl v leto\u0161n\u00edm Malevilu Cupu prok\u00e1zat Filip Adel (Superior Team), jen\u017e se p\u0159ed t\u00fddnem bl\u00fdsknul 8. m\u00edstem na SP v Nov\u00e9m M\u011bst\u011b na Morav\u011b. &#8220;Nohy byly dobr\u00fd, ale zvolil jsem pro malevilsk\u00fd podm\u00ednky \u0161patnou sm\u011bs brzdov\u00fdch desti\u010dek. Jak desti\u010dky ub\u00fdvaly a p\u00edstky vyj\u00ed\u017ed\u011bly \u010d\u00edm d\u00e1l v\u00edc, tak mi za\u010daly p\u0159ibr\u017e\u010fovat kola, ale z\u00e1rove\u0148 to u\u017e ve sjezdech nebrzdilo tak, jak bych pot\u0159eboval. P\u016flku z\u00e1vodu to je\u0161t\u011b \u0161lo, ale kolem Hvozdu u\u017e to bylo \u0161patn\u00fd. Bylo to trochu psycho, ale i p\u0159es to jsem se v\u00fdkonnostn\u011b c\u00edtil dob\u0159e a za ob\u010derstvova\u010dkou na Myslivn\u00e1ch jsem dojel do dvojice, kter\u00e1 jela o t\u0159et\u00ed m\u00edsto. Do c\u00edle to bylo 15 kilometr\u016f, kdy\u017e mi v jednom z kles\u00e1n\u00ed praskl p\u00edstek a brzdy ode\u0161ly \u00fapln\u011b. N\u00e1sleduj\u00edc\u00ed zat\u00e1\u010dku u\u017e jsem nebyl schopnej projet a bylo vy\u0159e\u0161eno. Pokra\u010dovat d\u00e1l bez brzd by bylo nesmysln\u00fd riziko. Podm\u00ednky byly extr\u00e9mn\u00ed, ale v\u00edm, \u017ee se tomu dalo p\u0159edej\u00edt a m\u016f\u017eu si za to s\u00e1m,&#8221; vysv\u011btloval pozd\u011bji Filip Adel, u jeho\u017e jm\u00e9na tak v leto\u0161n\u00edch v\u00fdsledc\u00edch sv\u00edt\u00ed DNF.&nbsp;<\/p>\n\n\n\n<p>Z\u00e1vod \u017een byl jednozna\u010dnou z\u00e1le\u017eitost\u00ed dvaat\u0159icetilet\u00e9 n\u011bmeck\u00e9 bikerky ve slu\u017eb\u00e1ch \u010desk\u00e9ho t\u00fdmu Canyon Sidi Stefanie Walter, pro kterou to tak\u00e9 nebyl prvn\u00ed ro\u010dn\u00edk v Lu\u017eick\u00fdch hor\u00e1ch. Na ME p\u0159ed dv\u011b roky skon\u010dila na 9. m\u00edst\u011b, letos si to v t\u011b\u017ek\u00fdch podm\u00ednk\u00e1ch vynahradila v\u00edt\u011bzstv\u00edm. Na trase str\u00e1vila p\u0159esn\u011b o hodinu v\u00edce ne\u017e jej\u00ed t\u00fdmov\u00ed kolegov\u00e9 Martin a Marc.\u202f&nbsp;<\/p>\n\n\n\n<p>Druhou pozici se ztr\u00e1tou v\u00edce ne\u017e 17 minut vybojovala Janka \u0160tevkov\u00e1 (SVK, Outsiters), a bronz brala lo\u0148sk\u00e1 v\u00edt\u011bzka\u202fAleksandra Andrzejewska (POL, Global Orbea). Nejlep\u0161\u00ed \u010deskou z\u00e1stupkyn\u00ed byla \u010dtvrt\u00e1 Aneta Hovorkov\u00e1 (D2 Mont Merida).\u202f&nbsp;<\/p>\n\n\n\n<p>&#8220;Stefanie \u0159\u00edkala, \u017ee se c\u00edtila mnohem l\u00edp ne\u017e v Nov\u00e9m M\u011bst\u011b, co\u017e je na jednu stranu \u0161koda, ale na druhou stranu, Malevil je moje srdcovka, je z\u00e1vod kategorie C1, tak\u017ee pro n\u00e1s cenn\u00e9 v\u00edt\u011bzstv\u00ed,&#8221; komentoval v\u00edt\u011bzstv\u00ed n\u011bmeck\u00e9 bikerky Kristi\u00e1n Hynek, mana\u017eer celku Canyon Sidi. &#8220;M\u011bla kone\u010dn\u011b dobrej z\u00e1vod, jela u\u017e p\u00e1r etap\u00e1k\u016f dvojic, kde byla siln\u011bj\u0161\u00ed z dvojice a nemohla naplno uk\u00e1zat sv\u016fj potenci\u00e1l. Tak\u017ee jsem moc spokojenej,\u202fdneska n\u00e1m to vy\u0161lo.\u202fZa 14 dn\u00ed n\u00e1s \u010dek\u00e1 Sella Ronda Hero a pak dal\u0161\u00ed z\u00e1vod SP, na kter\u00fd se nyn\u00ed budeme soust\u0159edit,&#8221; dodal Kristi\u00e1n.&nbsp;<\/p>\n\n\n\n<p>70km trasu vyhr\u00e1l N\u011bmec Florian Anderle (Fujibikes) p\u0159ed Luk\u00e1\u0161em B\u011blkou (Eleven Head CST Cyklolive), mezi \u017eenami\u202fzv\u00edt\u011bzila\u202fMark\u00e9ta Bar\u00e1kov\u00e1 (Ski &amp; Bike Centrum Radot\u00edn).\u202f&nbsp;<\/p>\n\n\n\n<p>Svou premi\u00e9ru m\u011bla kategorie gravelu na 50 km a jako v\u00edt\u011bzov\u00e9 se zapsali Bernd Ruckd\u00e4schel z N\u011bmecka a Anna Rydvalov\u00e1<\/p>\n","protected":false},"excerpt":{"rendered":"<p>Pekeln\u00e9 podm\u00ednky neodl\u00e1kaly v\u00edce ne\u017e 1000 z\u00e1vodn\u00edk\u016f od startu na Malevil Cupu, nej\u00fasp\u011b\u0161n\u011bj\u0161\u00ed byl t\u00fdm Canyon Sidi, Sto\u0161ek m\u00e1 druh\u00e9 v\u00edt\u011bzstv\u00ed&#8230;&nbsp; D\u00e9\u0161\u0165 a bl\u00e1to doprov\u00e1zely jubilejn\u00ed ro\u010dn\u00edk Malevil Cupu, kter\u00fd m\u00e1 stejn\u00e9ho v\u00edt\u011bze jako v roce 2019, tedy Martina Sto\u0161ka z celku Canyon Sidi. Na c\u00edlovou p\u00e1sku 25. ro\u010dn\u00edku dorazil ruku v ruce se sv\u00fdm [&hellip;]<\/p>\n","protected":false},"author":2,"featured_media":30161,"comment_status":"closed","ping_status":"open","sticky":false,"template":"","format":"standard","meta":{"footnotes":""},"categories":[2],"tags":[10],"class_list":["post-30158","post","type-post","status-publish","format-standard","has-post-thumbnail","hentry","category-novinky","tag-mtb"],"_links":{"self":[{"href":"https:\/\/www.czechcyclingfederation.com\/en\/wp-json\/wp\/v2\/posts\/30158","targetHints":{"allow":["GET"]}}],"collection":[{"href":"https:\/\/www.czechcyclingfederation.com\/en\/wp-json\/wp\/v2\/posts"}],"about":[{"href":"https:\/\/www.czechcyclingfederation.com\/en\/wp-json\/wp\/v2\/types\/post"}],"author":[{"embeddable":true,"href":"https:\/\/www.czechcyclingfederation.com\/en\/wp-json\/wp\/v2\/users\/2"}],"replies":[{"embeddable":true,"href":"https:\/\/www.czechcyclingfederation.com\/en\/wp-json\/wp\/v2\/comments?post=30158"}],"version-history":[{"count":1,"href":"https:\/\/www.czechcyclingfederation.com\/en\/wp-json\/wp\/v2\/posts\/30158\/revisions"}],"predecessor-version":[{"id":30163,"href":"https:\/\/www.czechcyclingfederation.com\/en\/wp-json\/wp\/v2\/posts\/30158\/revisions\/30163"}],"wp:featuredmedia":[{"embeddable":true,"href":"https:\/\/www.czechcyclingfederation.com\/en\/wp-json\/wp\/v2\/media\/30161"}],"wp:attachment":[{"href":"https:\/\/www.czechcyclingfederation.com\/en\/wp-json\/wp\/v2\/media?parent=30158"}],"wp:term":[{"taxonomy":"category","embeddable":true,"href":"https:\/\/www.czechcyclingfederation.com\/en\/wp-json\/wp\/v2\/categories?post=30158"},{"taxonomy":"post_tag","embeddable":true,"href":"https:\/\/www.czechcyclingfederation.com\/en\/wp-json\/wp\/v2\/tags?post=30158"}],"curies":[{"name":"wp","href":"https:\/\/api.w.org\/{rel}","templated":true}]}}