{"id":30118,"date":"2024-06-02T16:51:01","date_gmt":"2024-06-02T14:51:01","guid":{"rendered":"https:\/\/www.czechcyclingfederation.com\/?p=30118"},"modified":"2024-06-02T16:51:04","modified_gmt":"2024-06-02T14:51:04","slug":"rolland-vitezem-zavodu-miru-u23-pridal-jedenacty","status":"publish","type":"post","link":"https:\/\/www.czechcyclingfederation.com\/en\/rolland-vitezem-zavodu-miru-u23-pridal-jedenacty\/","title":{"rendered":"Rolland v\u00edt\u011bzem Z\u00e1vodu m\u00edru U23, P\u0159idal jeden\u00e1ct\u00fd"},"content":{"rendered":"\n<p>Francouz <strong>Breiuc Rolland<\/strong> se stal celkov\u00fdm v\u00edt\u011bzem Z\u00e1vodu m\u00edru U23 v Jesen\u00edk\u00e1ch. \u010clen kontinent\u00e1ln\u00edho t\u00fdmu Groupama FDJ se do \u017elut\u00e9ho trikotu obl\u00e9kl po sobotn\u00ed kr\u00e1lovsk\u00e9 etap\u011b s&nbsp;c\u00edlem na Dlouh\u00fdch str\u00e1n\u00edch a v&nbsp;ned\u011bln\u00edm z\u00e1v\u011bre\u010dn\u00e9m d\u011bjstv\u00ed u\u017e si veden\u00ed pohl\u00eddal. Nejlep\u0161\u00edm \u010desk\u00fdm z\u00e1vodn\u00edkem byl jeden\u00e1ct\u00fd <strong>Tom\u00e1\u0161 P\u0159idal<\/strong>.<\/p>\n\n\n\n<p><em>\u201ePosledn\u00ed den nebyl v\u016fbec zadarmo, spousta \u00fatok\u016f a na z\u00e1v\u011br siln\u00fd d\u00e9\u0161\u0165, tak\u017ee sjezd do Jesen\u00edku nebyl \u00fapln\u011b jednoduch\u00fd. P\u0159ed startem jsem byl trochu vystresovan\u00fd, te\u010f jsem ale moc py\u0161n\u00fd na sebe i cel\u00fd t\u00fdm, \u017ee jsme z\u00e1v\u011br zvl\u00e1dli,\u201c <\/em>uvedl v\u00edt\u011bz ZM Brieuc Rolland.<\/p>\n\n\n\n<figure class=\"wp-block-image size-large\"><img loading=\"lazy\" decoding=\"async\" width=\"1024\" height=\"680\" src=\"https:\/\/www.czechcyclingfederation.com\/wp-content\/uploads\/2024\/06\/francouz-dlouhe-1024x680.jpg\" alt=\"\" class=\"wp-image-30124\" srcset=\"https:\/\/www.czechcyclingfederation.com\/wp-content\/uploads\/2024\/06\/francouz-dlouhe-1024x680.jpg 1024w, https:\/\/www.czechcyclingfederation.com\/wp-content\/uploads\/2024\/06\/francouz-dlouhe-300x200.jpg 300w, https:\/\/www.czechcyclingfederation.com\/wp-content\/uploads\/2024\/06\/francouz-dlouhe-768x510.jpg 768w, https:\/\/www.czechcyclingfederation.com\/wp-content\/uploads\/2024\/06\/francouz-dlouhe-1536x1021.jpg 1536w, https:\/\/www.czechcyclingfederation.com\/wp-content\/uploads\/2024\/06\/francouz-dlouhe-1320x877.jpg 1320w, https:\/\/www.czechcyclingfederation.com\/wp-content\/uploads\/2024\/06\/francouz-dlouhe.jpg 2000w\" sizes=\"auto, (max-width: 1024px) 100vw, 1024px\" \/><\/figure>\n\n\n\n<p>Zelen\u00fd trikot uh\u00e1jil jeho krajan Paul Magnier, \u0161ampionem vrcha\u0159sk\u00e9 sout\u011b\u017ee se stal Belgi\u010dan Tim Rex, jeho krajan Aaron Dockx z\u00edskal b\u00edl\u00fd dres pro nejlep\u0161\u00edho cyklistu do 21 let. Nejlep\u0161\u00edm z \u010desk\u00fdch cyklist\u016f je Tom\u00e1\u0161 P\u0159idal na jeden\u00e1ct\u00e9 p\u0159\u00ed\u010dce, v\u00edt\u011bzem sout\u011b\u017ee t\u00fdm\u016f Nizozemsko. <em>\u201eBylo p\u0159\u00edjemn\u00e9 b\u00fdt na vyhl\u00e1\u0161en\u00ed s nejlep\u0161\u00edmi. V\u00fdsledek mohl b\u00fdt o chlup lep\u0161\u00ed, ale jsem r\u00e1d, \u017ee jsem p\u0159e\u017eil,\u201c<\/em> prohl\u00e1sil P\u0159idal.<\/p>\n\n\n\n<figure class=\"wp-block-image size-large\"><img loading=\"lazy\" decoding=\"async\" width=\"1024\" height=\"680\" src=\"https:\/\/www.czechcyclingfederation.com\/wp-content\/uploads\/2024\/06\/pridal-po-etape-1024x680.jpg\" alt=\"\" class=\"wp-image-30122\" srcset=\"https:\/\/www.czechcyclingfederation.com\/wp-content\/uploads\/2024\/06\/pridal-po-etape-1024x680.jpg 1024w, https:\/\/www.czechcyclingfederation.com\/wp-content\/uploads\/2024\/06\/pridal-po-etape-300x200.jpg 300w, https:\/\/www.czechcyclingfederation.com\/wp-content\/uploads\/2024\/06\/pridal-po-etape-768x510.jpg 768w, https:\/\/www.czechcyclingfederation.com\/wp-content\/uploads\/2024\/06\/pridal-po-etape-1536x1021.jpg 1536w, https:\/\/www.czechcyclingfederation.com\/wp-content\/uploads\/2024\/06\/pridal-po-etape-1320x877.jpg 1320w, https:\/\/www.czechcyclingfederation.com\/wp-content\/uploads\/2024\/06\/pridal-po-etape.jpg 2000w\" sizes=\"auto, (max-width: 1024px) 100vw, 1024px\" \/><\/figure>\n\n\n\n<p>Posledn\u00ed etapu s&nbsp;c\u00edlem v&nbsp;Jesen\u00edku ovl\u00e1dl po \u00faniku trvaj\u00edc\u00edm p\u0159es polovinu z\u00e1v\u011bre\u010dn\u00e9 etapy Nizozemec Wessel Mouris a slavil jeden z nejv\u011bt\u0161\u00edch \u00fasp\u011bch\u016f kari\u00e9ry.<\/p>\n\n\n\n<p><em>\u201eVid\u011bli jsme \u010dty\u0159i v\u00fd\u017eivn\u00e9 etapy, boj o celkov\u00e9 po\u0159ad\u00ed byl otev\u0159en\u00fd a\u017e do posledn\u00edho kopce. Celkov\u011b z\u00e1vod hodnot\u00edme velice pozitivn\u011b. A jsme moc r\u00e1di, jak v\u0159el\u00e9ho p\u0159ijet\u00ed se n\u00e1m dostalo v nov\u00fdch m\u011bstech Krnov\u011b a Opav\u011b. Obrovsk\u00fd d\u00edk ale pat\u0159\u00ed v\u0161em m\u011bst\u016fm, kraj\u016fm a partner\u016fm, bez kter\u00fdch by nebylo mo\u017en\u00e9 z\u00e1vod uspo\u0159\u00e1dat,\u201c<\/em> prohl\u00e1sil v c\u00edli \u0159editel z\u00e1vodu Leopold K\u00f6nig.&nbsp;<\/p>\n\n\n\n<figure class=\"wp-block-image size-large\"><img loading=\"lazy\" decoding=\"async\" width=\"1024\" height=\"681\" src=\"https:\/\/www.czechcyclingfederation.com\/wp-content\/uploads\/2024\/06\/leo-v-aute-1024x681.jpg\" alt=\"\" class=\"wp-image-30126\" srcset=\"https:\/\/www.czechcyclingfederation.com\/wp-content\/uploads\/2024\/06\/leo-v-aute-1024x681.jpg 1024w, https:\/\/www.czechcyclingfederation.com\/wp-content\/uploads\/2024\/06\/leo-v-aute-300x200.jpg 300w, https:\/\/www.czechcyclingfederation.com\/wp-content\/uploads\/2024\/06\/leo-v-aute-768x511.jpg 768w, https:\/\/www.czechcyclingfederation.com\/wp-content\/uploads\/2024\/06\/leo-v-aute-1536x1022.jpg 1536w, https:\/\/www.czechcyclingfederation.com\/wp-content\/uploads\/2024\/06\/leo-v-aute-1320x878.jpg 1320w, https:\/\/www.czechcyclingfederation.com\/wp-content\/uploads\/2024\/06\/leo-v-aute.jpg 2000w\" sizes=\"auto, (max-width: 1024px) 100vw, 1024px\" \/><\/figure>\n\n\n\n<p>Z\u00e1vod m\u00edru byl p\u0159edehrou p\u0159ed \u010dervencovou Czech Tour, kter\u00e1 do Olomouck\u00e9ho a Moravskoslezsk\u00e9ho kraje zav\u00edt\u00e1 v term\u00ednu 25.-28. \u010dervence. <em>\u201eV pr\u016fb\u011bhu Z\u00e1vodu m\u00edru jsme samoz\u0159ejm\u011b ladili i noty na Czech Tour. Letos p\u0159iv\u00edt\u00e1me nejlep\u0161\u00ed sestavu t\u00fdm\u016f v historii, m\u00e1me osm t\u00fdm\u016f z elitn\u00ed kategorie WorldTour,\u201c <\/em>dodal K\u00f6nig.&nbsp;&nbsp;<\/p>\n\n\n\n<p><strong>V\u00fdsledky \u2013 3. etapa <\/strong>(Brunt\u00e1l \u2013 Dlouh\u00e9 str\u00e1n\u011b, 99 km): 1. Rolland (Francie) 2:36:30, 2. Dockx (Belg.), 3. Morgado (Port.) stejn\u00fd \u010das, 4. Toussaint (Niz.), 5. Dalby (D\u00e1n.), 6. Bisiaux (Fr.) v\u0161. +5, \u2026 <strong>12. P\u0159idal<\/strong> +10, <strong>30. Vyso\u010dan<\/strong> (oba \u010cR) +1:32.<\/p>\n\n\n\n<p><strong>4. etapa<\/strong> (\u0160umperk \u2013 Jesen\u00edk, 126 km): 1. Mouris (Niz.) 3:03:29, 2. Magnier (Francie) +0:28, 3. del Grosso (Niz.), 4. Behrens (N\u011bm.), 5. Garc\u00eda (Mex.), 6. Donaldson (Brit.) v\u0161. +28, \u2026 <strong>28. P\u0159idal <\/strong>+34, <strong>30. Vyso\u010dan<\/strong> +0:35, <strong>48. B\u00e1rta <\/strong>(v\u0161. \u010cR) +1:49.<\/p>\n\n\n\n<p><strong>Kone\u010dn\u00e9 po\u0159ad\u00ed: <\/strong>1. Rolland 11:18:45 hod.<strong>, <\/strong>2. Dockx +4<strong>, <\/strong>3. Bisiaux, 4. Dalby, 5. Toussaint v\u0161. +15, 6. van Bekkum (Niz.) +20, \u2026 <strong>11. P\u0159idal <\/strong>+29, <strong>29. Vyso\u010dan <\/strong>+1:42, <strong>56. Obdr\u017e\u00e1lek <\/strong>+8:36, <strong>68. B\u00e1rta <\/strong>+15:38, <strong>82. Rube\u0161 <\/strong>+22:37, <strong>89. Fiala <\/strong>+28:01.<\/p>\n\n\n\n<p>Foto: Z\u00e1vod m\u00edru U23<\/p>\n","protected":false},"excerpt":{"rendered":"<p>Francouz Breiuc Rolland se stal celkov\u00fdm v\u00edt\u011bzem Z\u00e1vodu m\u00edru U23 v Jesen\u00edk\u00e1ch. \u010clen kontinent\u00e1ln\u00edho t\u00fdmu Groupama FDJ se do \u017elut\u00e9ho trikotu obl\u00e9kl po sobotn\u00ed kr\u00e1lovsk\u00e9 etap\u011b s&nbsp;c\u00edlem na Dlouh\u00fdch str\u00e1n\u00edch a v&nbsp;ned\u011bln\u00edm z\u00e1v\u011bre\u010dn\u00e9m d\u011bjstv\u00ed u\u017e si veden\u00ed pohl\u00eddal. Nejlep\u0161\u00edm \u010desk\u00fdm z\u00e1vodn\u00edkem byl jeden\u00e1ct\u00fd Tom\u00e1\u0161 P\u0159idal. \u201ePosledn\u00ed den nebyl v\u016fbec zadarmo, spousta \u00fatok\u016f a na z\u00e1v\u011br [&hellip;]<\/p>\n","protected":false},"author":15,"featured_media":30120,"comment_status":"closed","ping_status":"open","sticky":false,"template":"","format":"standard","meta":{"footnotes":""},"categories":[2],"tags":[11],"class_list":["post-30118","post","type-post","status-publish","format-standard","has-post-thumbnail","hentry","category-novinky","tag-silnice"],"_links":{"self":[{"href":"https:\/\/www.czechcyclingfederation.com\/en\/wp-json\/wp\/v2\/posts\/30118","targetHints":{"allow":["GET"]}}],"collection":[{"href":"https:\/\/www.czechcyclingfederation.com\/en\/wp-json\/wp\/v2\/posts"}],"about":[{"href":"https:\/\/www.czechcyclingfederation.com\/en\/wp-json\/wp\/v2\/types\/post"}],"author":[{"embeddable":true,"href":"https:\/\/www.czechcyclingfederation.com\/en\/wp-json\/wp\/v2\/users\/15"}],"replies":[{"embeddable":true,"href":"https:\/\/www.czechcyclingfederation.com\/en\/wp-json\/wp\/v2\/comments?post=30118"}],"version-history":[{"count":3,"href":"https:\/\/www.czechcyclingfederation.com\/en\/wp-json\/wp\/v2\/posts\/30118\/revisions"}],"predecessor-version":[{"id":30129,"href":"https:\/\/www.czechcyclingfederation.com\/en\/wp-json\/wp\/v2\/posts\/30118\/revisions\/30129"}],"wp:featuredmedia":[{"embeddable":true,"href":"https:\/\/www.czechcyclingfederation.com\/en\/wp-json\/wp\/v2\/media\/30120"}],"wp:attachment":[{"href":"https:\/\/www.czechcyclingfederation.com\/en\/wp-json\/wp\/v2\/media?parent=30118"}],"wp:term":[{"taxonomy":"category","embeddable":true,"href":"https:\/\/www.czechcyclingfederation.com\/en\/wp-json\/wp\/v2\/categories?post=30118"},{"taxonomy":"post_tag","embeddable":true,"href":"https:\/\/www.czechcyclingfederation.com\/en\/wp-json\/wp\/v2\/tags?post=30118"}],"curies":[{"name":"wp","href":"https:\/\/api.w.org\/{rel}","templated":true}]}}