{"id":3011,"date":"2020-12-07T17:51:27","date_gmt":"2020-12-07T16:51:27","guid":{"rendered":"http:\/\/www.czechcyclingfederation.com\/?p=3011"},"modified":"2020-12-07T17:51:27","modified_gmt":"2020-12-07T16:51:27","slug":"stepanova-a-riman-v-topolciankach-na-stupnich-vitezu","status":"publish","type":"post","link":"https:\/\/www.czechcyclingfederation.com\/en\/stepanova-a-riman-v-topolciankach-na-stupnich-vitezu\/","title":{"rendered":"\u0160t\u011bp\u00e1nov\u00e1 a \u0158\u00edman v Topol\u010diank\u00e1ch na stupn\u00edch v\u00edt\u011bz\u016f"},"content":{"rendered":"\n<p>Dva na\u0161i reprezentanti se dostali v Topol\u010diank\u00e1ch na Slovensku na stupn\u011b v\u00edt\u011bz\u016f. V z\u00e1vodu druh\u00e9 kategorie kalend\u00e1\u0159e UCI skon\u010dila Karla \u0160t\u011bp\u00e1nov\u00e1 druh\u00e1 za v\u00edt\u011bznou Francouzskou Anais Morichonovou.<\/p>\n\n\n\n<p>V z\u00e1vodu mu\u017e\u016f vyhr\u00e1l bratr v\u00edt\u011bzky Mathieu p\u0159ed sv\u00fdm krajanem Tomem Mainguenaudem a t\u0159et\u00ed dojel Jakub \u0158\u00edman. Usp\u011bli ale i junio\u0159i. Maty\u00e1\u0161 Fiala dos\u00e1hl na v\u00edt\u011bzstv\u00ed a Filip Jech skon\u010dil druh\u00fd.<\/p>\n\n\n\n<p>O den d\u0159\u00edve se na stejn\u00e9 trati uskute\u010dnil slovensk\u00fd \u0161ampion\u00e1t a zlato vybojoval Matej Ul\u00edk, kter\u00fd obl\u00e9k\u00e1 trikot \u010desk\u00e9ho celku Expres CZ &#8211; Tufo Team Kol\u00edn.<\/p>\n\n\n\n<p>V\u00fdsledky:<\/p>\n\n\n\n<p>Tol\u010dianky (C2):<\/p>\n\n\n\n<p>Mu\u017ei:<\/p>\n\n\n\n<p>1. Morichon 57:45, 2. Mainguenaud (oba Fr.) +27, 3. \u0158\u00edman, 4. Van\u00ed\u010dek oba&nbsp; +1:09, 5. Glajza (SR) +1:32, 6. Ul\u00edk (oba SR) +1:39, &#8230;8. Mayer +2:47, 9. Zelen\u00fd (oba \u010cR) +3:28.<\/p>\n\n\n\n<p>\u017deny:<\/p>\n\n\n\n<p>1. Morichonov\u00e1 (Fr.) 46:39, 2. \u0160t\u011bp\u00e1nov\u00e1 (\u010cR) +18, 3. Wrichtov\u00e1 (Brit.) +1:14, &#8230;9. Navrkalov\u00e1 (\u010cR) +5:29.<\/p>\n\n\n\n<p>Junio\u0159i:<\/p>\n\n\n\n<p>1. Fiala 42:21, 2. Jech (oba \u010cR) +1:09, 3. Haas (SR) +1:16, 4. Dost\u00e1l +1:18, 6. Kerl +1:42, 7. Kub\u00edk +2:08, 8. Fr\u00fchauf (v\u0161ichni \u010cR) +2:14.<\/p>\n\n\n\n<p>FOTO Eduard Erben<\/p>\n\n\n\n<figure class=\"wp-block-image size-large\"><img loading=\"lazy\" decoding=\"async\" width=\"897\" height=\"1024\" src=\"https:\/\/www.czechcyclingfederation.com\/wp-content\/uploads\/2020\/12\/\u0160t\u011bp\u00e1nov\u00e1-CPA_4468-897x1024.jpg\" alt=\"\" class=\"wp-image-3013\" srcset=\"https:\/\/www.czechcyclingfederation.com\/wp-content\/uploads\/2020\/12\/\u0160t\u011bp\u00e1nov\u00e1-CPA_4468-897x1024.jpg 897w, https:\/\/www.czechcyclingfederation.com\/wp-content\/uploads\/2020\/12\/\u0160t\u011bp\u00e1nov\u00e1-CPA_4468-175x200.jpg 175w, https:\/\/www.czechcyclingfederation.com\/wp-content\/uploads\/2020\/12\/\u0160t\u011bp\u00e1nov\u00e1-CPA_4468-768x877.jpg 768w, https:\/\/www.czechcyclingfederation.com\/wp-content\/uploads\/2020\/12\/\u0160t\u011bp\u00e1nov\u00e1-CPA_4468-1346x1536.jpg 1346w, https:\/\/www.czechcyclingfederation.com\/wp-content\/uploads\/2020\/12\/\u0160t\u011bp\u00e1nov\u00e1-CPA_4468-1320x1507.jpg 1320w, https:\/\/www.czechcyclingfederation.com\/wp-content\/uploads\/2020\/12\/\u0160t\u011bp\u00e1nov\u00e1-CPA_4468.jpg 1450w\" sizes=\"auto, (max-width: 897px) 100vw, 897px\" \/><figcaption>29.11.2020 Sv\u011btov\u00fd poh\u00e1r v cyklistice T\u00e1bor\rWorld Cup cyclo cros photo by CPA<\/figcaption><\/figure>\n","protected":false},"excerpt":{"rendered":"<p>Dva na\u0161i reprezentanti se dostali v Topol\u010diank\u00e1ch na Slovensku na stupn\u011b v\u00edt\u011bz\u016f. V z\u00e1vodu druh\u00e9 kategorie kalend\u00e1\u0159e UCI skon\u010dila Karla \u0160t\u011bp\u00e1nov\u00e1 druh\u00e1 za v\u00edt\u011bznou Francouzskou Anais Morichonovou. V z\u00e1vodu mu\u017e\u016f vyhr\u00e1l bratr v\u00edt\u011bzky Mathieu p\u0159ed sv\u00fdm krajanem Tomem Mainguenaudem a t\u0159et\u00ed dojel Jakub \u0158\u00edman. Usp\u011bli ale i junio\u0159i. Maty\u00e1\u0161 Fiala dos\u00e1hl na v\u00edt\u011bzstv\u00ed a Filip [&hellip;]<\/p>\n","protected":false},"author":8,"featured_media":3012,"comment_status":"closed","ping_status":"open","sticky":false,"template":"","format":"standard","meta":{"footnotes":""},"categories":[58,2],"tags":[59],"class_list":["post-3011","post","type-post","status-publish","format-standard","has-post-thumbnail","hentry","category-cyklokros","category-novinky","tag-cyklokros"],"_links":{"self":[{"href":"https:\/\/www.czechcyclingfederation.com\/en\/wp-json\/wp\/v2\/posts\/3011","targetHints":{"allow":["GET"]}}],"collection":[{"href":"https:\/\/www.czechcyclingfederation.com\/en\/wp-json\/wp\/v2\/posts"}],"about":[{"href":"https:\/\/www.czechcyclingfederation.com\/en\/wp-json\/wp\/v2\/types\/post"}],"author":[{"embeddable":true,"href":"https:\/\/www.czechcyclingfederation.com\/en\/wp-json\/wp\/v2\/users\/8"}],"replies":[{"embeddable":true,"href":"https:\/\/www.czechcyclingfederation.com\/en\/wp-json\/wp\/v2\/comments?post=3011"}],"version-history":[{"count":1,"href":"https:\/\/www.czechcyclingfederation.com\/en\/wp-json\/wp\/v2\/posts\/3011\/revisions"}],"predecessor-version":[{"id":3014,"href":"https:\/\/www.czechcyclingfederation.com\/en\/wp-json\/wp\/v2\/posts\/3011\/revisions\/3014"}],"wp:featuredmedia":[{"embeddable":true,"href":"https:\/\/www.czechcyclingfederation.com\/en\/wp-json\/wp\/v2\/media\/3012"}],"wp:attachment":[{"href":"https:\/\/www.czechcyclingfederation.com\/en\/wp-json\/wp\/v2\/media?parent=3011"}],"wp:term":[{"taxonomy":"category","embeddable":true,"href":"https:\/\/www.czechcyclingfederation.com\/en\/wp-json\/wp\/v2\/categories?post=3011"},{"taxonomy":"post_tag","embeddable":true,"href":"https:\/\/www.czechcyclingfederation.com\/en\/wp-json\/wp\/v2\/tags?post=3011"}],"curies":[{"name":"wp","href":"https:\/\/api.w.org\/{rel}","templated":true}]}}