{"id":30091,"date":"2024-06-01T18:06:23","date_gmt":"2024-06-01T16:06:23","guid":{"rendered":"https:\/\/www.czechcyclingfederation.com\/?p=30091"},"modified":"2024-06-01T18:06:26","modified_gmt":"2024-06-01T16:06:26","slug":"odesel-silvestr-matas","status":"publish","type":"post","link":"https:\/\/www.czechcyclingfederation.com\/en\/odesel-silvestr-matas\/","title":{"rendered":"Ode\u0161el Silvestr Matas"},"content":{"rendered":"\n<p>Silvestr Matas, narozen 27.3.1950<\/p>\n\n\n\n<p>Z\u00e1vodn\u00edk, dlouholet\u00fd \u010dinovn\u00edk v r\u016fzn\u00fdch funkc\u00edch cyklistiky, tren\u00e9r a p\u0159edseda Cyklistick\u00e9ho klubu FESO Pet\u0159vald &#8211; B\u0159eziny. Po dlouh\u00e9 nemoci ode\u0161el dne 26.5.2024. \u010cest jeho pam\u00e1tce<\/p>\n\n\n\n<figure class=\"wp-block-image size-large\"><img loading=\"lazy\" decoding=\"async\" width=\"726\" height=\"1024\" src=\"https:\/\/www.czechcyclingfederation.com\/wp-content\/uploads\/2024\/06\/Matas-726x1024.jpg\" alt=\"\" class=\"wp-image-30092\" srcset=\"https:\/\/www.czechcyclingfederation.com\/wp-content\/uploads\/2024\/06\/Matas-726x1024.jpg 726w, https:\/\/www.czechcyclingfederation.com\/wp-content\/uploads\/2024\/06\/Matas-142x200.jpg 142w, https:\/\/www.czechcyclingfederation.com\/wp-content\/uploads\/2024\/06\/Matas-768x1083.jpg 768w, https:\/\/www.czechcyclingfederation.com\/wp-content\/uploads\/2024\/06\/Matas-1090x1536.jpg 1090w, https:\/\/www.czechcyclingfederation.com\/wp-content\/uploads\/2024\/06\/Matas-1453x2048.jpg 1453w, https:\/\/www.czechcyclingfederation.com\/wp-content\/uploads\/2024\/06\/Matas-1320x1861.jpg 1320w, https:\/\/www.czechcyclingfederation.com\/wp-content\/uploads\/2024\/06\/Matas-scaled.jpg 1816w\" sizes=\"auto, (max-width: 726px) 100vw, 726px\" \/><\/figure>\n","protected":false},"excerpt":{"rendered":"<p>Silvestr Matas, narozen 27.3.1950 Z\u00e1vodn\u00edk, dlouholet\u00fd \u010dinovn\u00edk v r\u016fzn\u00fdch funkc\u00edch cyklistiky, tren\u00e9r a p\u0159edseda Cyklistick\u00e9ho klubu FESO Pet\u0159vald &#8211; B\u0159eziny. Po dlouh\u00e9 nemoci ode\u0161el dne 26.5.2024. \u010cest jeho pam\u00e1tce<\/p>\n","protected":false},"author":2,"featured_media":30092,"comment_status":"closed","ping_status":"open","sticky":false,"template":"","format":"standard","meta":{"footnotes":""},"categories":[28,2],"tags":[],"class_list":["post-30091","post","type-post","status-publish","format-standard","has-post-thumbnail","hentry","category-cesky-svaz-cyklistiky","category-novinky"],"_links":{"self":[{"href":"https:\/\/www.czechcyclingfederation.com\/en\/wp-json\/wp\/v2\/posts\/30091","targetHints":{"allow":["GET"]}}],"collection":[{"href":"https:\/\/www.czechcyclingfederation.com\/en\/wp-json\/wp\/v2\/posts"}],"about":[{"href":"https:\/\/www.czechcyclingfederation.com\/en\/wp-json\/wp\/v2\/types\/post"}],"author":[{"embeddable":true,"href":"https:\/\/www.czechcyclingfederation.com\/en\/wp-json\/wp\/v2\/users\/2"}],"replies":[{"embeddable":true,"href":"https:\/\/www.czechcyclingfederation.com\/en\/wp-json\/wp\/v2\/comments?post=30091"}],"version-history":[{"count":1,"href":"https:\/\/www.czechcyclingfederation.com\/en\/wp-json\/wp\/v2\/posts\/30091\/revisions"}],"predecessor-version":[{"id":30094,"href":"https:\/\/www.czechcyclingfederation.com\/en\/wp-json\/wp\/v2\/posts\/30091\/revisions\/30094"}],"wp:featuredmedia":[{"embeddable":true,"href":"https:\/\/www.czechcyclingfederation.com\/en\/wp-json\/wp\/v2\/media\/30092"}],"wp:attachment":[{"href":"https:\/\/www.czechcyclingfederation.com\/en\/wp-json\/wp\/v2\/media?parent=30091"}],"wp:term":[{"taxonomy":"category","embeddable":true,"href":"https:\/\/www.czechcyclingfederation.com\/en\/wp-json\/wp\/v2\/categories?post=30091"},{"taxonomy":"post_tag","embeddable":true,"href":"https:\/\/www.czechcyclingfederation.com\/en\/wp-json\/wp\/v2\/tags?post=30091"}],"curies":[{"name":"wp","href":"https:\/\/api.w.org\/{rel}","templated":true}]}}