{"id":3009,"date":"2020-12-07T09:36:27","date_gmt":"2020-12-07T08:36:27","guid":{"rendered":"http:\/\/www.czechcyclingfederation.com\/?p=3009"},"modified":"2020-12-07T09:36:27","modified_gmt":"2020-12-07T08:36:27","slug":"skoda-cup-2021-pojede-se-sedm-zavodu","status":"publish","type":"post","link":"https:\/\/www.czechcyclingfederation.com\/en\/skoda-cup-2021-pojede-se-sedm-zavodu\/","title":{"rendered":"\u0160koda Cup 2021 \u2013 pojede se sedm z\u00e1vod\u016f"},"content":{"rendered":"\n<p>Kalend\u00e1\u0159 nejpresti\u017en\u011bj\u0161\u00edho silni\u010dn\u00edho seri\u00e1lu \u0160koda Cup zn\u00e1 svoji podobu pro p\u0159\u00ed\u0161t\u00ed rok. V\u00a0jeho programu je celkem sedm z\u00e1vod\u016f a v\u011bt\u0161ina z\u00a0nich na osv\u011bd\u010den\u00fdch trat\u00edch. Jedin\u00fdm nov\u00e1\u010dkem v\u00a0kalend\u00e1\u0159i je z\u00e1vod v\u00a0Mlad\u00e9 Vo\u017eici, jeho\u017e po\u0159adatelem je Agentura cyklistika z\u00a0T\u00e1bora, zn\u00e1ma p\u0159edev\u0161\u00edm z\u00a0aktivit cyklokrosov\u00fdch. Term\u00edny a m\u00edsta vybrala silni\u010dn\u00ed komise \u010cesk\u00e9ho svazu cyklistiky. Oproti leto\u0161ku doch\u00e1z\u00ed je\u0161t\u011b k\u00a0jedn\u00e9 zm\u011bn\u011b. P\u00e1t\u00fd d\u00edl \u0160koda Cupu se vr\u00e1t\u00ed ze Z\u00e1bo\u0159\u00ed zp\u011bt do Blatn\u00e9.<\/p>\n\n\n\n<p>Stejn\u011b jako v&nbsp;leto\u0161n\u00edm roce se bude bojovat o t\u0159i trikoty \u2013 nejlep\u0161\u00ed jezdec po\u0159ad\u00ed pojede v&nbsp;zelen\u00e9m, nejlep\u0161\u00ed jezdec kategorie U24 v&nbsp;\u010derven\u00e9m a b\u00edl\u00fd dres ponese nejlep\u0161\u00ed nov\u00e1\u010dek.<\/p>\n\n\n\n<p>Tradi\u010dn\u011b sezonu otev\u0159e z\u00e1vod Velk\u00e1 B\u00edte\u0161 &#8211; Brno &#8211; Velk\u00e1 B\u00edte\u0161 28. b\u0159ezna, v\u00edt\u011bzov\u00e9 seri\u00e1lu budou zn\u00e1mi nejpozd\u011bji 2. \u0159\u00edjna, kdy se pojede v Mlad\u00e9 Boleslavi, stejn\u011b jako v&nbsp;leto\u0161n\u00edm roce, z\u00e1v\u011bre\u010dn\u00e9 krit\u00e9rium. Pr\u00e1v\u011b tam se letos rozhodlo o celkov\u00e9m v\u00edt\u011bzi, v&nbsp;dramatick\u00e9 bitv\u011b a\u017e posledn\u00ed spurt p\u0159inesl celkov\u00fd triumf Mat\u011bji Z\u00e1h\u00e1lkovi (Elkov Kasper), &nbsp;kdy\u017e o pouh\u00e9 dva body p\u0159edstihl do t\u00e9 doby vedouc\u00edho Vojt\u011bcha \u0158epu z&nbsp;Topforex \u2013 Lapierre Pro Cycling Teamu.<\/p>\n\n\n\n<p>&nbsp;\u201eNa\u0161i z\u00e1vodn\u00edci jezd\u00ed p\u0159es l\u00e9to pochopiteln\u011b silni\u010dn\u00ed z\u00e1vody a n\u011bkter\u00e9 ml\u00e1de\u017enick\u00e9 poh\u00e1ry nebyly uspo\u0159\u00e1d\u00e1ny podle na\u0161ich p\u0159edstav. Necht\u011bli jsme jen na nedostatky poukazovat, a proto jsme se rozhodli, \u017ee pom\u016f\u017eeme. V na\u0161em are\u00e1lu Komora se ji\u017e roky jezd\u00ed krit\u00e9rijn\u00ed T\u00e1borsk\u00e9 okruhy, letos jsme tam uspo\u0159\u00e1dali jeden z&nbsp;d\u00edl\u016f Techniserv Cupu a v&nbsp;p\u0159\u00ed\u0161t\u00edm roce jdeme je\u0161t\u011b v\u00fd\u0161e. Krom\u011b z\u00e1vodu Techniserv Cupu uspo\u0159\u00e1d\u00e1me i jeden d\u00edl \u0160koda Cupu,\u201c \u0159ekl jednatel spole\u010dnosti Agentura cyklistika Petr Balogh.<\/p>\n\n\n\n<p>V&nbsp;dopoledn\u00edch hodin\u00e1ch v&nbsp;Mlad\u00e9 Vo\u017eici bude o body bojovat ml\u00e1de\u017e a \u017eeny, odpoledne pot\u00e9 elitn\u00ed mu\u017ei. \u201eMysl\u00edm, \u017ee to bude jeden z&nbsp;nejt\u011b\u017e\u0161\u00edch z\u00e1vod\u016f \u0160koda Cupu, okruh bude opravdu n\u00e1ro\u010dn\u00fd,\u201c dodal Balogh.<\/p>\n\n\n\n<p>Program \u0160koda Cupu 2021:<\/p>\n\n\n\n<p>28. b\u0159ezna: Velk\u00e1 B\u00edte\u0161 &#8211; Brno &#8211; Velk\u00e1 B\u00edte\u0161 (po\u0159adatel TJ Favorit Brno)<\/p>\n\n\n\n<p>18. dubna: Kyjovsk\u00e9 Slov\u00e1cko (CK Dacom Pharma Kyjov)<\/p>\n\n\n\n<p>16. kv\u011btna: Mlad\u00e1 Vo\u017eice (Agentura cyklistika)<\/p>\n\n\n\n<p>17. \u010dervence: V4 Brno &#8211; Mikulov &#8211; Brno (\u010cSC)<\/p>\n\n\n\n<p>24. \u010dervence: Blatn\u00e1 (CK P\u0159\u00edbram)<\/p>\n\n\n\n<p>22. srpna: Hrabyn\u011b (SSK V\u00edtkovice)<\/p>\n\n\n\n<p>2. \u0159\u00edjna: Mlad\u00e1 Boleslav (\u010cesk\u00e1 Marketingov\u00e1 a.s.)<\/p>\n","protected":false},"excerpt":{"rendered":"<p>Kalend\u00e1\u0159 nejpresti\u017en\u011bj\u0161\u00edho silni\u010dn\u00edho seri\u00e1lu \u0160koda Cup zn\u00e1 svoji podobu pro p\u0159\u00ed\u0161t\u00ed rok. V\u00a0jeho programu je celkem sedm z\u00e1vod\u016f a v\u011bt\u0161ina z\u00a0nich na osv\u011bd\u010den\u00fdch trat\u00edch. Jedin\u00fdm nov\u00e1\u010dkem v\u00a0kalend\u00e1\u0159i je z\u00e1vod v\u00a0Mlad\u00e9 Vo\u017eici, jeho\u017e po\u0159adatelem je Agentura cyklistika z\u00a0T\u00e1bora, zn\u00e1ma p\u0159edev\u0161\u00edm z\u00a0aktivit cyklokrosov\u00fdch. Term\u00edny a m\u00edsta vybrala silni\u010dn\u00ed komise \u010cesk\u00e9ho svazu cyklistiky. Oproti leto\u0161ku doch\u00e1z\u00ed je\u0161t\u011b k\u00a0jedn\u00e9 [&hellip;]<\/p>\n","protected":false},"author":8,"featured_media":1366,"comment_status":"closed","ping_status":"open","sticky":false,"template":"","format":"standard","meta":{"footnotes":""},"categories":[2,18],"tags":[11],"class_list":["post-3009","post","type-post","status-publish","format-standard","has-post-thumbnail","hentry","category-novinky","category-silnice","tag-silnice"],"_links":{"self":[{"href":"https:\/\/www.czechcyclingfederation.com\/en\/wp-json\/wp\/v2\/posts\/3009","targetHints":{"allow":["GET"]}}],"collection":[{"href":"https:\/\/www.czechcyclingfederation.com\/en\/wp-json\/wp\/v2\/posts"}],"about":[{"href":"https:\/\/www.czechcyclingfederation.com\/en\/wp-json\/wp\/v2\/types\/post"}],"author":[{"embeddable":true,"href":"https:\/\/www.czechcyclingfederation.com\/en\/wp-json\/wp\/v2\/users\/8"}],"replies":[{"embeddable":true,"href":"https:\/\/www.czechcyclingfederation.com\/en\/wp-json\/wp\/v2\/comments?post=3009"}],"version-history":[{"count":1,"href":"https:\/\/www.czechcyclingfederation.com\/en\/wp-json\/wp\/v2\/posts\/3009\/revisions"}],"predecessor-version":[{"id":3010,"href":"https:\/\/www.czechcyclingfederation.com\/en\/wp-json\/wp\/v2\/posts\/3009\/revisions\/3010"}],"wp:featuredmedia":[{"embeddable":true,"href":"https:\/\/www.czechcyclingfederation.com\/en\/wp-json\/wp\/v2\/media\/1366"}],"wp:attachment":[{"href":"https:\/\/www.czechcyclingfederation.com\/en\/wp-json\/wp\/v2\/media?parent=3009"}],"wp:term":[{"taxonomy":"category","embeddable":true,"href":"https:\/\/www.czechcyclingfederation.com\/en\/wp-json\/wp\/v2\/categories?post=3009"},{"taxonomy":"post_tag","embeddable":true,"href":"https:\/\/www.czechcyclingfederation.com\/en\/wp-json\/wp\/v2\/tags?post=3009"}],"curies":[{"name":"wp","href":"https:\/\/api.w.org\/{rel}","templated":true}]}}