{"id":30043,"date":"2024-05-30T06:06:20","date_gmt":"2024-05-30T04:06:20","guid":{"rendered":"https:\/\/www.czechcyclingfederation.com\/?p=30043"},"modified":"2024-05-30T06:06:54","modified_gmt":"2024-05-30T04:06:54","slug":"zavod-miru-bude-pro-mlade-cyklisty-mezikrokem-do-svetove-spicky-favoritem-je-morgado","status":"publish","type":"post","link":"https:\/\/www.czechcyclingfederation.com\/en\/zavod-miru-bude-pro-mlade-cyklisty-mezikrokem-do-svetove-spicky-favoritem-je-morgado\/","title":{"rendered":"Z\u00e1vod m\u00edru bude pro mlad\u00e9 cyklisty mezikrokem do sv\u011btov\u00e9 \u0161pi\u010dky"},"content":{"rendered":"\n<p>Slavn\u00fd etapov\u00fd cyklistick\u00fd Z\u00e1vod m\u00edru se v leto\u0161n\u00ed sezon\u011b pojede od 30. kv\u011btna do 2. \u010dervna a\u202fbude pro mlad\u00e9 jezdce op\u011bt d\u016fle\u017eit\u00fdm krokem na cest\u011b do n\u011bkter\u00e9 ze st\u00e1j\u00ed World Tour. Velk\u00fdm adeptem na celkov\u00e9 v\u00edt\u011bzstv\u00ed by m\u011bla b\u00fdt vych\u00e1zej\u00edc\u00ed dvacetilet\u00e1 hv\u011bzda<strong> <\/strong>Ant\u00f3nio Morgado. Portugalec v\u202fbarv\u00e1ch elitn\u00ed formace UAE Emirates m\u00e1 u\u017e dv\u011b st\u0159\u00edbrn\u00e9 medaile z mistrovstv\u00ed sv\u011bta a byl p\u00e1t\u00fd ve slavn\u00e9m z\u00e1vodu Kolem Flander.\u00a0<br><\/p>\n\n\n\n<figure class=\"wp-block-image size-large\"><img loading=\"lazy\" decoding=\"async\" width=\"1024\" height=\"682\" src=\"https:\/\/www.czechcyclingfederation.com\/wp-content\/uploads\/2024\/05\/Leo_Konig_2-1024x682.jpg\" alt=\"\" class=\"wp-image-30044\" srcset=\"https:\/\/www.czechcyclingfederation.com\/wp-content\/uploads\/2024\/05\/Leo_Konig_2-1024x682.jpg 1024w, https:\/\/www.czechcyclingfederation.com\/wp-content\/uploads\/2024\/05\/Leo_Konig_2-300x200.jpg 300w, https:\/\/www.czechcyclingfederation.com\/wp-content\/uploads\/2024\/05\/Leo_Konig_2-768x512.jpg 768w, https:\/\/www.czechcyclingfederation.com\/wp-content\/uploads\/2024\/05\/Leo_Konig_2-1536x1024.jpg 1536w, https:\/\/www.czechcyclingfederation.com\/wp-content\/uploads\/2024\/05\/Leo_Konig_2-1320x880.jpg 1320w, https:\/\/www.czechcyclingfederation.com\/wp-content\/uploads\/2024\/05\/Leo_Konig_2.jpg 1940w\" sizes=\"auto, (max-width: 1024px) 100vw, 1024px\" \/><\/figure>\n\n\n\n<p>V minulosti v\u202fJesen\u00edk\u00e1ch z\u00e1vodili nap\u0159\u00edklad Tadej Poga\u010dar, Jonas Vingegaard \u010di Julian Alaphilippe, kte\u0159\u00ed aktu\u00e1ln\u011b pat\u0159\u00ed mezi nejv\u011bt\u0161\u00ed cyklistick\u00e9 hv\u011bzdy na sv\u011bt\u011b. A\u202flo\u0148sk\u00fd v\u00edt\u011bz Antoine Huby z Francie podepsal dvoulet\u00fd kontrakt v t\u00fdmu World Tour Soudal Quick-Step. Bitva pro n\u00e1rodn\u00ed reprezentace do t\u0159iadvaceti let se jezd\u00ed jako sou\u010d\u00e1st seri\u00e1lu elitn\u00edho Nations&#8217; Cup a p\u016fjde o jeden\u00e1ct\u00fd ro\u010dn\u00edk.\u00a0<br>\u00a0<br>\u201eP\u0159ijedou nejlep\u0161\u00ed mlad\u00ed cyklist\u00e9 sv\u011bta, kvalita bude na nejvy\u0161\u0161\u00ed \u00farovni. Jsem si jist, \u017ee p\u0159iv\u00edt\u00e1me n\u011bkterou z budouc\u00edch hv\u011bzd sv\u011btov\u00e9ho pelotonu. P\u0159ipravili jsme n\u00e1ro\u010dn\u00e9 trat\u011b v\u010detn\u011b stoup\u00e1n\u00ed na legend\u00e1rn\u00ed Dlouh\u00e9 str\u00e1n\u011b, celkov\u00e9 nadmo\u0159sk\u00e9 metry prov\u011b\u0159\u00ed jejich kvalitu. A j\u00e1 se samoz\u0159ejm\u011b t\u011b\u0161\u00edm na v\u00fdkony \u010desk\u00fdch talent\u016f,\u201c \u0159ekl \u0159editel z\u00e1vodu Leopold K\u00f6nig.\u00a0\u00a0<\/p>\n\n\n\n<p>\u00a0<br>Z tuzemsk\u00fdch cyklist\u016f p\u0159i Z\u00e1vodu m\u00edru startovali nap\u0159\u00edklad Mathias Vacek (kontrakt ve World Tour t\u00fdmu Lidl-Trek), Pavel Bittner (Team DSM firmenich PostNL), Petr Kelemen (Tudor PRO) \u010di\u202fMilan Kadlec (Development Team DSM firmenich), kter\u00fd bude na startu tak\u00e9 letos.\u00a0<\/p>\n\n\n\n<figure class=\"wp-block-image size-large\"><img loading=\"lazy\" decoding=\"async\" width=\"1024\" height=\"682\" src=\"https:\/\/www.czechcyclingfederation.com\/wp-content\/uploads\/2024\/05\/ZM_2-1024x682.jpg\" alt=\"\" class=\"wp-image-30046\" srcset=\"https:\/\/www.czechcyclingfederation.com\/wp-content\/uploads\/2024\/05\/ZM_2-1024x682.jpg 1024w, https:\/\/www.czechcyclingfederation.com\/wp-content\/uploads\/2024\/05\/ZM_2-300x200.jpg 300w, https:\/\/www.czechcyclingfederation.com\/wp-content\/uploads\/2024\/05\/ZM_2-768x512.jpg 768w, https:\/\/www.czechcyclingfederation.com\/wp-content\/uploads\/2024\/05\/ZM_2.jpg 1289w\" sizes=\"auto, (max-width: 1024px) 100vw, 1024px\" \/><\/figure>\n\n\n\n<p>\u00davodn\u00ed den povede z\u00e1vodn\u00edky z Krnova do Opavy a bude to na rozd\u00edl od posledn\u00edho ro\u010dn\u00edku plnohodnotn\u00e1 123 km dlouh\u00e1 etapa, nikoliv prolog. Dal\u0161\u00ed etapa z Uni\u010dova do R\u00fdma\u0159ova bude o 6 km krat\u0161\u00ed, ale v\u00fd\u0161kov\u00fdmi metry n\u00e1ro\u010dn\u011bj\u0161\u00ed. Kl\u00ed\u010dov\u00fd den \u010dek\u00e1 na cyklisty v sobotu, nebo\u0165 pojedou z Brunt\u00e1lu na Dlouh\u00e9 Str\u00e1n\u011b, na necel\u00fdch 100 kilometrech nastoupaj\u00ed 2\u202f156 v\u00fd\u0161kov\u00fdch metr\u016f. Fin\u00e1le ze \u0160umperka do Jesen\u00edku bude dlouh\u00e9 126 km s\u202fp\u0159ev\u00fd\u0161en\u00edm 2\u202f223 metr\u016f. Celkov\u011b cyklist\u00e9 zdolaj\u00ed 468 kilometr\u016f a 7\u202f981 v\u00fd\u0161kov\u00fdch metr\u016f. Z\u00e1vod m\u00edru je sou\u010d\u00e1st\u00ed Poh\u00e1ru n\u00e1rod\u016f, kter\u00fd pat\u0159\u00ed do nejvy\u0161\u0161\u00ed sv\u011btov\u00e9 kategorie z\u00e1vodn\u00edk\u016f do 23 let a jeho\u017e sou\u010d\u00e1st\u00ed je i francouzsk\u00fd Tour de l\u00b4Avenir \u010di Orlen Nations Grand Prix v Polsku.\u00a0<br>\u00a0<br>\u201eJedeme na tradi\u010dn\u00edch, ale i nov\u00fdch m\u00edstech. V\u00e1\u017e\u00edme si podpory m\u00edstn\u00edch, m\u011bst a kraj\u016f, proto\u017ee n\u00e1m v\u0161ichni hodn\u011b pom\u00e1haj\u00ed p\u0159ipravit trat\u011b a zajistit absolutn\u011b bezpe\u010dn\u00fd z\u00e1vod, co\u017e je pro n\u00e1s mimo\u0159\u00e1dn\u011b d\u016fle\u017eit\u00e9. Z\u00e1rove\u0148 se zavazujeme, \u017ee dopravu omez\u00edme na dobu nezbytn\u011b nutnou a uklid\u00edme po sob\u011b. Chceme b\u00fdt dobr\u00fdmi sousedy,\u201d sl\u00edbil Leopold K\u00f6nig. Pro div\u00e1ky p\u0159ipravuj\u00ed organiz\u00e1to\u0159i fan z\u00f3ny s programem pro cel\u00e9 rodiny jak ve startovn\u00edch, tak v\u202fc\u00edlov\u00fdch m\u011bstech.\u00a0<br>\u00a0<br>Krom\u011b Morgada by o nejvy\u0161\u0161\u00ed pozice m\u011bli bojovat dvacetilet\u00fd Francouz Paul Magnier (Soudal Quick Step), jeho krajan Alexy Faure Prost (Intermach\u00e9 Wanty), Nizozemec Darren van Bekkum (Visma-Lease a\u202fBike) \u010di Slovinec \u017dak Er\u017een (Bahrain Victorious). \u00a0<br>\u00a0<br>Fanou\u0161ky \u010dek\u00e1 tak\u00e9 bohat\u00fd doprovodn\u00fd program. Ve startovn\u00edch m\u011bstech uvid\u00ed p\u0159edstaven\u00ed t\u00fdm\u016f na p\u00f3diu i vlajkov\u00fd ceremoni\u00e1l, v\u202fc\u00edlov\u00fdch m\u011bstech budou krom\u011b slavnostn\u00edho vyhl\u00e1\u0161en\u00ed tak\u00e9 sout\u011b\u017ee, kulturn\u00ed vystoupen\u00ed \u010di rozhovory se zn\u00e1m\u00fdmi osobnostmi. \u00a0<\/p>\n\n\n\n<hr class=\"wp-block-separator has-alpha-channel-opacity\"\/>\n\n\n\n<p><strong>Program Z\u00e1vodu m\u00edru U23 \u2013 Grand prix Jesen\u00edky<\/strong>&nbsp;<\/p>\n\n\n\n<ul class=\"wp-block-list\">\n<li>1. etapa \u2013 30. kv\u011btna (start: 13:00, dojezd: 16:01): Krnov &#8211; Opava (123 km\/1739 v\u00fd\u0161kov\u00fdch metr\u016f).&nbsp;<\/li>\n\n\n\n<li>2. etapa \u2013 31. kv\u011btna (start: 13:30, dojezd: 16:20): Uni\u010dov &#8211; R\u00fdma\u0159ov (117 km\/1\u202f863 v\u00fd\u0161kov\u00fdch metr\u016f).&nbsp;<\/li>\n\n\n\n<li>3. etapa \u2013 1. \u010dervna (start: 12:00, dojezd: 14:25): Brunt\u00e1l \u2013 Dlouh\u00e9 Str\u00e1n\u011b (99 km\/2\u202f156 v\u00fd\u0161kov\u00fdch metr\u016f).&nbsp;<\/li>\n\n\n\n<li>4. etapa \u2013 2. \u010dervna (start: 10:30, dojezd: 13:34): \u0160umperk \u2013 Jesen\u00edk (126 km\/2\u202f223 metr\u016f).&nbsp;<\/li>\n<\/ul>\n","protected":false},"excerpt":{"rendered":"<p>Slavn\u00fd etapov\u00fd cyklistick\u00fd Z\u00e1vod m\u00edru se v leto\u0161n\u00ed sezon\u011b pojede od 30. kv\u011btna do 2. \u010dervna a\u202fbude pro mlad\u00e9 jezdce op\u011bt d\u016fle\u017eit\u00fdm krokem na cest\u011b do n\u011bkter\u00e9 ze st\u00e1j\u00ed World Tour. Velk\u00fdm adeptem na celkov\u00e9 v\u00edt\u011bzstv\u00ed by m\u011bla b\u00fdt vych\u00e1zej\u00edc\u00ed dvacetilet\u00e1 hv\u011bzda Ant\u00f3nio Morgado. Portugalec v\u202fbarv\u00e1ch elitn\u00ed formace UAE Emirates m\u00e1 u\u017e dv\u011b st\u0159\u00edbrn\u00e9 medaile [&hellip;]<\/p>\n","protected":false},"author":2,"featured_media":30048,"comment_status":"closed","ping_status":"open","sticky":false,"template":"","format":"standard","meta":{"footnotes":""},"categories":[2,18],"tags":[11],"class_list":["post-30043","post","type-post","status-publish","format-standard","has-post-thumbnail","hentry","category-novinky","category-silnice","tag-silnice"],"_links":{"self":[{"href":"https:\/\/www.czechcyclingfederation.com\/en\/wp-json\/wp\/v2\/posts\/30043","targetHints":{"allow":["GET"]}}],"collection":[{"href":"https:\/\/www.czechcyclingfederation.com\/en\/wp-json\/wp\/v2\/posts"}],"about":[{"href":"https:\/\/www.czechcyclingfederation.com\/en\/wp-json\/wp\/v2\/types\/post"}],"author":[{"embeddable":true,"href":"https:\/\/www.czechcyclingfederation.com\/en\/wp-json\/wp\/v2\/users\/2"}],"replies":[{"embeddable":true,"href":"https:\/\/www.czechcyclingfederation.com\/en\/wp-json\/wp\/v2\/comments?post=30043"}],"version-history":[{"count":2,"href":"https:\/\/www.czechcyclingfederation.com\/en\/wp-json\/wp\/v2\/posts\/30043\/revisions"}],"predecessor-version":[{"id":30051,"href":"https:\/\/www.czechcyclingfederation.com\/en\/wp-json\/wp\/v2\/posts\/30043\/revisions\/30051"}],"wp:featuredmedia":[{"embeddable":true,"href":"https:\/\/www.czechcyclingfederation.com\/en\/wp-json\/wp\/v2\/media\/30048"}],"wp:attachment":[{"href":"https:\/\/www.czechcyclingfederation.com\/en\/wp-json\/wp\/v2\/media?parent=30043"}],"wp:term":[{"taxonomy":"category","embeddable":true,"href":"https:\/\/www.czechcyclingfederation.com\/en\/wp-json\/wp\/v2\/categories?post=30043"},{"taxonomy":"post_tag","embeddable":true,"href":"https:\/\/www.czechcyclingfederation.com\/en\/wp-json\/wp\/v2\/tags?post=30043"}],"curies":[{"name":"wp","href":"https:\/\/api.w.org\/{rel}","templated":true}]}}