{"id":29973,"date":"2024-05-26T18:53:06","date_gmt":"2024-05-26T16:53:06","guid":{"rendered":"https:\/\/www.czechcyclingfederation.com\/?p=29973"},"modified":"2024-05-26T18:53:08","modified_gmt":"2024-05-26T16:53:08","slug":"neuzil-vyhral-treti-i-ctvrty-poharovy-zavod-bikrosaru","status":"publish","type":"post","link":"https:\/\/www.czechcyclingfederation.com\/en\/neuzil-vyhral-treti-i-ctvrty-poharovy-zavod-bikrosaru\/","title":{"rendered":"Neu\u017eil vyhr\u00e1l t\u0159et\u00ed i \u010dtvrt\u00fd poh\u00e1rov\u00fd z\u00e1vod bikrosa\u0159\u016f"},"content":{"rendered":"\n<p>T\u0159et\u00ed a \u010dtvrt\u00fd z\u00e1vod seri\u00e1lu Sazka &#8211; \u010cesk\u00e9ho poh\u00e1ru v bikrosu, kter\u00e9 se jely na trati v Praze-\u0158ep\u00edch, vyhr\u00e1l nejlep\u0161\u00ed \u010desk\u00fd jezdec Marek Neu\u017eil z TJ Slovan Bohnice-BMX. Prvn\u00ed dva z\u00e1vody v\u0161ak vynechal pro zran\u011bn\u00ed, tak\u017ee v pr\u016fb\u011b\u017en\u00e9m hodnocen\u00ed mu pat\u0159\u00ed a\u017e sedm\u00e9 m\u00edsto.<\/p>\n\n\n\n<p>Celkov\u011b vede tentokr\u00e1t druh\u00fd a \u0161est\u00fd Mat\u011bj Linhart (Bike team Uni\u010dov) se 153 body, o jedin\u00fd bod p\u0159ed Jakubem Klementem (SK Jantar Opava), t\u0159et\u00ed je o dal\u0161\u00edch deset bod\u016f zp\u011bt Old\u0159ich Chudoba (Bikrosclub \u0158epy). Oba juniorsk\u00e9 z\u00e1vody v \u0158ep\u00edch se staly ko\u0159ist\u00ed Tom\u00e1\u0161e Veseck\u00e9ho (SC BMX Ben\u00e1tky).<\/p>\n\n\n\n<figure class=\"wp-block-image size-large\"><img loading=\"lazy\" decoding=\"async\" width=\"1024\" height=\"682\" src=\"http:\/\/www.czechcyclingfederation.com\/wp-content\/uploads\/2024\/05\/9YwFW5TQ-1024x682.jpeg\" alt=\"\" class=\"wp-image-29976\" srcset=\"https:\/\/www.czechcyclingfederation.com\/wp-content\/uploads\/2024\/05\/9YwFW5TQ-1024x682.jpeg 1024w, https:\/\/www.czechcyclingfederation.com\/wp-content\/uploads\/2024\/05\/9YwFW5TQ-300x200.jpeg 300w, https:\/\/www.czechcyclingfederation.com\/wp-content\/uploads\/2024\/05\/9YwFW5TQ-768x511.jpeg 768w, https:\/\/www.czechcyclingfederation.com\/wp-content\/uploads\/2024\/05\/9YwFW5TQ-1536x1022.jpeg 1536w, https:\/\/www.czechcyclingfederation.com\/wp-content\/uploads\/2024\/05\/9YwFW5TQ-1320x878.jpeg 1320w, https:\/\/www.czechcyclingfederation.com\/wp-content\/uploads\/2024\/05\/9YwFW5TQ.jpeg 2048w\" sizes=\"auto, (max-width: 1024px) 100vw, 1024px\" \/><\/figure>\n\n\n\n<p>&#8220;V\u00edkend mi ur\u010dit\u011b spravil n\u00e1ladu po nepoveden\u00e9m sv\u011btov\u00e9m \u0161ampion\u00e1tu. Je to povzbuzen\u00ed p\u0159ed evropsk\u00fdm \u0161ampion\u00e1tem p\u0159\u00ed\u0161t\u00ed t\u00fdden v italsk\u00e9 Veron\u011b. Na ME se t\u011b\u0161\u00edm hodn\u011b, letos jsem toho moc neodz\u00e1vodil. R\u00e1d bych obh\u00e1jil lo\u0148sk\u00fd v\u00fdsledek, nejl\u00e9pe ho je\u0161t\u011b vylep\u0161il,&#8221; \u0159ekl Marek Neu\u017eil, kter\u00fd p\u0159ed rokem skon\u010dil na p\u00e1t\u00e9m m\u00edst\u011b. &#8220;Tra\u0165 ve Veron\u011b mi asi sed\u00ed nejl\u00e9pe ze v\u0161ech evropsk\u00fdch drah, proto m\u00e1m tak\u00e9 vysok\u00e9 o\u010dek\u00e1v\u00e1n\u00ed,&#8221; dodal Neu\u017eil.<\/p>\n\n\n\n<p>V\u00fdsledky:<\/p>\n\n\n\n<p>3. z\u00e1vod:<\/p>\n\n\n\n<p>Junio\u0159i:<\/p>\n\n\n\n<p>1. J. Veseck\u00fd (SC BMX Ben\u00e1tky), 2. Weiss (Bikrosclub \u0158epy), 3. Ko\u0159\u00ednek (oba Bikrosclub \u0158epy).<\/p>\n\n\n\n<p>Mu\u017ei elite a U23:<\/p>\n\n\n\n<p>1. Neu\u017eil (TJ Slovan Bohnice-BMX), 2. Linhart (Bike team Uni\u010dov), 3. J. Cidlinsk\u00fd (SC BMX Ben\u00e1tky), 4. Klement (SK Jantar Opava), 5. Huf (Utopia bikes Z\u00e1b\u0159eh), 6. Chudoba (Bikrosclub \u0158epy).<\/p>\n\n\n\n<p>4. z\u00e1vod:<\/p>\n\n\n\n<p>Junio\u0159i:<\/p>\n\n\n\n<p>1. J. Veseck\u00fd, 2. Ko\u0159\u00ednek, 3. Weis.<\/p>\n\n\n\n<p>Po\u0159ad\u00ed po \u010dty\u0159ech ze \u0161esti z\u00e1vod\u016f:<\/p>\n\n\n\n<p>1. J. Veseck\u00fd 158, 2. L. Veseck\u00fd (SC BMX Ben\u00e1tky) 116, 3. Petru\u0161 (TJ Slovan Bohnice-BMX) 110.<\/p>\n\n\n\n<p>Mu\u017ei elite a U23:<\/p>\n\n\n\n<p>1. Neu\u017eil, 2. Klement, 3. Cidlinsk\u00fd, 4. Chudoba, 5. Chalupn\u00fd (Bike team Uni\u010dov), 6.&nbsp; Linhart.<\/p>\n\n\n\n<p>Po\u0159ad\u00ed po \u010dty\u0159ech ze \u0161esti z\u00e1vod\u016f:<\/p>\n\n\n\n<p>1.Linhart 153, 2. Klement 152, 3. Chudoba 142, 4. Huf 117, 5. Gruntor\u00e1d (TJ BMX Pardubice) 115, 6. Polesn\u00fd (Bikrosclub \u0158epy) 94, 7. Neu\u017eil 92.<\/p>\n\n\n\n<figure class=\"wp-block-image size-large\"><img loading=\"lazy\" decoding=\"async\" width=\"1024\" height=\"682\" src=\"http:\/\/www.czechcyclingfederation.com\/wp-content\/uploads\/2024\/05\/pYZ_wRfg-1-1024x682.jpeg\" alt=\"\" class=\"wp-image-29978\" srcset=\"https:\/\/www.czechcyclingfederation.com\/wp-content\/uploads\/2024\/05\/pYZ_wRfg-1-1024x682.jpeg 1024w, https:\/\/www.czechcyclingfederation.com\/wp-content\/uploads\/2024\/05\/pYZ_wRfg-1-300x200.jpeg 300w, https:\/\/www.czechcyclingfederation.com\/wp-content\/uploads\/2024\/05\/pYZ_wRfg-1-768x511.jpeg 768w, https:\/\/www.czechcyclingfederation.com\/wp-content\/uploads\/2024\/05\/pYZ_wRfg-1-1536x1022.jpeg 1536w, https:\/\/www.czechcyclingfederation.com\/wp-content\/uploads\/2024\/05\/pYZ_wRfg-1-1320x878.jpeg 1320w, https:\/\/www.czechcyclingfederation.com\/wp-content\/uploads\/2024\/05\/pYZ_wRfg-1.jpeg 2048w\" sizes=\"auto, (max-width: 1024px) 100vw, 1024px\" \/><\/figure>\n\n\n\n<p>FOTO Anton\u00edn Pekr<\/p>\n","protected":false},"excerpt":{"rendered":"<p>T\u0159et\u00ed a \u010dtvrt\u00fd z\u00e1vod seri\u00e1lu Sazka &#8211; \u010cesk\u00e9ho poh\u00e1ru v bikrosu, kter\u00e9 se jely na trati v Praze-\u0158ep\u00edch, vyhr\u00e1l nejlep\u0161\u00ed \u010desk\u00fd jezdec Marek Neu\u017eil z TJ Slovan Bohnice-BMX. Prvn\u00ed dva z\u00e1vody v\u0161ak vynechal pro zran\u011bn\u00ed, tak\u017ee v pr\u016fb\u011b\u017en\u00e9m hodnocen\u00ed mu pat\u0159\u00ed a\u017e sedm\u00e9 m\u00edsto. Celkov\u011b vede tentokr\u00e1t druh\u00fd a \u0161est\u00fd Mat\u011bj Linhart (Bike team Uni\u010dov) [&hellip;]<\/p>\n","protected":false},"author":8,"featured_media":29980,"comment_status":"closed","ping_status":"open","sticky":false,"template":"","format":"standard","meta":{"footnotes":""},"categories":[57,2],"tags":[55],"class_list":["post-29973","post","type-post","status-publish","format-standard","has-post-thumbnail","hentry","category-bmx","category-novinky","tag-bmx"],"_links":{"self":[{"href":"https:\/\/www.czechcyclingfederation.com\/en\/wp-json\/wp\/v2\/posts\/29973","targetHints":{"allow":["GET"]}}],"collection":[{"href":"https:\/\/www.czechcyclingfederation.com\/en\/wp-json\/wp\/v2\/posts"}],"about":[{"href":"https:\/\/www.czechcyclingfederation.com\/en\/wp-json\/wp\/v2\/types\/post"}],"author":[{"embeddable":true,"href":"https:\/\/www.czechcyclingfederation.com\/en\/wp-json\/wp\/v2\/users\/8"}],"replies":[{"embeddable":true,"href":"https:\/\/www.czechcyclingfederation.com\/en\/wp-json\/wp\/v2\/comments?post=29973"}],"version-history":[{"count":1,"href":"https:\/\/www.czechcyclingfederation.com\/en\/wp-json\/wp\/v2\/posts\/29973\/revisions"}],"predecessor-version":[{"id":29982,"href":"https:\/\/www.czechcyclingfederation.com\/en\/wp-json\/wp\/v2\/posts\/29973\/revisions\/29982"}],"wp:featuredmedia":[{"embeddable":true,"href":"https:\/\/www.czechcyclingfederation.com\/en\/wp-json\/wp\/v2\/media\/29980"}],"wp:attachment":[{"href":"https:\/\/www.czechcyclingfederation.com\/en\/wp-json\/wp\/v2\/media?parent=29973"}],"wp:term":[{"taxonomy":"category","embeddable":true,"href":"https:\/\/www.czechcyclingfederation.com\/en\/wp-json\/wp\/v2\/categories?post=29973"},{"taxonomy":"post_tag","embeddable":true,"href":"https:\/\/www.czechcyclingfederation.com\/en\/wp-json\/wp\/v2\/tags?post=29973"}],"curies":[{"name":"wp","href":"https:\/\/api.w.org\/{rel}","templated":true}]}}