{"id":2995,"date":"2020-12-02T12:47:29","date_gmt":"2020-12-02T11:47:29","guid":{"rendered":"http:\/\/www.czechcyclingfederation.com\/?p=2995"},"modified":"2020-12-02T12:47:29","modified_gmt":"2020-12-02T11:47:29","slug":"elkov-kasper-posilili-petr-kelemen-a-jakub-toupalik","status":"publish","type":"post","link":"https:\/\/www.czechcyclingfederation.com\/en\/elkov-kasper-posilili-petr-kelemen-a-jakub-toupalik\/","title":{"rendered":"Elkov Kasper pos\u00edlili Petr Kelemen a Jakub \u0164oupal\u00edk"},"content":{"rendered":"\n<p>Dresy profesion\u00e1ln\u00ed cyklistick\u00e9 st\u00e1je Elkov Kasper bude i v sez\u00f3n\u011b 2021 nosit des\u00edtka z\u00e1vodn\u00edk\u016f. V t\u00fdmu pokra\u010duj\u00ed Adam \u0164oupal\u00edk, Jakub Otruba, Dominik Neuman, Michal Schlegel, Mat\u011bj Zah\u00e1lka, Michael Kukrle i zku\u0161en\u00ed t\u0159ic\u00e1tn\u00edci Alois Ka\u0148kovsk\u00fd a Jan B\u00e1rta. Nov\u00fdmi tv\u00e1\u0159emi budou mlad\u00edci Petr Kelemen a Jakub \u0164oupal\u00edk. Franti\u0161ek Sisr po ukon\u010den\u00ed z\u00e1vodn\u00ed kari\u00e9ry z\u016fstane \u010dlenem kr\u00e1lov\u00e9hradeck\u00e9ho t\u00fdmu a bude pro z\u00e1vodn\u00edky pracovat jako mechanik. Sestavu tak opou\u0161t\u00ed pouze Karel Hn\u00edk.<\/p>\n\n\n\n<p>Jezdci Elkov Kasper se 1. prosince se\u0161li na \u00favodn\u00edm spole\u010dn\u00e9m soust\u0159ed\u011bn\u00ed p\u0159ed nadch\u00e1zej\u00edc\u00ed sez\u00f3nou v sestav\u011b, v n\u00ed\u017e se objevuj\u00ed dv\u011b nov\u00e1 jm\u00e9na. Z CCC Development Team p\u0159i\u0161el dvacetilet\u00fd Petr Kelemen, kter\u00fd si v roce 2020 p\u0159ipsal \u00fa\u010dast na evropsk\u00e9m \u0161ampion\u00e1tu a z \u010dasovky kategorie U23 na mistrovstv\u00ed \u010cR m\u00e1 doma st\u0159\u00edbrnou medaili. Tehdy Kelemena porazil pouze Jakub Otruba, kter\u00fd bude od p\u0159\u00ed\u0161t\u00ed sez\u00f3ny bojovat v kategorii Elite. Druhou posilou hradeck\u00e9 st\u00e1je je bratr Adama \u0164oupal\u00edka, Jakub. Ten se v 19 letech st\u00e1v\u00e1 benjam\u00ednkem t\u00fdmu, do kter\u00e9ho p\u0159i\u0161el z Topforex Lapierre Pro Cycling Team.<\/p>\n\n\n\n<p>\u201eB\u011bhem t\u0159\u00eddenn\u00edho setk\u00e1n\u00ed t\u00fdmu prob\u00edr\u00e1me pl\u00e1n z\u00e1vod\u016f a soust\u0159ed\u011bn\u00ed na rok 2021, z\u00e1rove\u0148 jezdci absolvuj\u00ed v\u00fdkonnostn\u00ed testy na trena\u017eerech. Postupn\u011b tak\u00e9 oslovujeme po\u0159adatele z\u00e1vod\u016f a tvo\u0159\u00edme kalend\u00e1\u0159, kdy u\u017e te\u010f v\u00edme, \u017ee na \u00favod sez\u00f3ny pojedeme v b\u0159eznu UCI z\u00e1vody v Chorvatsku, ve Slovinsku a \u010dek\u00e1 n\u00e1s Tour de Normandie ve Francii,\u201c p\u0159ibl\u00ed\u017eil aktu\u00e1ln\u00ed i dlouhodob\u00e9 pl\u00e1ny t\u00fdmu sportovn\u00ed \u0159editel Vladim\u00edr V\u00e1vra.<\/p>\n\n\n\n<p>\u201eOd nov\u00fdch jezdc\u016f bychom cht\u011bli, aby se prosadili v kategorii do 23 let na starty na mistrovstv\u00ed sv\u011bta a Evropy. Maj\u00ed na to, aby pat\u0159ili mezi absolutn\u00ed \u0161pi\u010dku v t\u00e9to kategorii, kdy v \u010desk\u00e9m m\u011b\u0159\u00edtku u\u017e tam oba pat\u0159\u00ed a je t\u0159eba se posunout d\u00e1l. Petr Kelemen je schopn\u00fd zajet v\u00fdborn\u011b \u010dasovku, tak\u017ee se budeme sna\u017eit, aby v t\u00e9to discipl\u00edn\u011b z\u00edskal pozici \u010desk\u00e9 jedni\u010dky. Jakub \u0164oupal\u00edk v z\u00e1v\u011bru sez\u00f3ny po p\u00e1du tolik nez\u00e1vodil, ale te\u010f u\u017e je v po\u0159\u00e1dku. Jde o univerz\u00e1ln\u00edho z\u00e1vodn\u00edka, kter\u00fd by se m\u011bl b\u00fdt schopn\u00fd prosazovat v kopc\u00edch,\u201c dodal mana\u017eer t\u00fdmu V\u00e1vra.<\/p>\n\n\n\n<p>Pro Petra Kelemena je p\u0159estup do Elkov Kasper velkou v\u00fdzvou. \u201eNov\u00fd t\u00fdm, nov\u00e9 z\u00e1vody a nov\u00ed z\u00e1vodn\u00edci \u2013 na to se opravdu t\u011b\u0161\u00edm. V\u011b\u0159\u00edm, \u017ee naberu spoustu zku\u0161enost\u00ed, proto\u017ee spolu s Kubou \u0164oupal\u00edkem budeme nejmlad\u0161\u00edmi \u010dleny sestavy a v hradeck\u00e9 st\u00e1ji je od koho \u010derpat. Budu v jednom t\u00fdmu s Aloisem Ka\u0148kovsk\u00fdm nebo Janem B\u00e1rtou, od kter\u00fdch se toho chci hodn\u011b nau\u010dit. Nav\u00edc, jako druh\u00fd nejlep\u0161\u00ed kontinent\u00e1ln\u00ed t\u00fdm budeme m\u00edt kvalitn\u00ed z\u00e1vodn\u00ed program. D\u00edky tomu se m\u016f\u017eu v\u00fdkonnostn\u011b hodn\u011b posunout. V p\u0159edchoz\u00edm anga\u017em\u00e1 jsem m\u011bl volnou ruku pro individu\u00e1ln\u00ed tr\u00e9nink a jen na soust\u0159ed\u011bn\u00ed a na z\u00e1vody jsme jezdili spole\u010dn\u011b. Te\u010f v \u010desk\u00e9m t\u00fdmu budeme \u010dast\u011bji tr\u00e9novat ve skupin\u011b, komunikace bude jednodu\u0161\u0161\u00ed a z domova z Prahy to m\u00e1m do Hradce Kr\u00e1lov\u00e9 kousek, tak\u017ee u\u0161et\u0159\u00edm spoustu \u010dasu i energie, oproti doj\u00ed\u017ed\u011bn\u00ed do polsk\u00fdch Polkowic.\u201c<\/p>\n\n\n\n<p>C\u00edlem Petra Kelemena je nominace na mistrovstv\u00ed Evropy a sv\u011bta v kategorii U23. \u201eMus\u00edm zapracovat na \u010dasovce. Letos jsem byl mezi t\u0159iadvac\u00edtk\u00e1\u0159i druh\u00fd na dom\u00e1c\u00edm \u0161ampion\u00e1tu, ale z junior\u016f p\u0159i\u0161li dva siln\u00ed \u010dasovk\u00e1\u0159i se zku\u0161enostmi ze zahrani\u010dn\u00edch z\u00e1vod\u016f Mathias Vacek a Pavel Bittner, tak\u017ee o nominaci budu muset zabojovat. Pozitivn\u00ed je, \u017ee pokud se v takto siln\u00e9 konkurenci prosad\u00edm, m\u016f\u017eu v\u011b\u0159it v p\u011bkn\u00fd v\u00fdsledek na mezin\u00e1rodn\u00ed sc\u00e9n\u011b,\u201c uv\u011bdomuje si dvacetilet\u00fd cyklista.<\/p>\n\n\n\n<p>Pro o rok mlad\u0161\u00edho Jakuba \u0164oupal\u00edka m\u00e1 p\u0159estup k hradeck\u00e9mu t\u00fdmu osobn\u00ed rozm\u011br. \u201ePro m\u011b je Elkov Kasper velk\u00fd krok dop\u0159edu, proto\u017ee jde o jeden z nejlep\u0161\u00edch kontinent\u00e1ln\u00edch t\u00fdm\u016f v Evrop\u011b. Jako velk\u00e9 pozitivum beru to, \u017ee s v\u011bt\u0161inou kluk\u016f z t\u00fdmu se zn\u00e1m a nav\u00edc je tady m\u016fj bratr Adam. Bydl\u00edme spole\u010dn\u011b, u\u017e letos jsme spolu na tr\u00e9ninku str\u00e1vili stovky hodin, a to, \u017ee budeme z\u00e1vodit v jednom t\u00fdmu, je takov\u00fd bonus. Adam m\u00e1 mistrovsk\u00fd dres, co\u017e je reklama pro n\u00e1s v\u0161echny. Nejen pro t\u00fdm, ale i pro na\u0161i rodinu. V\u011b\u0159\u00edm, \u017ee si v z\u00e1vodech m\u016f\u017eeme i vz\u00e1jemn\u011b pom\u00e1hat a posouvat se t\u00edm d\u00e1l.\u201c<\/p>\n\n\n\n<p>U\u017e v lednu a \u00fanoru se kompletn\u00ed z\u00e1vodn\u00ed i realiza\u010dn\u00ed t\u00fdm Elkov Kasper sejde na soust\u0159ed\u011bn\u00ed ve \u0161pan\u011blsk\u00e9m Calpe. Do t\u00e9 doby z\u00e1vodn\u00edci absolvuj\u00ed individu\u00e1ln\u00ed p\u0159\u00edpravu, na kterou bude dohl\u00ed\u017eet tren\u00e9r Otakar Fiala.<\/p>\n\n\n\n<p>TZ FOTO Elkov Kasper<\/p>\n\n\n\n<figure class=\"wp-block-image size-large\"><img loading=\"lazy\" decoding=\"async\" width=\"1024\" height=\"768\" src=\"https:\/\/www.czechcyclingfederation.com\/wp-content\/uploads\/2020\/12\/Schlegel-Kelemen-A.-\u0164oupal\u00edk-J.-\u0164oupal\u00edk.jpeg\" alt=\"\" class=\"wp-image-2998\" srcset=\"https:\/\/www.czechcyclingfederation.com\/wp-content\/uploads\/2020\/12\/Schlegel-Kelemen-A.-\u0164oupal\u00edk-J.-\u0164oupal\u00edk.jpeg 1024w, https:\/\/www.czechcyclingfederation.com\/wp-content\/uploads\/2020\/12\/Schlegel-Kelemen-A.-\u0164oupal\u00edk-J.-\u0164oupal\u00edk-267x200.jpeg 267w, https:\/\/www.czechcyclingfederation.com\/wp-content\/uploads\/2020\/12\/Schlegel-Kelemen-A.-\u0164oupal\u00edk-J.-\u0164oupal\u00edk-768x576.jpeg 768w\" sizes=\"auto, (max-width: 1024px) 100vw, 1024px\" \/><\/figure>\n","protected":false},"excerpt":{"rendered":"<p>Dresy profesion\u00e1ln\u00ed cyklistick\u00e9 st\u00e1je Elkov Kasper bude i v sez\u00f3n\u011b 2021 nosit des\u00edtka z\u00e1vodn\u00edk\u016f. V t\u00fdmu pokra\u010duj\u00ed Adam \u0164oupal\u00edk, Jakub Otruba, Dominik Neuman, Michal Schlegel, Mat\u011bj Zah\u00e1lka, Michael Kukrle i zku\u0161en\u00ed t\u0159ic\u00e1tn\u00edci Alois Ka\u0148kovsk\u00fd a Jan B\u00e1rta. Nov\u00fdmi tv\u00e1\u0159emi budou mlad\u00edci Petr Kelemen a Jakub \u0164oupal\u00edk. Franti\u0161ek Sisr po ukon\u010den\u00ed z\u00e1vodn\u00ed kari\u00e9ry z\u016fstane \u010dlenem kr\u00e1lov\u00e9hradeck\u00e9ho [&hellip;]<\/p>\n","protected":false},"author":8,"featured_media":2996,"comment_status":"closed","ping_status":"open","sticky":false,"template":"","format":"standard","meta":{"footnotes":""},"categories":[2,18],"tags":[11],"class_list":["post-2995","post","type-post","status-publish","format-standard","has-post-thumbnail","hentry","category-novinky","category-silnice","tag-silnice"],"_links":{"self":[{"href":"https:\/\/www.czechcyclingfederation.com\/en\/wp-json\/wp\/v2\/posts\/2995","targetHints":{"allow":["GET"]}}],"collection":[{"href":"https:\/\/www.czechcyclingfederation.com\/en\/wp-json\/wp\/v2\/posts"}],"about":[{"href":"https:\/\/www.czechcyclingfederation.com\/en\/wp-json\/wp\/v2\/types\/post"}],"author":[{"embeddable":true,"href":"https:\/\/www.czechcyclingfederation.com\/en\/wp-json\/wp\/v2\/users\/8"}],"replies":[{"embeddable":true,"href":"https:\/\/www.czechcyclingfederation.com\/en\/wp-json\/wp\/v2\/comments?post=2995"}],"version-history":[{"count":1,"href":"https:\/\/www.czechcyclingfederation.com\/en\/wp-json\/wp\/v2\/posts\/2995\/revisions"}],"predecessor-version":[{"id":2999,"href":"https:\/\/www.czechcyclingfederation.com\/en\/wp-json\/wp\/v2\/posts\/2995\/revisions\/2999"}],"wp:featuredmedia":[{"embeddable":true,"href":"https:\/\/www.czechcyclingfederation.com\/en\/wp-json\/wp\/v2\/media\/2996"}],"wp:attachment":[{"href":"https:\/\/www.czechcyclingfederation.com\/en\/wp-json\/wp\/v2\/media?parent=2995"}],"wp:term":[{"taxonomy":"category","embeddable":true,"href":"https:\/\/www.czechcyclingfederation.com\/en\/wp-json\/wp\/v2\/categories?post=2995"},{"taxonomy":"post_tag","embeddable":true,"href":"https:\/\/www.czechcyclingfederation.com\/en\/wp-json\/wp\/v2\/tags?post=2995"}],"curies":[{"name":"wp","href":"https:\/\/api.w.org\/{rel}","templated":true}]}}