{"id":29915,"date":"2024-05-23T06:54:14","date_gmt":"2024-05-23T04:54:14","guid":{"rendered":"https:\/\/www.czechcyclingfederation.com\/?p=29915"},"modified":"2024-05-23T06:54:17","modified_gmt":"2024-05-23T04:54:17","slug":"tour-de-feminin-2024-na-startu-budeme-mit-opet-plno","status":"publish","type":"post","link":"https:\/\/www.czechcyclingfederation.com\/en\/tour-de-feminin-2024-na-startu-budeme-mit-opet-plno\/","title":{"rendered":"Tour de Feminin 2024 \u2013 Na startu budeme m\u00edt op\u011bt plno"},"content":{"rendered":"\n<p><strong>Cyklistick\u00fd etapov\u00fd z\u00e1vod \u017een Tour de Feminin v okol\u00ed severo\u010desk\u00e9 Kr\u00e1sn\u00e9 L\u00edpy nap\u00ed\u0161e letos v kv\u011btnu svou 35. kapitolu. Podnik, kter\u00fd se poprv\u00e9 jel v roce 1988, je u\u017e roky pevnou sou\u010d\u00e1st\u00ed mezin\u00e1rodn\u00edho kalend\u00e1\u0159e. Je za\u0159azen do kategorie UCI Women Elite 2.2. Leto\u0161n\u00ed ro\u010dn\u00edk startuje ve \u010dtvrtek 23.kv\u011btna v Kr\u00e1sn\u00e9 L\u00edp\u011b \u010dasovkou, v ned\u011bli odpoledne na stejn\u00e9m m\u00edst\u011b z\u00e1vod po 4 etap\u00e1ch vyvrchol\u00ed.<\/strong><\/p>\n\n\n\n<figure class=\"wp-block-image size-large\"><img loading=\"lazy\" decoding=\"async\" width=\"1024\" height=\"682\" src=\"https:\/\/www.czechcyclingfederation.com\/wp-content\/uploads\/2024\/05\/JT_6336-small-foto-jakub-trmal-1024x682.jpg\" alt=\"\" class=\"wp-image-29916\" srcset=\"https:\/\/www.czechcyclingfederation.com\/wp-content\/uploads\/2024\/05\/JT_6336-small-foto-jakub-trmal-1024x682.jpg 1024w, https:\/\/www.czechcyclingfederation.com\/wp-content\/uploads\/2024\/05\/JT_6336-small-foto-jakub-trmal-300x200.jpg 300w, https:\/\/www.czechcyclingfederation.com\/wp-content\/uploads\/2024\/05\/JT_6336-small-foto-jakub-trmal-768x512.jpg 768w, https:\/\/www.czechcyclingfederation.com\/wp-content\/uploads\/2024\/05\/JT_6336-small-foto-jakub-trmal-1320x880.jpg 1320w, https:\/\/www.czechcyclingfederation.com\/wp-content\/uploads\/2024\/05\/JT_6336-small-foto-jakub-trmal.jpg 1400w\" sizes=\"auto, (max-width: 1024px) 100vw, 1024px\" \/><\/figure>\n\n\n\n<p>Leto\u0161n\u00ed ro\u010dn\u00edk se podruh\u00e9 za sebou kon\u00e1 v kv\u011btnov\u00e9m term\u00ednu, p\u0159edt\u00edm se jezd\u00edval v\u017edy o letn\u00edch pr\u00e1zdnin\u00e1ch.<\/p>\n\n\n\n<p>\u201cKv\u011bten je rozhodn\u011b lep\u0161\u00ed z hlediska ubytov\u00e1n\u00ed, proto\u017ee p\u016fvodn\u00ed \u010dervencov\u00fd term\u00edn \u010dasto kolidoval s turisty, kte\u0159\u00ed do v\u00fdb\u011b\u017eku vyraz\u00ed na dovolen\u00e9,\u201d \u0159\u00edk\u00e1 \u0159editelka z\u00e1vodu Simona Dav\u00eddkov\u00e1.&nbsp;<\/p>\n\n\n\n<p>D\u00e1le p\u0159ibli\u017euje situaci s registracemi \u201cN\u00e1\u0161 term\u00edn se kryje s lond\u00fdnsk\u00fdm \u017eensk\u00fdm z\u00e1vodem ProTour, co\u017e znamenalo zru\u0161en\u00ed registrace pro n\u011bkter\u00e9 t\u00fdmy, kter\u00e9 daly p\u0159ednost z\u00e1vodu vy\u0161\u0161\u00ed kategorie.\u201d&nbsp;<\/p>\n\n\n\n<p>\u010cty\u0159icet dn\u00ed p\u0159ed leto\u0161n\u00edm startem po\u0159adatel\u00e9 eviduj\u00ed p\u0159ihl\u00e1\u0161ky u\u017e 28 t\u00fdm\u016f, \u010d\u00edm\u017e se dost\u00e1vaj\u00ed na pomysln\u00fd kapacitn\u00ed strop, maximum organiz\u00e1to\u0159i stanovili 29 t\u00fdm\u016f.&nbsp;<\/p>\n\n\n\n<p>Ka\u017ed\u00fd t\u00fdm nav\u00edc m\u016f\u017ee do z\u00e1vodu nasadit a\u017e 6 z\u00e1vodnic, maxim\u00e1ln\u00ed kapacita je tak 174 z\u00e1vodnic. Pro srovn\u00e1n\u00ed &#8211; loni do z\u00e1vodu odstartovalo 139 z\u00e1vodnic z 26 zem\u00ed, do c\u00edle jich dorazilo 93. Rekord zaznamenali organiz\u00e1to\u0159i v letech 2016 a 2017, kdy se na start shodn\u011b postavilo 182 z\u00e1vodnic, v roce 2016 nav\u00edc z rekordn\u00edho po\u010dtu 28 zem\u00ed. Loni do z\u00e1vodu zas\u00e1hl i rekordn\u00ed po\u010det 24 \u010desk\u00fdch z\u00e1vodnic.<\/p>\n\n\n\n<p>Stejn\u011b jako v lo\u0148sk\u00e9m roce se budou \u00fa\u010dastnit siln\u00e9 t\u00fdmy s licenc\u00ed UCI CT, t\u011bch je p\u0159ihl\u00e1\u0161en\u00fdch zat\u00edm celkem 8 v\u010detn\u011b \u010desk\u00e9ho t\u00fdmu Dukla Praha. \u0160est t\u00fdm\u016f budou tvo\u0159it n\u00e1rodn\u00ed celky a 14 t\u00fdm\u016f jsou klubov\u00e9 celky.<\/p>\n\n\n\n<p>Z \u010desk\u00fdch t\u00fdm\u016f dopln\u00ed Duklu Praha je\u0161t\u011b \u010desk\u00fd n\u00e1rodn\u00ed t\u00fdm a celek Brilon Racing Team.<\/p>\n\n\n\n<p>Leto\u0161n\u00ed z\u00e1vod op\u011bt povede krajinou \u0160luknovsk\u00e9ho v\u00fdb\u011b\u017eku a \u010d\u00e1st\u00ed Lu\u017eick\u00fdch hor. Prvn\u00ed 12,6 km dlouh\u00e1 etapa bude op\u011bt \u010dasovka se startem a c\u00edlem v Kr\u00e1sn\u00e9 L\u00edp\u011b a stoup\u00e1n\u00edm na vrchol V\u00e1penka. Druh\u00fd den u\u017e z\u00e1vodnice \u010dek\u00e1 p\u0159es 100 kilometr\u016f krajinou \u010cesk\u00e9ho \u0160v\u00fdcarska se startem a c\u00edlem op\u011bt v Kr\u00e1sn\u00e9 L\u00edp\u011b a vedouc\u00ed p\u0159es \u010ceskou Kamenici \u010di Vl\u010d\u00ed Horu. V sobotu se bude startovat i fini\u0161ovat v Rumburku a z\u00e1vodnice \u010dek\u00e1 tra\u0165 m\u011bsty \u0160luknovsk\u00e9ho v\u00fdb\u011b\u017eku. Trasa etapy bude prakticky kop\u00edrovat trasu popul\u00e1rn\u00edho z\u00e1\u0159ijov\u00e9ho z\u00e1vodu Tour de Zele\u0148\u00e1k, jeho\u017e se ka\u017edoro\u010dn\u011b \u00fa\u010dastn\u00ed p\u0159es 800 z\u00e1vodn\u00edk\u016f.<\/p>\n\n\n\n<p>Z\u00e1v\u011bre\u010dn\u00e9 d\u011bjstv\u00ed necel\u00fdch 115 kilometr\u016f v ned\u011bli odstartuje ve Varnsdorfu a pojede se krajinou Lu\u017eick\u00fdch hor. C\u00edl bude op\u011bt v Kr\u00e1sn\u00e9 L\u00edp\u011b.<\/p>\n\n\n\n<p>\u201cOsv\u011bd\u010den\u00e9 trati z roku 2021 a 2023 ponech\u00e1v\u00e1me. Pouze m\u00edrn\u011b upravujeme druhou etapu, kterou bychom r\u00e1di v budoucnu vr\u00e1tili do oblasti H\u0159enska.\u201d dopl\u0148uje \u0159editelka z\u00e1vodu.<\/p>\n\n\n\n<p>Lo\u0148sk\u00fd ro\u010dn\u00edk vyhr\u00e1la ukrajinsk\u00e1 z\u00e1vodnice Olga Kulynychov\u00e1 s historicky nejmen\u0161\u00edm n\u00e1skokem 11 sekund p\u0159ed druhou v po\u0159ad\u00ed Polkou Dominikou Wlodarczykovou. Ukrajinka byla t\u0159et\u00ed \u0161ampionkou v historii z\u00e1vodu, kter\u00e1 nevyhr\u00e1la ani jednu etapu (2004 N\u011bmka Trixi Worrackov\u00e1, 2018 Ameri\u010danka Leah Thomasov\u00e1).&nbsp;<\/p>\n\n\n\n<p>Polka Wlodarczykov\u00e1 vyhr\u00e1la \u00favodn\u00ed \u010dasovku, po kter\u00e9 se na jednu etapu obl\u00e9kla do \u017elut\u00e9ho trikotu (pak u\u017e ji vyst\u0159\u00eddala Kulynychov\u00e1), pot\u00e9 zv\u00edt\u011bzila i v etap\u011b \u010d\u00edslo 3, ale k celkov\u00e9mu triumfu to nesta\u010dilo.<\/p>\n\n\n\n<p>\u010cesk\u00fdm fanou\u0161k\u016fm ud\u011blala velkou radost bronzov\u00e1 devaten\u00e1ctilet\u00e1 juniorka Eli\u0161ka Kvasni\u010dkov\u00e1, kter\u00e1 se stala v\u016fbec prvn\u00ed \u010deskou medailistkou v celkov\u00e9m po\u0159ad\u00ed od st\u0159\u00edbra Martiny S\u00e1bl\u00edkov\u00e9 v roce 2014. Hned za n\u00ed \u010dtvrt\u00e1 skon\u010dila dal\u0161\u00ed juniorka Julia Kopeck\u00e1 \u017eij\u00edc\u00ed v Belgii a jezd\u00edc\u00ed za tamn\u00ed t\u00fdm AG Insurance &#8211; NXTG U23 Team.&nbsp;<\/p>\n\n\n\n<p>\u201cJulia se netaj\u00ed ambic\u00ed letos celkov\u011b vyhr\u00e1t. To bychom si samoz\u0159ejm\u011b jako organiz\u00e1to\u0159i p\u0159\u00e1li, aby vyhr\u00e1la \u010desk\u00e1 z\u00e1vodnice.\u201d zmi\u0148uje Simona Dav\u00eddkov\u00e1.<\/p>\n\n\n\n<p>\u010ce\u0161k\u00e1m se loni mimo\u0159\u00e1dn\u011b da\u0159ilo i v jednotliv\u00fdch etap\u00e1ch. Hned v \u00favodn\u00ed \u010dasovce dojela na st\u0159\u00edbrn\u00e9 pozici pr\u00e1v\u011b Kvasni\u010dkov\u00e1 a hned za n\u00ed Kopeck\u00e1. Ta si pak dojela pro st\u0159\u00edbro je\u0161t\u011b ve dvou dal\u0161\u00edch etap\u00e1ch.&nbsp;<\/p>\n\n\n\n<p>\u010cesk\u00e1 vlajka na etapov\u00e9m p\u00f3diu byla vid\u011bt poprv\u00e9 rovn\u011b\u017e od roku 2014, kdy S\u00e1bl\u00edkov\u00e1 vyhr\u00e1la \u010dasovku. Dv\u011b \u010ce\u0161ky na stupn\u00edch v jedn\u00e9 etap\u011b pak st\u00e1ly poprv\u00e9 po 30 letech.<\/p>\n\n\n\n<p>Tour de Feminin: 35. ro\u010dn\u00edk, Memori\u00e1l \u0160\u00e1rky Pe\u0161kov\u00e9 &#8211; V\u00edchov\u00e9 a Ji\u0159\u00edho V\u00edcha<\/p>\n\n\n\n<p>Datum: 23.\u201326. kv\u011btna 2024<\/p>\n\n\n\n<p>Po\u010det etap: 4<\/p>\n\n\n\n<p>Po\u010det kilometr\u016f: 346,9<\/p>\n\n\n\n<ol class=\"wp-block-list\">\n<li>etapa: 23. kv\u011btna 16:00, Okruh Rumbursk\u00e9 vzpoury,<br>\u010dasovka 12,6 km (Kr\u00e1sn\u00e1 L\u00edpa &#8211; Doubice &#8211; Kr\u00e1sn\u00e1 L\u00edpa)<\/li>\n\n\n\n<li>etapa: 24. kv\u011btna 15:00, N\u00e1rodn\u00edm parkem \u010cesk\u00e9 \u0160v\u00fdcarsko,<br>109 km (Kr\u00e1sn\u00e1 L\u00edpa &#8211; Kr\u00e1sn\u00e1 L\u00edpa)<\/li>\n\n\n\n<li>etapa: 25. kv\u011btna 15:00, \u0160luknovskou pahorkatinou,<br>110,7 km (Rumburk &#8211; Rumburk)<\/li>\n\n\n\n<li>etapa: 26. kv\u011btna 10:00, Lu\u017eick\u00fdmi horami,<br>114,6 km (Varnsdorf &#8211; Kr\u00e1sn\u00e1 L\u00edpa)<\/li>\n<\/ol>\n","protected":false},"excerpt":{"rendered":"<p>Cyklistick\u00fd etapov\u00fd z\u00e1vod \u017een Tour de Feminin v okol\u00ed severo\u010desk\u00e9 Kr\u00e1sn\u00e9 L\u00edpy nap\u00ed\u0161e letos v kv\u011btnu svou 35. kapitolu. Podnik, kter\u00fd se poprv\u00e9 jel v roce 1988, je u\u017e roky pevnou sou\u010d\u00e1st\u00ed mezin\u00e1rodn\u00edho kalend\u00e1\u0159e. Je za\u0159azen do kategorie UCI Women Elite 2.2. Leto\u0161n\u00ed ro\u010dn\u00edk startuje ve \u010dtvrtek 23.kv\u011btna v Kr\u00e1sn\u00e9 L\u00edp\u011b \u010dasovkou, v ned\u011bli odpoledne [&hellip;]<\/p>\n","protected":false},"author":2,"featured_media":29918,"comment_status":"closed","ping_status":"open","sticky":false,"template":"","format":"standard","meta":{"footnotes":""},"categories":[2,18],"tags":[11],"class_list":["post-29915","post","type-post","status-publish","format-standard","has-post-thumbnail","hentry","category-novinky","category-silnice","tag-silnice"],"_links":{"self":[{"href":"https:\/\/www.czechcyclingfederation.com\/en\/wp-json\/wp\/v2\/posts\/29915","targetHints":{"allow":["GET"]}}],"collection":[{"href":"https:\/\/www.czechcyclingfederation.com\/en\/wp-json\/wp\/v2\/posts"}],"about":[{"href":"https:\/\/www.czechcyclingfederation.com\/en\/wp-json\/wp\/v2\/types\/post"}],"author":[{"embeddable":true,"href":"https:\/\/www.czechcyclingfederation.com\/en\/wp-json\/wp\/v2\/users\/2"}],"replies":[{"embeddable":true,"href":"https:\/\/www.czechcyclingfederation.com\/en\/wp-json\/wp\/v2\/comments?post=29915"}],"version-history":[{"count":1,"href":"https:\/\/www.czechcyclingfederation.com\/en\/wp-json\/wp\/v2\/posts\/29915\/revisions"}],"predecessor-version":[{"id":29920,"href":"https:\/\/www.czechcyclingfederation.com\/en\/wp-json\/wp\/v2\/posts\/29915\/revisions\/29920"}],"wp:featuredmedia":[{"embeddable":true,"href":"https:\/\/www.czechcyclingfederation.com\/en\/wp-json\/wp\/v2\/media\/29918"}],"wp:attachment":[{"href":"https:\/\/www.czechcyclingfederation.com\/en\/wp-json\/wp\/v2\/media?parent=29915"}],"wp:term":[{"taxonomy":"category","embeddable":true,"href":"https:\/\/www.czechcyclingfederation.com\/en\/wp-json\/wp\/v2\/categories?post=29915"},{"taxonomy":"post_tag","embeddable":true,"href":"https:\/\/www.czechcyclingfederation.com\/en\/wp-json\/wp\/v2\/tags?post=29915"}],"curies":[{"name":"wp","href":"https:\/\/api.w.org\/{rel}","templated":true}]}}