{"id":2991,"date":"2020-12-02T09:46:31","date_gmt":"2020-12-02T08:46:31","guid":{"rendered":"http:\/\/www.czechcyclingfederation.com\/?p=2991"},"modified":"2020-12-02T09:46:31","modified_gmt":"2020-12-02T08:46:31","slug":"open-cycling-academy-rozsiruje-svuj-realizacni-tym","status":"publish","type":"post","link":"https:\/\/www.czechcyclingfederation.com\/en\/open-cycling-academy-rozsiruje-svuj-realizacni-tym\/","title":{"rendered":"Open Cycling Academy roz\u0161i\u0159uje sv\u016fj realiza\u010dn\u00ed t\u00fdm"},"content":{"rendered":"\n<p>Cyklistick\u00e1 akademie Open Cycling Academy OCA na Ji\u017en\u00ed Morav\u011b v\u00fdrazn\u011b posiluje a od roku 2021 spou\u0161t\u00ed unik\u00e1tn\u00ed projekt, v\u011bnuj\u00edc\u00ed se silni\u010dn\u00ed i horsk\u00e9 cyklistice pro ve\u0159ejnost v\u0161ech v\u011bkov\u00fdch skupin. Velk\u00fdm o\u017eiven\u00edm je p\u0159\u00edchod b\u00fdval\u00e9ho vedouc\u00edho tren\u00e9ra sportovn\u00edho centra ml\u00e1de\u017ee TJ Favoritu Brno\u00a0 Luk\u00e1\u0161e Petra, kter\u00fd m\u00e1 s p\u00e9\u010d\u00ed o z\u00e1vodn\u00edky bohat\u00e9 zku\u0161enosti.<\/p>\n\n\n\n<p>\u201eLuk\u00e1\u0161\u016fv p\u0159\u00edchod m\u011b velmi t\u011b\u0161\u00ed, v minulosti jsme ji\u017e spolupracovali, nyn\u00ed hodl\u00e1me spole\u010dn\u011b rozv\u00edjet zna\u010dku OCA, kter\u00e9 m\u00e1me oba co nab\u00eddnout ze sv\u00e9ho oboru,\u201c vyj\u00e1d\u0159il spokojenost zakladatel t\u00fdmu Ale\u0161 \u0158eho\u0159.<\/p>\n\n\n\n<p>\u201eChci d\u011blat cyklistiku pro radost, pro d\u011bti, pro lidi. Z\u00e1kladem je dobr\u00e1 n\u00e1lada a spokojenost na\u0161ich \u010dlen\u016f. Akademie stav\u00ed jednak na v\u00fdchov\u011b d\u011bt\u00ed s prim\u00e1rn\u00edm zam\u011b\u0159en\u00edm na MTB a d\u00e1le na silni\u010dn\u00ed amat\u00e9rsk\u00e9 i z\u00e1vodn\u00ed cyklistice pro dorost a dosp\u011bl\u00e9, v\u010detn\u011b veter\u00e1n\u016f. Ale\u0161 za\u0161t\u00edt\u00ed testov\u00e1n\u00ed a funk\u010dn\u00ed vy\u0161et\u0159en\u00ed cyklist\u016f, j\u00e1 se pak o n\u011b se sv\u00fdm t\u00fdmem postar\u00e1m ve v\u0161em ostatn\u00edm. Jde o spole\u010dn\u00e9 tr\u00e9ninky, organizaci virtu\u00e1ln\u00edch i re\u00e1ln\u00fdch z\u00e1vod\u016f, po\u0159\u00e1d\u00e1n\u00ed \u0161kolen\u00ed tren\u00e9r\u016f a \u0161kol j\u00edzdy na MTB. Nav\u00e1zali jsme t\u00e9\u017e spolupr\u00e1ci s Fakultou sportovn\u00edch studi\u00ed. Setk\u00e1vat se budeme t\u00e9\u017e na\u0161\u00ed klubovn\u011b s showroomem a na z\u00e1vodech,\u201c p\u0159edstavil budouc\u00ed podobu OCA nov\u00fd sportovn\u00ed \u0159editel Luk\u00e1\u0161 Petr.<\/p>\n\n\n\n<p>O chod t\u00fdmu Akademie se bude i nad\u00e1le starat tren\u00e9r Ond\u0159ej Pavelka, Jana Da\u0148kov\u00e1 zajist\u00ed v\u00fd\u017eivov\u00e9 poradenstv\u00ed pro \u010dleny, kondi\u010dn\u00ed cvi\u010den\u00ed a mas\u00e1\u017ee a&nbsp; fyzioterapeutka Kl\u00e1ra Vom\u00e1\u010dkov\u00e1, bude dohl\u00ed\u017eet na zdrav\u00ed na\u0161ich \u010dlen\u016f, aby mohli naplno vyu\u017e\u00edt sv\u016fj potenci\u00e1l. Background podporu t\u00fdmu bude dopl\u0148ovat Sabina \u0160vestkov\u00e1. Kvalitu tr\u00e9nink\u016f budou zaji\u0161\u0165ovat specialist\u00e9 jednotliv\u00fdch obor\u016f. Nov\u00fd sm\u011br OCA ocenili i dva nejlep\u0161\u00ed silni\u010d\u00e1\u0159i na \u010desk\u00fdch silnic\u00edch Vojt\u011bch \u0158epa (bronzov\u00fd z leto\u0161n\u00edho ME U23 na silnici \u2013 Topforex Lapierre) a Dominik Neumann (v\u00edt\u011bz \u010cP 2019 \u2013 Elkov Kasper), kte\u0159\u00ed pro\u0161li Favoritem Brno pod veden\u00edm Luk\u00e1\u0161e Petra.<\/p>\n\n\n\n<p>\u201eKdy\u017e jsem poprv\u00e9 zaslechl o pl\u00e1novan\u00e9m spojen\u00ed Ale\u0161e s Luk\u00e1\u0161em, ud\u011blal se mi \u00fasm\u011bv na tv\u00e1\u0159i. Oba dva m\u011bli a st\u00e1le maj\u00ed na v\u00fdvoji m\u00e9 kari\u00e9ry obrovsk\u00fd vliv. Pod Luk\u00e1\u0161em jsem rostl v ml\u00e1de\u017enick\u00fdch kategori\u00edch ve Favoritu a s Ale\u0161em od t\u00e9 doby a\u017e dodnes spolupracuji na sledov\u00e1n\u00ed m\u00e9 dlouhodob\u00e9 v\u00fdkonnosti. Tito dva zmi\u0148ovan\u00ed \u017eij\u00ed pro cyklistiku a pro cyklisty samotn\u00e9. Pl\u00e1ny a vize, kter\u00e9 si stanovili, nejsou mal\u00e9, ale j\u00e1 se u\u017e te\u010f stra\u0161n\u011b t\u011b\u0161\u00edm, a\u017e budu moci s OCA vyrazit na spole\u010dn\u00fd tr\u00e9nink a k\u00e1vi\u010dku.\u201c hodnot\u00ed Vojt\u011bch \u0158epa projekt OCA.<\/p>\n\n\n\n<p>\u201eS cyklistikou jsem za\u010d\u00ednal ve Favoritu Brno a mnoho let jsem str\u00e1vil pod veden\u00edm Luk\u00e1\u0161e. B\u011bhem t\u00e9 doby jsem se nau\u010dil z\u00e1klad\u016fm jak silni\u010dn\u00ed tak dr\u00e1hov\u00e9 cyklistiky a v\u0161emu co se cyklistiky t\u00fdk\u00e1. D\u00edky kvalitn\u00edmu p\u0159\u00edstupu od Luk\u00e1\u0161e a jeho podp\u016frn\u00e9ho t\u00fdmu jsem tak z\u00edskal pevn\u00e9 z\u00e1klady pro dal\u0161\u00ed roky moj\u00ed kari\u00e9ry. Dodnes jsme spole\u010dn\u011b v kontaktu a r\u00e1d sly\u0161\u00edm, \u017ee se vrhl do projektu, kter\u00fd podporuje \u010deskou cyklistiku,\u201c dod\u00e1v\u00e1 Dominik Neumann.<\/p>\n\n\n\n<p>Foto: Jan Brychta<\/p>\n\n\n\n<figure class=\"wp-block-image size-large\"><img loading=\"lazy\" decoding=\"async\" width=\"1024\" height=\"682\" src=\"https:\/\/www.czechcyclingfederation.com\/wp-content\/uploads\/2020\/12\/OCA5-1024x682.jpg\" alt=\"\" class=\"wp-image-2993\" srcset=\"https:\/\/www.czechcyclingfederation.com\/wp-content\/uploads\/2020\/12\/OCA5-1024x682.jpg 1024w, https:\/\/www.czechcyclingfederation.com\/wp-content\/uploads\/2020\/12\/OCA5-300x200.jpg 300w, https:\/\/www.czechcyclingfederation.com\/wp-content\/uploads\/2020\/12\/OCA5-768x511.jpg 768w, https:\/\/www.czechcyclingfederation.com\/wp-content\/uploads\/2020\/12\/OCA5-1536x1022.jpg 1536w, https:\/\/www.czechcyclingfederation.com\/wp-content\/uploads\/2020\/12\/OCA5-2048x1363.jpg 2048w, https:\/\/www.czechcyclingfederation.com\/wp-content\/uploads\/2020\/12\/OCA5-1320x879.jpg 1320w\" sizes=\"auto, (max-width: 1024px) 100vw, 1024px\" \/><\/figure>\n","protected":false},"excerpt":{"rendered":"<p>Cyklistick\u00e1 akademie Open Cycling Academy OCA na Ji\u017en\u00ed Morav\u011b v\u00fdrazn\u011b posiluje a od roku 2021 spou\u0161t\u00ed unik\u00e1tn\u00ed projekt, v\u011bnuj\u00edc\u00ed se silni\u010dn\u00ed i horsk\u00e9 cyklistice pro ve\u0159ejnost v\u0161ech v\u011bkov\u00fdch skupin. Velk\u00fdm o\u017eiven\u00edm je p\u0159\u00edchod b\u00fdval\u00e9ho vedouc\u00edho tren\u00e9ra sportovn\u00edho centra ml\u00e1de\u017ee TJ Favoritu Brno\u00a0 Luk\u00e1\u0161e Petra, kter\u00fd m\u00e1 s p\u00e9\u010d\u00ed o z\u00e1vodn\u00edky bohat\u00e9 zku\u0161enosti. \u201eLuk\u00e1\u0161\u016fv p\u0159\u00edchod m\u011b [&hellip;]<\/p>\n","protected":false},"author":8,"featured_media":2992,"comment_status":"closed","ping_status":"open","sticky":false,"template":"","format":"standard","meta":{"footnotes":""},"categories":[2,65],"tags":[],"class_list":["post-2991","post","type-post","status-publish","format-standard","has-post-thumbnail","hentry","category-novinky","category-subdisciplina"],"_links":{"self":[{"href":"https:\/\/www.czechcyclingfederation.com\/en\/wp-json\/wp\/v2\/posts\/2991","targetHints":{"allow":["GET"]}}],"collection":[{"href":"https:\/\/www.czechcyclingfederation.com\/en\/wp-json\/wp\/v2\/posts"}],"about":[{"href":"https:\/\/www.czechcyclingfederation.com\/en\/wp-json\/wp\/v2\/types\/post"}],"author":[{"embeddable":true,"href":"https:\/\/www.czechcyclingfederation.com\/en\/wp-json\/wp\/v2\/users\/8"}],"replies":[{"embeddable":true,"href":"https:\/\/www.czechcyclingfederation.com\/en\/wp-json\/wp\/v2\/comments?post=2991"}],"version-history":[{"count":1,"href":"https:\/\/www.czechcyclingfederation.com\/en\/wp-json\/wp\/v2\/posts\/2991\/revisions"}],"predecessor-version":[{"id":2994,"href":"https:\/\/www.czechcyclingfederation.com\/en\/wp-json\/wp\/v2\/posts\/2991\/revisions\/2994"}],"wp:featuredmedia":[{"embeddable":true,"href":"https:\/\/www.czechcyclingfederation.com\/en\/wp-json\/wp\/v2\/media\/2992"}],"wp:attachment":[{"href":"https:\/\/www.czechcyclingfederation.com\/en\/wp-json\/wp\/v2\/media?parent=2991"}],"wp:term":[{"taxonomy":"category","embeddable":true,"href":"https:\/\/www.czechcyclingfederation.com\/en\/wp-json\/wp\/v2\/categories?post=2991"},{"taxonomy":"post_tag","embeddable":true,"href":"https:\/\/www.czechcyclingfederation.com\/en\/wp-json\/wp\/v2\/tags?post=2991"}],"curies":[{"name":"wp","href":"https:\/\/api.w.org\/{rel}","templated":true}]}}