{"id":29826,"date":"2024-05-19T16:15:30","date_gmt":"2024-05-19T14:15:30","guid":{"rendered":"https:\/\/www.czechcyclingfederation.com\/?p=29826"},"modified":"2024-05-19T16:15:33","modified_gmt":"2024-05-19T14:15:33","slug":"kolem-recka-skoncil-otruba-paty-pridal-sedmy","status":"publish","type":"post","link":"https:\/\/www.czechcyclingfederation.com\/en\/kolem-recka-skoncil-otruba-paty-pridal-sedmy\/","title":{"rendered":"Kolem \u0158ecka skon\u010dil Otruba p\u00e1t\u00fd, P\u0159idal sedm\u00fd"},"content":{"rendered":"\n<p>\u00dasp\u011b\u0161n\u00ed byli jezdci \u010desk\u00fdch st\u00e1j\u00ed Elkov Kasper a ATT Investmens v p\u011btietapov\u00e9m z\u00e1vodu Kolem \u0158ecka. V podniku prvn\u00ed kategorie se t\u0159i dostali v celkov\u00e9m po\u0159ad\u00ed do elitn\u00ed des\u00edtky. Ma\u010farsk\u00fd z\u00e1vodn\u00edm M\u00e1rton Dina z ATT Investmens obasadil \u010dtvrt\u00e9 m\u00edsto, jeho t\u00fdmov\u00fd kolega Jakub Otruba p\u00e1t\u00e9 a obh\u00e1jil t\u00edm sv\u00e9 lo\u0148sk\u00e9 um\u00edst\u011bn\u00ed a dvacetilet\u00fd mlad\u00edk Tom\u00e1\u0161 P\u0159idal z Elkov Kasper skon\u010dil sedm\u00fd a stal se v\u00edt\u011bzem kategorie mlad\u00fdch jezdc\u016f.<\/p>\n\n\n\n<p>V z\u00e1v\u011bru z\u00e1vodu se nav\u00edc uk\u00e1zal Pol\u00e1k Bartosz Rudyk jezdc\u00edc\u00ed v barv\u00e1ch ATT Investmens. Ve \u010dtvrt\u00e9 etap\u011b dojel druh\u00fd a z\u00e1v\u011bre\u010dnou p\u00e1tou dokonce vyhr\u00e1l, na stupn\u011b v\u00edt\u011bz\u016f se je\u0161t\u011b dostal v \u00favodn\u00ed \u010dasovce Otruba, kter\u00fd byl t\u0159et\u00ed.<\/p>\n\n\n\n<p>Kone\u010dn\u00e9 po\u0159ad\u00ed:<\/p>\n\n\n\n<p>1. Zoidl 17:55:32, 2. Pernsteiner (oba Rak.) +46, 3. Conti (It.) +1:33, 4. Dina (Ma\u010f.) +1:45, 5. Otruba (oba ATT Investments) +2:36, 6. Aparicio (\u0160p.) +2:52, 7.\u00a0 P\u0159idal +3:25, &#8230;14. Boro\u0161 (oba Elkov Kasper) +5:55.<\/p>\n\n\n\n<figure class=\"wp-block-image size-large\"><img loading=\"lazy\" decoding=\"async\" width=\"1024\" height=\"683\" src=\"https:\/\/www.czechcyclingfederation.com\/wp-content\/uploads\/2024\/05\/GN3cMiIW8AAS5OD-1024x683.jpg\" alt=\"\" class=\"wp-image-29829\" srcset=\"https:\/\/www.czechcyclingfederation.com\/wp-content\/uploads\/2024\/05\/GN3cMiIW8AAS5OD-1024x683.jpg 1024w, https:\/\/www.czechcyclingfederation.com\/wp-content\/uploads\/2024\/05\/GN3cMiIW8AAS5OD-300x200.jpg 300w, https:\/\/www.czechcyclingfederation.com\/wp-content\/uploads\/2024\/05\/GN3cMiIW8AAS5OD-768x512.jpg 768w, https:\/\/www.czechcyclingfederation.com\/wp-content\/uploads\/2024\/05\/GN3cMiIW8AAS5OD-1536x1025.jpg 1536w, https:\/\/www.czechcyclingfederation.com\/wp-content\/uploads\/2024\/05\/GN3cMiIW8AAS5OD-1320x880.jpg 1320w, https:\/\/www.czechcyclingfederation.com\/wp-content\/uploads\/2024\/05\/GN3cMiIW8AAS5OD.jpg 2048w\" sizes=\"auto, (max-width: 1024px) 100vw, 1024px\" \/><\/figure>\n","protected":false},"excerpt":{"rendered":"<p>\u00dasp\u011b\u0161n\u00ed byli jezdci \u010desk\u00fdch st\u00e1j\u00ed Elkov Kasper a ATT Investmens v p\u011btietapov\u00e9m z\u00e1vodu Kolem \u0158ecka. V podniku prvn\u00ed kategorie se t\u0159i dostali v celkov\u00e9m po\u0159ad\u00ed do elitn\u00ed des\u00edtky. Ma\u010farsk\u00fd z\u00e1vodn\u00edm M\u00e1rton Dina z ATT Investmens obasadil \u010dtvrt\u00e9 m\u00edsto, jeho t\u00fdmov\u00fd kolega Jakub Otruba p\u00e1t\u00e9 a obh\u00e1jil t\u00edm sv\u00e9 lo\u0148sk\u00e9 um\u00edst\u011bn\u00ed a dvacetilet\u00fd mlad\u00edk Tom\u00e1\u0161 P\u0159idal [&hellip;]<\/p>\n","protected":false},"author":8,"featured_media":29827,"comment_status":"closed","ping_status":"open","sticky":false,"template":"","format":"standard","meta":{"footnotes":""},"categories":[2,18],"tags":[11],"class_list":["post-29826","post","type-post","status-publish","format-standard","has-post-thumbnail","hentry","category-novinky","category-silnice","tag-silnice"],"_links":{"self":[{"href":"https:\/\/www.czechcyclingfederation.com\/en\/wp-json\/wp\/v2\/posts\/29826","targetHints":{"allow":["GET"]}}],"collection":[{"href":"https:\/\/www.czechcyclingfederation.com\/en\/wp-json\/wp\/v2\/posts"}],"about":[{"href":"https:\/\/www.czechcyclingfederation.com\/en\/wp-json\/wp\/v2\/types\/post"}],"author":[{"embeddable":true,"href":"https:\/\/www.czechcyclingfederation.com\/en\/wp-json\/wp\/v2\/users\/8"}],"replies":[{"embeddable":true,"href":"https:\/\/www.czechcyclingfederation.com\/en\/wp-json\/wp\/v2\/comments?post=29826"}],"version-history":[{"count":1,"href":"https:\/\/www.czechcyclingfederation.com\/en\/wp-json\/wp\/v2\/posts\/29826\/revisions"}],"predecessor-version":[{"id":29831,"href":"https:\/\/www.czechcyclingfederation.com\/en\/wp-json\/wp\/v2\/posts\/29826\/revisions\/29831"}],"wp:featuredmedia":[{"embeddable":true,"href":"https:\/\/www.czechcyclingfederation.com\/en\/wp-json\/wp\/v2\/media\/29827"}],"wp:attachment":[{"href":"https:\/\/www.czechcyclingfederation.com\/en\/wp-json\/wp\/v2\/media?parent=29826"}],"wp:term":[{"taxonomy":"category","embeddable":true,"href":"https:\/\/www.czechcyclingfederation.com\/en\/wp-json\/wp\/v2\/categories?post=29826"},{"taxonomy":"post_tag","embeddable":true,"href":"https:\/\/www.czechcyclingfederation.com\/en\/wp-json\/wp\/v2\/tags?post=29826"}],"curies":[{"name":"wp","href":"https:\/\/api.w.org\/{rel}","templated":true}]}}