{"id":29806,"date":"2024-05-18T18:32:42","date_gmt":"2024-05-18T16:32:42","guid":{"rendered":"https:\/\/www.czechcyclingfederation.com\/?p=29806"},"modified":"2024-05-19T00:17:50","modified_gmt":"2024-05-18T22:17:50","slug":"druhy-dil-ceskeho-poharu-v-gravelu-vyhrali-mayer-a-zemanova","status":"publish","type":"post","link":"https:\/\/www.czechcyclingfederation.com\/en\/druhy-dil-ceskeho-poharu-v-gravelu-vyhrali-mayer-a-zemanova\/","title":{"rendered":"Druh\u00fd d\u00edl \u010cesk\u00e9ho poh\u00e1ru v Gravelu vyhr\u00e1li Mayer a Zemanov\u00e1"},"content":{"rendered":"\n<p>Prvn\u00ed ro\u010dn\u00edk \u010cesk\u00e9ho poh\u00e1ru Gravel pokra\u010doval druh\u00fdm z\u00e1vodem Gravel Sudom\u00edr v Sudom\u011b\u0159ic\u00edch. Dnes se z\u00e1vodilo na okruhu dlouh\u00e9m 11 kilometr\u016f, kter\u00fd z\u00e1vodn\u00edci a z\u00e1vodnice absolvovali p\u011btkr\u00e1t. Mezi mu\u017ei vyhr\u00e1l Daniel Mayer (KC Hlinsko), z\u00e1vod \u017eeny vyzn\u011bl jasn\u011b pro Krist\u00fdnu Zemanovou (Brilon racing team MB).<\/p>\n\n\n\n<p>Na pom\u011brn\u011b rychl\u00e9 trati prakticky od za\u010d\u00e1tku bojovali o prvenstv\u00ed cyklokrosa\u0159i Mayer a Tom\u00e1\u0161 Bakus (\u010cEZ Cyklo Team T\u00e1bor). Na \u010dele vydr\u017eeli a\u017e do z\u00e1v\u011bru a rozhodovalo se a\u017e ve spurtu v n\u011bm\u017e usp\u011bl Mayer.<\/p>\n\n\n\n<p>&#8220;Dne\u0161n\u00ed gravel se mi libil, i tra\u0165 byla hezk\u00e1, rychl\u00e1 a to mi celkem sed\u011blo. Pocitov\u011b posledn\u00ed dny vn\u00edm\u00e1m, \u017ee se vrac\u00ed b\u00fdval\u00e1 forma, tak\u017ee jsem r\u00e1d, \u017ee se mi poda\u0159ilo vyhr\u00e1t. Na gravel z\u00e1vody jezd\u00edm r\u00e1d u\u017e jen proto, \u017ee se to podob\u00e1 ob\u010das cyklokrosu. T\u011b\u0161\u00edm se na mistr\u00e1k u n\u00e1s v Hlinsku, na kter\u00fd se budu sna\u017eit p\u0159ipravit,&#8221; \u0159ekl v\u00edt\u011bzn\u00fd Mayer.<\/p>\n\n\n\n<p>V pom\u011brn\u011b rychl\u00e9m z\u00e1vodu mezi \u017eenami kralovala medailista z ME i MS v cyklokrosu Krist\u00fdna Zemanov\u00e1 (Brilon racing team MB), kter\u00e1 zv\u00edt\u011bzila s n\u00e1skokem t\u00e9m\u011b\u0159 sedmi minut p\u0159ed Kate\u0159inou Doud\u011brovou (BB COM cycling team) +6:53.<\/p>\n\n\n\n<figure class=\"wp-block-image size-large\"><img loading=\"lazy\" decoding=\"async\" width=\"1024\" height=\"682\" src=\"https:\/\/www.czechcyclingfederation.com\/wp-content\/uploads\/2024\/05\/Zemanova-D4C_87582-1024x682.jpg\" alt=\"\" class=\"wp-image-29809\" srcset=\"https:\/\/www.czechcyclingfederation.com\/wp-content\/uploads\/2024\/05\/Zemanova-D4C_87582-1024x682.jpg 1024w, https:\/\/www.czechcyclingfederation.com\/wp-content\/uploads\/2024\/05\/Zemanova-D4C_87582-300x200.jpg 300w, https:\/\/www.czechcyclingfederation.com\/wp-content\/uploads\/2024\/05\/Zemanova-D4C_87582-768x511.jpg 768w, https:\/\/www.czechcyclingfederation.com\/wp-content\/uploads\/2024\/05\/Zemanova-D4C_87582-1536x1022.jpg 1536w, https:\/\/www.czechcyclingfederation.com\/wp-content\/uploads\/2024\/05\/Zemanova-D4C_87582-2048x1363.jpg 2048w, https:\/\/www.czechcyclingfederation.com\/wp-content\/uploads\/2024\/05\/Zemanova-D4C_87582-1320x879.jpg 1320w\" sizes=\"auto, (max-width: 1024px) 100vw, 1024px\" \/><\/figure>\n\n\n\n<p>V\u00fdsledky:<\/p>\n\n\n\n<p>Mu\u017ei (55 km):<\/p>\n\n\n\n<p>1. Mayer (KC Hlinsko) 1:42:16, 2. Bakus stejn\u00fd \u010das, 3. Vik (oba \u010cEZ Cyklo Team T\u00e1bor) +12, 4. Br\u0161el (SR) +5:30, 5. Ze\u0165\u00e1k (PSG Mechanix) +5:33, 6. Hromek (Kol\u00e1rna) +16:58.<\/p>\n\n\n\n<p>\u017deny:<\/p>\n\n\n\n<p>1. Zemanov\u00e1 (Brilon racing team MB) 1:50:47, 2. Doud\u011brov\u00e1 (BB COM cycling team) +6:53, 3. Fla\u0161arov\u00e1 (Endorphin Republic) +12:17.<\/p>\n\n\n\n<figure class=\"wp-block-image size-large\"><img loading=\"lazy\" decoding=\"async\" width=\"1024\" height=\"684\" src=\"https:\/\/www.czechcyclingfederation.com\/wp-content\/uploads\/2024\/05\/DSC_32292-1024x684.jpg\" alt=\"\" class=\"wp-image-29811\" srcset=\"https:\/\/www.czechcyclingfederation.com\/wp-content\/uploads\/2024\/05\/DSC_32292-1024x684.jpg 1024w, https:\/\/www.czechcyclingfederation.com\/wp-content\/uploads\/2024\/05\/DSC_32292-300x200.jpg 300w, https:\/\/www.czechcyclingfederation.com\/wp-content\/uploads\/2024\/05\/DSC_32292-768x513.jpg 768w, https:\/\/www.czechcyclingfederation.com\/wp-content\/uploads\/2024\/05\/DSC_32292-1536x1025.jpg 1536w, https:\/\/www.czechcyclingfederation.com\/wp-content\/uploads\/2024\/05\/DSC_32292-2048x1367.jpg 2048w, https:\/\/www.czechcyclingfederation.com\/wp-content\/uploads\/2024\/05\/DSC_32292-1320x881.jpg 1320w\" sizes=\"auto, (max-width: 1024px) 100vw, 1024px\" \/><\/figure>\n\n\n\n<p>FOTO Jan Brychta<\/p>\n","protected":false},"excerpt":{"rendered":"<p>Prvn\u00ed ro\u010dn\u00edk \u010cesk\u00e9ho poh\u00e1ru Gravel pokra\u010doval druh\u00fdm z\u00e1vodem Gravel Sudom\u00edr v Sudom\u011b\u0159ic\u00edch. Dnes se z\u00e1vodilo na okruhu dlouh\u00e9m 11 kilometr\u016f, kter\u00fd z\u00e1vodn\u00edci a z\u00e1vodnice absolvovali p\u011btkr\u00e1t. Mezi mu\u017ei vyhr\u00e1l Daniel Mayer (KC Hlinsko), z\u00e1vod \u017eeny vyzn\u011bl jasn\u011b pro Krist\u00fdnu Zemanovou (Brilon racing team MB). Na pom\u011brn\u011b rychl\u00e9 trati prakticky od za\u010d\u00e1tku bojovali o prvenstv\u00ed cyklokrosa\u0159i [&hellip;]<\/p>\n","protected":false},"author":8,"featured_media":29807,"comment_status":"closed","ping_status":"open","sticky":false,"template":"","format":"standard","meta":{"footnotes":""},"categories":[421,2],"tags":[196],"class_list":["post-29806","post","type-post","status-publish","format-standard","has-post-thumbnail","hentry","category-gravel","category-novinky","tag-gravel"],"_links":{"self":[{"href":"https:\/\/www.czechcyclingfederation.com\/en\/wp-json\/wp\/v2\/posts\/29806","targetHints":{"allow":["GET"]}}],"collection":[{"href":"https:\/\/www.czechcyclingfederation.com\/en\/wp-json\/wp\/v2\/posts"}],"about":[{"href":"https:\/\/www.czechcyclingfederation.com\/en\/wp-json\/wp\/v2\/types\/post"}],"author":[{"embeddable":true,"href":"https:\/\/www.czechcyclingfederation.com\/en\/wp-json\/wp\/v2\/users\/8"}],"replies":[{"embeddable":true,"href":"https:\/\/www.czechcyclingfederation.com\/en\/wp-json\/wp\/v2\/comments?post=29806"}],"version-history":[{"count":2,"href":"https:\/\/www.czechcyclingfederation.com\/en\/wp-json\/wp\/v2\/posts\/29806\/revisions"}],"predecessor-version":[{"id":29825,"href":"https:\/\/www.czechcyclingfederation.com\/en\/wp-json\/wp\/v2\/posts\/29806\/revisions\/29825"}],"wp:featuredmedia":[{"embeddable":true,"href":"https:\/\/www.czechcyclingfederation.com\/en\/wp-json\/wp\/v2\/media\/29807"}],"wp:attachment":[{"href":"https:\/\/www.czechcyclingfederation.com\/en\/wp-json\/wp\/v2\/media?parent=29806"}],"wp:term":[{"taxonomy":"category","embeddable":true,"href":"https:\/\/www.czechcyclingfederation.com\/en\/wp-json\/wp\/v2\/categories?post=29806"},{"taxonomy":"post_tag","embeddable":true,"href":"https:\/\/www.czechcyclingfederation.com\/en\/wp-json\/wp\/v2\/tags?post=29806"}],"curies":[{"name":"wp","href":"https:\/\/api.w.org\/{rel}","templated":true}]}}