{"id":29770,"date":"2024-05-17T15:05:19","date_gmt":"2024-05-17T13:05:19","guid":{"rendered":"https:\/\/www.czechcyclingfederation.com\/?p=29770"},"modified":"2024-05-17T22:54:56","modified_gmt":"2024-05-17T20:54:56","slug":"na-5001-kolo-skoncil-rotter-treti","status":"publish","type":"post","link":"https:\/\/www.czechcyclingfederation.com\/en\/na-5001-kolo-skoncil-rotter-treti\/","title":{"rendered":"Na 500+1 kolo skon\u010dil Rotter t\u0159et\u00ed"},"content":{"rendered":"\n<p>Michal Rotter, z\u00e1vodn\u00edk po\u0159\u00e1daj\u00edc\u00edho klubu TJ Favorit Brno, obsadil na presti\u017en\u00edm dr\u00e1hov\u00e9m etapov\u00e9m bodovac\u00edm z\u00e1vod\u011b 500+1 kolo Velk\u00e1 cena Zemako vynikaj\u00edc\u00ed t\u0159et\u00ed m\u00edsto a zopakoval tak nem\u00e9n\u011b poveden\u00fd v\u00fdkon sv\u00e9ho t\u00fdmov\u00e9ho kolegy Adama K\u0159enka z p\u0159edchoz\u00edho roku.<\/p>\n\n\n\n<p>Rotterovo um\u00edstn\u00ed na 57. ro\u010dn\u00edku t\u00e9to tradi\u010dn\u00ed akce v\u0161ak mohlo b\u00fdt je\u0161t\u011b vyda\u0159en\u011bj\u0161\u00ed. Z\u00e1klad \u00fasp\u011bchu polo\u017eil hned v prvn\u00ed etap\u011b, kter\u00e1 byla za\u0159azena do UCI kategorie Class 2 a j\u00ed\u017e dokon\u010dil na skv\u011bl\u00e9m druh\u00e9m m\u00edst\u011b. Po druh\u00e9 etap\u011b dokonce obl\u00e9kl \u017elut\u00fd dres pro pr\u016fb\u011b\u017en\u011b vedouc\u00edho z\u00e1vodn\u00edka celkov\u00e9ho po\u0159ad\u00ed. Do \u010dtvrt\u00e9 etapy tento privilegovan\u00fd trikot sice p\u0159epustil lo\u0148sk\u00e9mu v\u00edt\u011bzi Filipu Prokopyszynovi z Polska, aby si jej op\u011bt obl\u00e9kl do posledn\u00ed etapy z\u00e1vodu.<\/p>\n\n\n\n<figure class=\"wp-block-image size-large\"><img loading=\"lazy\" decoding=\"async\" width=\"1024\" height=\"681\" src=\"https:\/\/www.czechcyclingfederation.com\/wp-content\/uploads\/2024\/05\/Rotter-BrychtaJan_5001_kolo_20240516_160433_D4C_7241-1024x681.jpg\" alt=\"\" class=\"wp-image-29775\" srcset=\"https:\/\/www.czechcyclingfederation.com\/wp-content\/uploads\/2024\/05\/Rotter-BrychtaJan_5001_kolo_20240516_160433_D4C_7241-1024x681.jpg 1024w, https:\/\/www.czechcyclingfederation.com\/wp-content\/uploads\/2024\/05\/Rotter-BrychtaJan_5001_kolo_20240516_160433_D4C_7241-300x200.jpg 300w, https:\/\/www.czechcyclingfederation.com\/wp-content\/uploads\/2024\/05\/Rotter-BrychtaJan_5001_kolo_20240516_160433_D4C_7241-768x511.jpg 768w, https:\/\/www.czechcyclingfederation.com\/wp-content\/uploads\/2024\/05\/Rotter-BrychtaJan_5001_kolo_20240516_160433_D4C_7241-1536x1022.jpg 1536w, https:\/\/www.czechcyclingfederation.com\/wp-content\/uploads\/2024\/05\/Rotter-BrychtaJan_5001_kolo_20240516_160433_D4C_7241-1320x878.jpg 1320w, https:\/\/www.czechcyclingfederation.com\/wp-content\/uploads\/2024\/05\/Rotter-BrychtaJan_5001_kolo_20240516_160433_D4C_7241.jpg 2000w\" sizes=\"auto, (max-width: 1024px) 100vw, 1024px\" \/><\/figure>\n\n\n\n<p>Bylo jasn\u00e9, \u017ee o v\u00edt\u011bzi se rozhodne pr\u00e1v\u011b mezi t\u011bmito dv\u011bma z\u00e1vodn\u00edky, kte\u0159\u00ed do fin\u00e1lov\u00e9 \u010d\u00e1sti nastupovali se stejn\u00fdm bodov\u00fdm ziskem s v\u00fdrazn\u00fdm n\u00e1skokem 26 bod\u016f na dal\u0161\u00ed trojici jezdc\u016f Mattea Donegu z It\u00e1lie, v\u00edt\u011bze z roku 2019, dal\u0161\u00edho Pol\u00e1ka v barv\u00e1ch prost\u011bjovsk\u00e9ho klubu Wojciecha Pszczolarsk\u00e9ho a mlad\u00e9ho Slovince \u017daka Er\u017eena.<\/p>\n\n\n\n<p>Od \u00favodn\u00edch kol bylo z\u0159ejm\u00e9, \u017ee si Prokopyszyn jde za obhajobou v\u00edt\u011bzstv\u00ed. Hned v prvn\u00edch bodov\u00e1n\u00edch Rotterovi odsko\u010dil, aby se po cel\u00fd zbytek z\u00e1vodu pohyboval v jeho bl\u00edzkosti a m\u011bl tak dokonal\u00fd p\u0159ehled o ka\u017ed\u00e9m jeho \u0161l\u00e1pnut\u00ed. Souboje t\u011bchto dvou jezdc\u016f chyt\u0159e vyu\u017eil slovinsk\u00fd mlad\u00edk Er\u017een a trp\u011bliv\u00fdm sb\u00edr\u00e1n\u00edm bod\u016f Rottera&nbsp; v posledn\u00ed t\u0159etin\u011b z\u00e1vodu bodov\u011b p\u0159ekonal.<\/p>\n\n\n\n<p>Etapa byla ve sv\u00e9 polovin\u011b poznamen\u00e1na tvrd\u00fdm p\u00e1dem dom\u00e1c\u00edho jezdce \u0160t\u011bp\u00e1na \u0160irok\u00e9ho, kter\u00fd utrp\u011bl t\u011b\u017ek\u00fd ot\u0159es mozku a zlomeninu kli\u010dn\u00ed kosti, a z\u00e1vod musel b\u00fdt na v\u00edce ne\u017e p\u016fl hodiny p\u0159eru\u0161en.<\/p>\n\n\n\n<figure class=\"wp-block-image size-large\"><img loading=\"lazy\" decoding=\"async\" width=\"1024\" height=\"684\" src=\"https:\/\/www.czechcyclingfederation.com\/wp-content\/uploads\/2024\/05\/BrychtaJan_5001_kolo_20240516_171836_DSC_2490-1024x684.jpg\" alt=\"\" class=\"wp-image-29777\" srcset=\"https:\/\/www.czechcyclingfederation.com\/wp-content\/uploads\/2024\/05\/BrychtaJan_5001_kolo_20240516_171836_DSC_2490-1024x684.jpg 1024w, https:\/\/www.czechcyclingfederation.com\/wp-content\/uploads\/2024\/05\/BrychtaJan_5001_kolo_20240516_171836_DSC_2490-300x200.jpg 300w, https:\/\/www.czechcyclingfederation.com\/wp-content\/uploads\/2024\/05\/BrychtaJan_5001_kolo_20240516_171836_DSC_2490-768x513.jpg 768w, https:\/\/www.czechcyclingfederation.com\/wp-content\/uploads\/2024\/05\/BrychtaJan_5001_kolo_20240516_171836_DSC_2490-1536x1025.jpg 1536w, https:\/\/www.czechcyclingfederation.com\/wp-content\/uploads\/2024\/05\/BrychtaJan_5001_kolo_20240516_171836_DSC_2490-1320x881.jpg 1320w, https:\/\/www.czechcyclingfederation.com\/wp-content\/uploads\/2024\/05\/BrychtaJan_5001_kolo_20240516_171836_DSC_2490.jpg 2000w\" sizes=\"auto, (max-width: 1024px) 100vw, 1024px\" \/><\/figure>\n\n\n\n<p>V \u017eensk\u00e9 verzi na 300+1 kolo vyhr\u00e1la se zna\u010dnou bodovou p\u0159evahou polsk\u00e1 z\u00e1vodnice Patrycja Lorkowsk\u00e1, nejlep\u0161\u00ed \u010ce\u0161ka Ad\u00e9la Markov\u00e1 z Dukly Praha byla dev\u00e1t\u00e1.<\/p>\n\n\n\n<p>Celkem se z\u00e1vodu z\u00fa\u010dastnilo p\u0159es 230 z\u00e1vodnic a z\u00e1vodn\u00edk\u016f ze 17 st\u00e1t\u016f.<\/p>\n\n\n\n<figure class=\"wp-block-image size-large\"><img loading=\"lazy\" decoding=\"async\" width=\"1024\" height=\"681\" src=\"https:\/\/www.czechcyclingfederation.com\/wp-content\/uploads\/2024\/05\/BrychtaJan_5001_kolo_20240516_161913_D4C_7342-1024x681.jpg\" alt=\"\" class=\"wp-image-29773\" srcset=\"https:\/\/www.czechcyclingfederation.com\/wp-content\/uploads\/2024\/05\/BrychtaJan_5001_kolo_20240516_161913_D4C_7342-1024x681.jpg 1024w, https:\/\/www.czechcyclingfederation.com\/wp-content\/uploads\/2024\/05\/BrychtaJan_5001_kolo_20240516_161913_D4C_7342-300x200.jpg 300w, https:\/\/www.czechcyclingfederation.com\/wp-content\/uploads\/2024\/05\/BrychtaJan_5001_kolo_20240516_161913_D4C_7342-768x511.jpg 768w, https:\/\/www.czechcyclingfederation.com\/wp-content\/uploads\/2024\/05\/BrychtaJan_5001_kolo_20240516_161913_D4C_7342-1536x1022.jpg 1536w, https:\/\/www.czechcyclingfederation.com\/wp-content\/uploads\/2024\/05\/BrychtaJan_5001_kolo_20240516_161913_D4C_7342-1320x878.jpg 1320w, https:\/\/www.czechcyclingfederation.com\/wp-content\/uploads\/2024\/05\/BrychtaJan_5001_kolo_20240516_161913_D4C_7342.jpg 2000w\" sizes=\"auto, (max-width: 1024px) 100vw, 1024px\" \/><\/figure>\n\n\n\n<p>V\u00fdsledky:<\/p>\n\n\n\n<p>500+ 1 kolo:<\/p>\n\n\n\n<p>Mu\u017ei:<\/p>\n\n\n\n<p>1. Prokopyszyn (Pol.) 188, 2. Er\u017een (Slovin.) 164, 3. Rotter (Favorit Brno) 156. 4. Hriniv (Ukr.) 126, 5. Jogev (Izr.) 124, 6. Radosz (Pol.) 124, &#8230;9. M. Kobl\u00ed\u017eek (TUFO Pardus Prost\u011bjov.) 93.<\/p>\n\n\n\n<p>300 + 1 kolo:<\/p>\n\n\n\n<p>\u017deny:<\/p>\n\n\n\n<p>1. Lorkowsk\u00e1 (Pol.) 181, 2. Balej\u0161iteov\u00e1 (Lit.) 147, 3. Chylinsk\u00e1 (Pol.) 146, &#8230;9. Markov\u00e1 (Dukla Praha) 93.<\/p>\n\n\n\n<p>V\u00fdsledky vlo\u017een\u00fdch z\u00e1vod\u016f kategorie UCI Class 2:<\/p>\n\n\n\n<p>Bodovac\u00ed z\u00e1vod:<\/p>\n\n\n\n<p>Mu\u017ei: 1. Hriniv, 2. Rotter, 3. Donega (It.), &#8230;9. M. Kobl\u00ed\u017eek.<\/p>\n\n\n\n<p>\u017deny: 1. Zayedov\u00e1 (Eg.), 2. Chylinsk\u00e1 (Pol.), 3. Balej\u0161iteov\u00e1.<\/p>\n\n\n\n<p>Junio\u0159i: 1. Peterlin (SLO), 2. Bilertas (Lit.), 3. Zobl (Rak.).<\/p>\n\n\n\n<p>Scratch<\/p>\n\n\n\n<p>Mu\u017ei: 1. Winkler (D\u00e1n.), 2. Yilmaz (Tur.), 3. \u0160tec (\u010cR), &#8230;10. M. Kobl\u00ed\u017eek.<\/p>\n\n\n\n<p>\u017deny: 1. Rabazynsk\u00e1 (Pol.), 2. Balej\u0161iteov\u00e1, 3. Klim\u0161enkov\u00e1 (Ukr.).<\/p>\n\n\n\n<p>Junio\u0159i: 1. Plonka (Pol.), 2. Halu\u0161ka (SR), 3. Idan (Izr.).<\/p>\n\n\n\n<p>Vylu\u010dovac\u00ed z\u00e1vod<\/p>\n\n\n\n<p>Mu\u017ei: 1. Donega, 2. Yilmaz, 3. Er\u017een, &#8230;5. \u0160irok\u00fd (\u010cR).<\/p>\n\n\n\n<p>\u017deny: 1. Balej\u0161iteov\u00e1, 2. Rabazynsk\u00e1, 3. Chylinsk\u00e1, &#8230;10. Grulichov\u00e1 (\u010cR).<\/p>\n\n\n\n<p>FOTO Jan Brychta<\/p>\n","protected":false},"excerpt":{"rendered":"<p>Michal Rotter, z\u00e1vodn\u00edk po\u0159\u00e1daj\u00edc\u00edho klubu TJ Favorit Brno, obsadil na presti\u017en\u00edm dr\u00e1hov\u00e9m etapov\u00e9m bodovac\u00edm z\u00e1vod\u011b 500+1 kolo Velk\u00e1 cena Zemako vynikaj\u00edc\u00ed t\u0159et\u00ed m\u00edsto a zopakoval tak nem\u00e9n\u011b poveden\u00fd v\u00fdkon sv\u00e9ho t\u00fdmov\u00e9ho kolegy Adama K\u0159enka z p\u0159edchoz\u00edho roku. Rotterovo um\u00edstn\u00ed na 57. ro\u010dn\u00edku t\u00e9to tradi\u010dn\u00ed akce v\u0161ak mohlo b\u00fdt je\u0161t\u011b vyda\u0159en\u011bj\u0161\u00ed. Z\u00e1klad \u00fasp\u011bchu polo\u017eil hned v [&hellip;]<\/p>\n","protected":false},"author":8,"featured_media":29771,"comment_status":"closed","ping_status":"open","sticky":false,"template":"","format":"standard","meta":{"footnotes":""},"categories":[54,2],"tags":[9],"class_list":["post-29770","post","type-post","status-publish","format-standard","has-post-thumbnail","hentry","category-draha","category-novinky","tag-draha"],"_links":{"self":[{"href":"https:\/\/www.czechcyclingfederation.com\/en\/wp-json\/wp\/v2\/posts\/29770","targetHints":{"allow":["GET"]}}],"collection":[{"href":"https:\/\/www.czechcyclingfederation.com\/en\/wp-json\/wp\/v2\/posts"}],"about":[{"href":"https:\/\/www.czechcyclingfederation.com\/en\/wp-json\/wp\/v2\/types\/post"}],"author":[{"embeddable":true,"href":"https:\/\/www.czechcyclingfederation.com\/en\/wp-json\/wp\/v2\/users\/8"}],"replies":[{"embeddable":true,"href":"https:\/\/www.czechcyclingfederation.com\/en\/wp-json\/wp\/v2\/comments?post=29770"}],"version-history":[{"count":1,"href":"https:\/\/www.czechcyclingfederation.com\/en\/wp-json\/wp\/v2\/posts\/29770\/revisions"}],"predecessor-version":[{"id":29779,"href":"https:\/\/www.czechcyclingfederation.com\/en\/wp-json\/wp\/v2\/posts\/29770\/revisions\/29779"}],"wp:featuredmedia":[{"embeddable":true,"href":"https:\/\/www.czechcyclingfederation.com\/en\/wp-json\/wp\/v2\/media\/29771"}],"wp:attachment":[{"href":"https:\/\/www.czechcyclingfederation.com\/en\/wp-json\/wp\/v2\/media?parent=29770"}],"wp:term":[{"taxonomy":"category","embeddable":true,"href":"https:\/\/www.czechcyclingfederation.com\/en\/wp-json\/wp\/v2\/categories?post=29770"},{"taxonomy":"post_tag","embeddable":true,"href":"https:\/\/www.czechcyclingfederation.com\/en\/wp-json\/wp\/v2\/tags?post=29770"}],"curies":[{"name":"wp","href":"https:\/\/api.w.org\/{rel}","templated":true}]}}