{"id":29747,"date":"2024-05-15T06:31:27","date_gmt":"2024-05-15T04:31:27","guid":{"rendered":"https:\/\/www.czechcyclingfederation.com\/?p=29747"},"modified":"2024-05-15T06:31:30","modified_gmt":"2024-05-15T04:31:30","slug":"reprezentace-u23-jede-orlen-cup-dve-etapy-uvidi-cesko","status":"publish","type":"post","link":"https:\/\/www.czechcyclingfederation.com\/en\/reprezentace-u23-jede-orlen-cup-dve-etapy-uvidi-cesko\/","title":{"rendered":"Reprezentace U23 jede Orlen Cup. Dv\u011b etapy uvid\u00ed \u010cesko"},"content":{"rendered":"\n<p>\u0160estice cyklist\u016f do 23 let jede v dresu \u010desk\u00e9 reprezentace etapov\u00fd z\u00e1vod ORLEN Nations Grand Prix, kter\u00fd je za\u0159azen do nejvy\u0161\u0161\u00ed kategorie Nations Cup. Dv\u011b etapy t\u011b\u017ek\u00e9ho kopcovit\u00e9ho z\u00e1vodu se jedou na \u00fazem\u00ed \u010cesk\u00e9 republiky.<\/p>\n\n\n\n<p>Na dne\u0161n\u00edm startu v\u00a0Prost\u011bjov\u011b bude hned 22 reprezenta\u010dn\u00edch t\u00fdm\u016f. \u010cesk\u00fd dres obl\u00e9knou <strong>Maty\u00e1\u0161 Fiala, Martin B\u00e1rta, Daniel Mr\u00e1z, Jan Luke\u0161, Jakub Kuba a Daniel Rube\u0161.<\/strong><\/p>\n\n\n\n<p><em>\u201eJedn\u00e1 se o hodn\u011b t\u011b\u017ek\u00fd z\u00e1vod s\u00a0dojezdy na kopec a uvid\u00edme, jak to komu sedne. V\u00a0t\u00fdmu m\u00e1me t\u0159i prvoro\u010d\u00e1ky, Rube\u0161e, B\u00e1rtu a Kubu, pro kter\u00e9 to bude hlavn\u011b o z\u00edsk\u00e1n\u00ed zku\u0161enost\u00ed. Ti kluci jsou devizou do dal\u0161\u00edch let a pot\u0159ebuj\u00ed se otrkat v\u00a0takhle t\u011b\u017ek\u00fdch z\u00e1vodech s\u00a0t\u011bmi nejlep\u0161\u00edmi,\u201c<\/em> \u0159\u00edk\u00e1 tren\u00e9r <strong>Otakar Fiala<\/strong>, kter\u00fd na Orlen Cupu povede reprezenta\u010dn\u00ed t\u00fdm.<\/p>\n\n\n\n<p><em>\u201eHlavn\u00edm tahounem by m\u011bl b\u00fdt Fiala, formu m\u00e1 slu\u0161nou. B\u00e1rta jezdil dob\u0159e v\u00a0juniorech, v\u00a0n\u011bmeck\u00e9m t\u00fdmu Lotto Kern-Haus PSD Bank m\u00e1 hodn\u011b slu\u0161n\u00fd program, tak uvid\u00edme, jak mu to p\u016fjde,\u201c<\/em> dodal Fiala s\u00a0t\u00edm, \u017ee pro Z\u00e1vod m\u00edru U23, kter\u00fd se na na\u0161em \u00fazem\u00ed jede od 30. 5., dozn\u00e1 sestava ur\u010dit\u011b n\u011bjak\u00fdch zm\u011bn.<\/p>\n\n\n\n<p><em>\u201eChceme b\u00fdt aktivn\u00ed, pokud dojde na n\u011bjak\u00fd \u00fanik, tak tam zkus\u00edme b\u00fdt. Ale ot\u00e1zkou je, jak se bude z\u00e1vodit a jak to pojmou ty nejsiln\u011bj\u0161\u00ed t\u00fdmy,\u201c <\/em>uvedl tren\u00e9r.<\/p>\n\n\n\n<p>\u00davodn\u00ed etapa startuje dnes v&nbsp;Prost\u011bjov\u011b a c\u00edl je v&nbsp;Bouzov\u011b, hned dal\u0161\u00ed den \u010dek\u00e1 peloton p\u0159et\u011b\u017ek\u00fd dojezd se stoup\u00e1n\u00edm do ly\u017ea\u0159sk\u00e9ho st\u0159ediska Koh\u00fatka. Pot\u00e9 cyklist\u00e9 zam\u00ed\u0159\u00ed na Slovensko a z\u00e1vod vyvrchol\u00ed dv\u011bma etapami na polsk\u00e9m \u00fazem\u00ed.<\/p>\n","protected":false},"excerpt":{"rendered":"<p>\u0160estice cyklist\u016f do 23 let jede v dresu \u010desk\u00e9 reprezentace etapov\u00fd z\u00e1vod ORLEN Nations Grand Prix, kter\u00fd je za\u0159azen do nejvy\u0161\u0161\u00ed kategorie Nations Cup. Dv\u011b etapy t\u011b\u017ek\u00e9ho kopcovit\u00e9ho z\u00e1vodu se jedou na \u00fazem\u00ed \u010cesk\u00e9 republiky. Na dne\u0161n\u00edm startu v\u00a0Prost\u011bjov\u011b bude hned 22 reprezenta\u010dn\u00edch t\u00fdm\u016f. \u010cesk\u00fd dres obl\u00e9knou Maty\u00e1\u0161 Fiala, Martin B\u00e1rta, Daniel Mr\u00e1z, Jan Luke\u0161, [&hellip;]<\/p>\n","protected":false},"author":15,"featured_media":29749,"comment_status":"closed","ping_status":"open","sticky":false,"template":"","format":"standard","meta":{"footnotes":""},"categories":[2],"tags":[11],"class_list":["post-29747","post","type-post","status-publish","format-standard","has-post-thumbnail","hentry","category-novinky","tag-silnice"],"_links":{"self":[{"href":"https:\/\/www.czechcyclingfederation.com\/en\/wp-json\/wp\/v2\/posts\/29747","targetHints":{"allow":["GET"]}}],"collection":[{"href":"https:\/\/www.czechcyclingfederation.com\/en\/wp-json\/wp\/v2\/posts"}],"about":[{"href":"https:\/\/www.czechcyclingfederation.com\/en\/wp-json\/wp\/v2\/types\/post"}],"author":[{"embeddable":true,"href":"https:\/\/www.czechcyclingfederation.com\/en\/wp-json\/wp\/v2\/users\/15"}],"replies":[{"embeddable":true,"href":"https:\/\/www.czechcyclingfederation.com\/en\/wp-json\/wp\/v2\/comments?post=29747"}],"version-history":[{"count":1,"href":"https:\/\/www.czechcyclingfederation.com\/en\/wp-json\/wp\/v2\/posts\/29747\/revisions"}],"predecessor-version":[{"id":29748,"href":"https:\/\/www.czechcyclingfederation.com\/en\/wp-json\/wp\/v2\/posts\/29747\/revisions\/29748"}],"wp:featuredmedia":[{"embeddable":true,"href":"https:\/\/www.czechcyclingfederation.com\/en\/wp-json\/wp\/v2\/media\/29749"}],"wp:attachment":[{"href":"https:\/\/www.czechcyclingfederation.com\/en\/wp-json\/wp\/v2\/media?parent=29747"}],"wp:term":[{"taxonomy":"category","embeddable":true,"href":"https:\/\/www.czechcyclingfederation.com\/en\/wp-json\/wp\/v2\/categories?post=29747"},{"taxonomy":"post_tag","embeddable":true,"href":"https:\/\/www.czechcyclingfederation.com\/en\/wp-json\/wp\/v2\/tags?post=29747"}],"curies":[{"name":"wp","href":"https:\/\/api.w.org\/{rel}","templated":true}]}}