{"id":29734,"date":"2024-05-14T09:11:28","date_gmt":"2024-05-14T07:11:28","guid":{"rendered":"https:\/\/www.czechcyclingfederation.com\/?p=29734"},"modified":"2024-05-14T09:11:31","modified_gmt":"2024-05-14T07:11:31","slug":"5001-kolo-velka-cena-zemako","status":"publish","type":"post","link":"https:\/\/www.czechcyclingfederation.com\/en\/5001-kolo-velka-cena-zemako\/","title":{"rendered":"500+1 kolo: Velk\u00e1 cena ZEMAKO"},"content":{"rendered":"\n<p><strong>Dnes od 12:30 vypukne na brn\u011bnsk\u00e9m velodromu z\u00e1vody ml\u00e1de\u017enick\u00fdch kategori\u00ed 57. ro\u010dn\u00edk sv\u011btov\u011b ojedin\u011bl\u00e9ho p\u011btietapov\u00e9ho bodovac\u00edho z\u00e1vodu 500+1 kolo: Velk\u00e1 cena Zemako. Od lo\u0148sk\u00e9ho roku je t\u0159\u00eddenn\u00ed program ozdoben vlo\u017een\u00fdmi z\u00e1vody ve scratchi a vylu\u010dovac\u00edm z\u00e1vod\u011b, kter\u00e9 jsou za\u0159azeny do presti\u017en\u00edho kalend\u00e1\u0159e Mezin\u00e1rodn\u00ed cyklistick\u00e9 federace kategorie Class 2.<\/strong><\/p>\n\n\n\n<p>T\u011blov\u00fdchovn\u00e1 jednota Favorit Brno, kter\u00e1 tento podnik v\u00a0roce 1966 stvo\u0159ila, p\u0159iv\u00edt\u00e1 na sv\u00e9m velodromu v\u00a0n\u00e1sleduj\u00edc\u00edch t\u0159ech dnech v\u00edce ne\u017e 250 z\u00e1vodn\u00edk\u016f ze 17 st\u00e1t\u016f sv\u011bta. Tento ro\u010dn\u00edk se tak za\u0159ad\u00ed mezi ty s\u00a0nejpo\u010detn\u011bj\u0161\u00edm startovn\u00edm polem v\u00a0historii. \u201e<em>T\u011b\u0161\u00ed n\u00e1s, \u017ee si z\u00e1vod mezi zahrani\u010dn\u00edmi z\u00e1vodn\u00edky po chud\u0161\u00edch letech op\u011bt buduje renom\u00e9 a ti se k\u00a0n\u00e1m znovu a r\u00e1di vrac\u00ed. Je\u0161t\u011b v\u00edce n\u00e1m v\u0161ak d\u011bl\u00e1 radost, \u017ee krom\u011b elitn\u00ed kategorie se zahrani\u010dn\u00ed v\u00fdpravy z\u00fa\u010dastn\u00ed tak\u00e9 z\u00e1vod\u016f ml\u00e1de\u017enick\u00fdch kategori\u00ed. \u010cesk\u00e9 nad\u011bje se tak budou moci porovnat se stejn\u011b star\u00fdmi dr\u00e1ha\u0159i ze Slovinska, Izraele, Bulharska, \u0158ecka, Litvy, Rakouska, Polska nebo t\u0159eba i Turecka<\/em>,\u201c pochvaluje si tajemn\u00edk Favoritu Brno a \u0159editel z\u00e1vodu Zden\u011bk Valenta.<\/p>\n\n\n\n<figure class=\"wp-block-image size-large\"><img loading=\"lazy\" decoding=\"async\" width=\"1024\" height=\"683\" src=\"https:\/\/www.czechcyclingfederation.com\/wp-content\/uploads\/2024\/05\/m-4-1024x683.jpeg\" alt=\"\" class=\"wp-image-29735\" srcset=\"https:\/\/www.czechcyclingfederation.com\/wp-content\/uploads\/2024\/05\/m-4-1024x683.jpeg 1024w, https:\/\/www.czechcyclingfederation.com\/wp-content\/uploads\/2024\/05\/m-4-300x200.jpeg 300w, https:\/\/www.czechcyclingfederation.com\/wp-content\/uploads\/2024\/05\/m-4-768x512.jpeg 768w, https:\/\/www.czechcyclingfederation.com\/wp-content\/uploads\/2024\/05\/m-4-1536x1024.jpeg 1536w, https:\/\/www.czechcyclingfederation.com\/wp-content\/uploads\/2024\/05\/m-4-2048x1365.jpeg 2048w, https:\/\/www.czechcyclingfederation.com\/wp-content\/uploads\/2024\/05\/m-4-1320x880.jpeg 1320w\" sizes=\"auto, (max-width: 1024px) 100vw, 1024px\" \/><\/figure>\n\n\n\n<p>Hlavn\u00ed z\u00e1vod je rozd\u011blen do p\u011bti etap, v ka\u017ed\u00e9 etap\u011b se jede 100 kol, co\u017e na brn\u011bnsk\u00e9m velodromu \u010din\u00ed vzd\u00e1lenost 40 km. V\u00a0\u00fater\u00fd a ve st\u0159edu dr\u00e1ha\u0159i absolvuj\u00ed po dvou etap\u00e1ch, vrcholem bude posledn\u00ed \u010dtvrte\u010dn\u00ed etapa na 100 + 1 kolo. V posledn\u00edch ro\u010dn\u00edc\u00edch b\u00fdv\u00e1 zvykem, \u017ee a\u017e posledn\u00ed dv\u011b bodov\u00e1n\u00ed z\u00e1v\u011bre\u010dn\u00e9 \u010d\u00e1sti ur\u010d\u00ed absolutn\u00edho v\u00edt\u011bze a z\u00e1vod je tak dramatick\u00fd do posledn\u00edch okam\u017eik\u016f. Dr\u00e1hov\u00fd podnik tohoto form\u00e1tu je celosv\u011btov\u011b jedine\u010dn\u00fdm a k\u00a0jeho kouzlu je\u0161t\u011b p\u0159isp\u00edv\u00e1, \u017ee se jede na v\u016fbec nejstar\u0161\u00edm velodromu na sv\u011bt\u011b.\u00a0<\/p>\n\n\n\n<p>Triumf v\u00a0elitn\u00ed kategorii bude obhajovat Filip Prokopyszyn v\u00a0polsk\u00e9m n\u00e1rodn\u00edm dresu. Velkou konkurenc\u00ed mu bude italsk\u00fd borec Matteo Donega, v\u00edt\u011bz z\u00e1vodu\u00a0z roku 2019, jezd\u00edc\u00ed v\u00a0barv\u00e1ch CTF Victorious, co\u017e nen\u00ed nic jin\u00e9ho ne\u017e farma WorldTeamu Bahrajn Victorious. Tradi\u010dn\u011b siln\u00ed budou tak\u00e9 ostatn\u00ed Pol\u00e1ci \u010di Ukrajinci a po n\u011bkolika letech z\u00edsk\u00e1v\u00e1n\u00ed zku\u0161enost\u00ed se mus\u00ed po\u010d\u00edtat i s\u00a0reprezentanty Izraele. Hned dv\u011b \u017eel\u00edzka v\u00a0ohni m\u00e1 tak\u00e9 po\u0159\u00e1daj\u00edc\u00ed Favorit Brno, jeho\u017e z\u00e1vodn\u00edk Adam K\u0159enek bude obhajovat lo\u0148sk\u00e9 cenn\u00e9 3. m\u00edsto, a Denis Rugovac je na\u0161\u00ed olympijskou nad\u011bj\u00ed pro Pa\u0159\u00ed\u017e. V\u00a0p\u0159edb\u011b\u017en\u00e9 startovn\u00ed listin\u011b je k\u00a0akci p\u0159ihl\u00e1\u0161eno tak\u0159ka 55 elitn\u00edch dr\u00e1ha\u0159\u016f.<\/p>\n\n\n\n<figure class=\"wp-block-image size-large\"><img loading=\"lazy\" decoding=\"async\" width=\"1024\" height=\"682\" src=\"https:\/\/www.czechcyclingfederation.com\/wp-content\/uploads\/2024\/05\/m-5-1024x682.jpeg\" alt=\"\" class=\"wp-image-29737\" srcset=\"https:\/\/www.czechcyclingfederation.com\/wp-content\/uploads\/2024\/05\/m-5-1024x682.jpeg 1024w, https:\/\/www.czechcyclingfederation.com\/wp-content\/uploads\/2024\/05\/m-5-300x200.jpeg 300w, https:\/\/www.czechcyclingfederation.com\/wp-content\/uploads\/2024\/05\/m-5-768x511.jpeg 768w, https:\/\/www.czechcyclingfederation.com\/wp-content\/uploads\/2024\/05\/m-5-1536x1022.jpeg 1536w, https:\/\/www.czechcyclingfederation.com\/wp-content\/uploads\/2024\/05\/m-5-2048x1363.jpeg 2048w, https:\/\/www.czechcyclingfederation.com\/wp-content\/uploads\/2024\/05\/m-5-1320x879.jpeg 1320w\" sizes=\"auto, (max-width: 1024px) 100vw, 1024px\" \/><\/figure>\n\n\n\n<p>Kvalitn\u00ed soupe\u0159en\u00ed oko\u0159en\u00ed tak\u00e9 \u017eenskou verzi z\u00e1vodu na 300+1 kolo. V&nbsp;pelotonu v\u00edce ne\u017e 20 z\u00e1vodnic bude chyb\u011bt obh\u00e1jkyn\u011b v\u00edt\u011bzstv\u00ed Petra \u0160ev\u010d\u00edkov\u00e1 z&nbsp;Dukly Praha. Budouc\u00ed v\u00edt\u011bzku tak lze \u010dekat z&nbsp;po\u010detn\u00e9 polsk\u00e9 v\u00fdpravy, kter\u00e1 v\u0161ak bude muset odolat \u00fatok\u016fm ostatn\u00edch siln\u00fdch z\u00e1vodnic z&nbsp;It\u00e1lie, Litvy, \u0158ecka, Izraele, Slovinska, Rakouska a nebo Egypta.<\/p>\n\n\n\n<p>Netradi\u010dn\u011b se nejpo\u010detn\u011bj\u0161\u00ed startovn\u00ed pole utk\u00e1 v\u00a0juniorsk\u00e9m z\u00e1vod\u011b. Prozat\u00edmn\u00ed startovka \u010d\u00edt\u00e1 v\u00edce ne\u017e 60 jmen. V\u00a0t\u00e9to kategorii budou nejsiln\u011bj\u0161\u00ed t\u00fdmy ze\u00a0Slovinska, Polska, Rakouska a Turecka, kter\u00e9 p\u0159ijely s\u00a0v\u011bt\u0161\u00edm po\u010dtem z\u00e1vodn\u00edk\u016f. Prosadit se v\u00a0takto na dr\u00e1ze nezvykle po\u010detn\u00e9m pelotonu v\u0161ak nebude m\u00edt nikdo jednoduch\u00e9.<\/p>\n\n\n\n<p>\u201e<em>Leto\u0161n\u00ed hojn\u00e1 zahrani\u010dn\u00ed \u00fa\u010dast znovu dokazuje, \u017ee je brn\u011bnsk\u00fd velodrom ve 135. roce sv\u00e9 existence st\u00e1le atraktivn\u00ed dr\u00e1hou spl\u0148uj\u00edc\u00ed pravidla Mezin\u00e1rodn\u00ed cyklistick\u00e9 federace pro po\u0159\u00e1d\u00e1n\u00ed v\u00fdznamn\u00fdch sv\u011btov\u00fdch akc\u00ed<\/em>,\u201c dod\u00e1v\u00e1 \u010dlen organiza\u010dn\u00edho t\u00fdmu Josef Vaishar.<\/p>\n\n\n\n<p>Kompletn\u00ed program naleznete na webov\u00fdch st\u00e1nk\u00e1ch www.favoritbrno.cz, vstup voln\u00fd, ob\u010derstven\u00ed zaji\u0161t\u011bno.\u00a0<\/p>\n\n\n\n<p><em>Foto: Jan Brychta<\/em><\/p>\n","protected":false},"excerpt":{"rendered":"<p>Dnes od 12:30 vypukne na brn\u011bnsk\u00e9m velodromu z\u00e1vody ml\u00e1de\u017enick\u00fdch kategori\u00ed 57. ro\u010dn\u00edk sv\u011btov\u011b ojedin\u011bl\u00e9ho p\u011btietapov\u00e9ho bodovac\u00edho z\u00e1vodu 500+1 kolo: Velk\u00e1 cena Zemako. Od lo\u0148sk\u00e9ho roku je t\u0159\u00eddenn\u00ed program ozdoben vlo\u017een\u00fdmi z\u00e1vody ve scratchi a vylu\u010dovac\u00edm z\u00e1vod\u011b, kter\u00e9 jsou za\u0159azeny do presti\u017en\u00edho kalend\u00e1\u0159e Mezin\u00e1rodn\u00ed cyklistick\u00e9 federace kategorie Class 2. T\u011blov\u00fdchovn\u00e1 jednota Favorit Brno, kter\u00e1 tento podnik [&hellip;]<\/p>\n","protected":false},"author":2,"featured_media":29737,"comment_status":"closed","ping_status":"open","sticky":false,"template":"","format":"standard","meta":{"footnotes":""},"categories":[54,2],"tags":[9],"class_list":["post-29734","post","type-post","status-publish","format-standard","has-post-thumbnail","hentry","category-draha","category-novinky","tag-draha"],"_links":{"self":[{"href":"https:\/\/www.czechcyclingfederation.com\/en\/wp-json\/wp\/v2\/posts\/29734","targetHints":{"allow":["GET"]}}],"collection":[{"href":"https:\/\/www.czechcyclingfederation.com\/en\/wp-json\/wp\/v2\/posts"}],"about":[{"href":"https:\/\/www.czechcyclingfederation.com\/en\/wp-json\/wp\/v2\/types\/post"}],"author":[{"embeddable":true,"href":"https:\/\/www.czechcyclingfederation.com\/en\/wp-json\/wp\/v2\/users\/2"}],"replies":[{"embeddable":true,"href":"https:\/\/www.czechcyclingfederation.com\/en\/wp-json\/wp\/v2\/comments?post=29734"}],"version-history":[{"count":1,"href":"https:\/\/www.czechcyclingfederation.com\/en\/wp-json\/wp\/v2\/posts\/29734\/revisions"}],"predecessor-version":[{"id":29739,"href":"https:\/\/www.czechcyclingfederation.com\/en\/wp-json\/wp\/v2\/posts\/29734\/revisions\/29739"}],"wp:featuredmedia":[{"embeddable":true,"href":"https:\/\/www.czechcyclingfederation.com\/en\/wp-json\/wp\/v2\/media\/29737"}],"wp:attachment":[{"href":"https:\/\/www.czechcyclingfederation.com\/en\/wp-json\/wp\/v2\/media?parent=29734"}],"wp:term":[{"taxonomy":"category","embeddable":true,"href":"https:\/\/www.czechcyclingfederation.com\/en\/wp-json\/wp\/v2\/categories?post=29734"},{"taxonomy":"post_tag","embeddable":true,"href":"https:\/\/www.czechcyclingfederation.com\/en\/wp-json\/wp\/v2\/tags?post=29734"}],"curies":[{"name":"wp","href":"https:\/\/api.w.org\/{rel}","templated":true}]}}