{"id":29730,"date":"2024-05-13T20:12:09","date_gmt":"2024-05-13T18:12:09","guid":{"rendered":"https:\/\/www.czechcyclingfederation.com\/?p=29730"},"modified":"2024-05-13T20:12:12","modified_gmt":"2024-05-13T18:12:12","slug":"bartunkova-zabojuje-v-rock-hill-o-olympiadu","status":"publish","type":"post","link":"https:\/\/www.czechcyclingfederation.com\/en\/bartunkova-zabojuje-v-rock-hill-o-olympiadu\/","title":{"rendered":"Bart\u016f\u0148kov\u00e1 zabojuje v Rock Hill o olympi\u00e1du"},"content":{"rendered":"\n<p><strong>O v\u00edkendu v\u00a0Rock Hill v Ji\u017en\u00ed Karol\u00edn\u011b budou nejlep\u0161\u00ed bikrosa\u0159i sv\u011bta bojovat o medaile na sv\u011btov\u00e9m \u0161ampion\u00e1tu, ale v\u00a0s\u00e1zce je mo\u017enost kvalifikovat se na olympijsk\u00e9 hry v\u00a0Pa\u0159\u00ed\u017ei. O to se 18. kv\u011btna pokus\u00ed Eli\u0161ka Bart\u016f\u0148kov\u00e1 v\u00a0z\u00e1vod\u011b \u017een.<\/strong> <\/p>\n\n\n\n<p>\u201eC\u00edl je jasn\u00fd, postup Eli\u0161ky na olympijsk\u00e9 hry, poprat o jedno z m\u00edst pro z\u00e1vodnice z\u00a0t\u011bch zem\u00ed, kter\u00e9 nemaj\u00ed m\u00edsto z\u00a0n\u00e1rodn\u00edho koeficientu,\u201c \u0159\u00edk\u00e1 sm\u011ble p\u0159edseda komise BMX \u010cesk\u00e9ho svazu cyklistiky David Pr\u016f\u0161a.<\/p>\n\n\n\n<p>Tren\u00e9r Luk\u00e1\u0161 Tamme o\u010dek\u00e1v\u00e1, \u017ee fin\u00e1le by mohli vybojovat Marek Neu\u017eil v&nbsp;kategorii U23 a ve stejn\u00e9 kategorii \u017een Sabina Ko\u0161\u00e1rkov\u00e1, oba p\u0159ed rokem jeli semifin\u00e1le. \u201eA junior Jakub Klement by m\u011bl z\u00edskat tolik bod\u016f, aby pro p\u0159\u00ed\u0161t\u00ed mistrovstv\u00ed sv\u011bta v&nbsp;D\u00e1nsku z\u00edskal kv\u00f3tu pro \u010desk\u00fd bikros. Dr\u00e1ha by Klementovi mohla sed\u011bt a ostatn\u00edm ur\u010dit\u011b tak\u00e9, ale v\u0161e bude o startech. Je to jedna z&nbsp;leh\u010d\u00edch trat\u00ed, skoky nejsou tak \u0161pi\u010dat\u00e9, sp\u00ed\u0161e je takov\u00e1 rytmick\u00e1,\u201c \u0159ekl Tamme.<\/p>\n\n\n\n<p>\u010cesk\u00e1 nominace:<\/p>\n\n\n\n<p>Junio\u0159i: Jakub Klement.<\/p>\n\n\n\n<p>Mu\u017ei U23: Marek Neu\u017eil, Jakub Veseck\u00fd.<\/p>\n\n\n\n<p>\u017deny U23: Sabina Ko\u0161\u00e1rkov\u00e1.<\/p>\n\n\n\n<p>\u017deny: Eli\u0161ka Bart\u016f\u0148kov\u00e1.<\/p>\n\n\n\n<p><em>FOTO Nico van Dartel<\/em><\/p>\n","protected":false},"excerpt":{"rendered":"<p>O v\u00edkendu v\u00a0Rock Hill v Ji\u017en\u00ed Karol\u00edn\u011b budou nejlep\u0161\u00ed bikrosa\u0159i sv\u011bta bojovat o medaile na sv\u011btov\u00e9m \u0161ampion\u00e1tu, ale v\u00a0s\u00e1zce je mo\u017enost kvalifikovat se na olympijsk\u00e9 hry v\u00a0Pa\u0159\u00ed\u017ei. O to se 18. kv\u011btna pokus\u00ed Eli\u0161ka Bart\u016f\u0148kov\u00e1 v\u00a0z\u00e1vod\u011b \u017een. \u201eC\u00edl je jasn\u00fd, postup Eli\u0161ky na olympijsk\u00e9 hry, poprat o jedno z m\u00edst pro z\u00e1vodnice z\u00a0t\u011bch zem\u00ed, kter\u00e9 [&hellip;]<\/p>\n","protected":false},"author":2,"featured_media":29731,"comment_status":"closed","ping_status":"open","sticky":false,"template":"","format":"standard","meta":{"footnotes":""},"categories":[57,2],"tags":[55],"class_list":["post-29730","post","type-post","status-publish","format-standard","has-post-thumbnail","hentry","category-bmx","category-novinky","tag-bmx"],"_links":{"self":[{"href":"https:\/\/www.czechcyclingfederation.com\/en\/wp-json\/wp\/v2\/posts\/29730","targetHints":{"allow":["GET"]}}],"collection":[{"href":"https:\/\/www.czechcyclingfederation.com\/en\/wp-json\/wp\/v2\/posts"}],"about":[{"href":"https:\/\/www.czechcyclingfederation.com\/en\/wp-json\/wp\/v2\/types\/post"}],"author":[{"embeddable":true,"href":"https:\/\/www.czechcyclingfederation.com\/en\/wp-json\/wp\/v2\/users\/2"}],"replies":[{"embeddable":true,"href":"https:\/\/www.czechcyclingfederation.com\/en\/wp-json\/wp\/v2\/comments?post=29730"}],"version-history":[{"count":1,"href":"https:\/\/www.czechcyclingfederation.com\/en\/wp-json\/wp\/v2\/posts\/29730\/revisions"}],"predecessor-version":[{"id":29733,"href":"https:\/\/www.czechcyclingfederation.com\/en\/wp-json\/wp\/v2\/posts\/29730\/revisions\/29733"}],"wp:featuredmedia":[{"embeddable":true,"href":"https:\/\/www.czechcyclingfederation.com\/en\/wp-json\/wp\/v2\/media\/29731"}],"wp:attachment":[{"href":"https:\/\/www.czechcyclingfederation.com\/en\/wp-json\/wp\/v2\/media?parent=29730"}],"wp:term":[{"taxonomy":"category","embeddable":true,"href":"https:\/\/www.czechcyclingfederation.com\/en\/wp-json\/wp\/v2\/categories?post=29730"},{"taxonomy":"post_tag","embeddable":true,"href":"https:\/\/www.czechcyclingfederation.com\/en\/wp-json\/wp\/v2\/tags?post=29730"}],"curies":[{"name":"wp","href":"https:\/\/api.w.org\/{rel}","templated":true}]}}