{"id":29665,"date":"2024-05-11T19:20:35","date_gmt":"2024-05-11T17:20:35","guid":{"rendered":"https:\/\/www.czechcyclingfederation.com\/?p=29665"},"modified":"2024-05-12T11:28:17","modified_gmt":"2024-05-12T09:28:17","slug":"bratri-baxove-maji-zlato-z-juniorskeho-me-v-kolove","status":"publish","type":"post","link":"https:\/\/www.czechcyclingfederation.com\/en\/bratri-baxove-maji-zlato-z-juniorskeho-me-v-kolove\/","title":{"rendered":"Brat\u0159i Baxov\u00e9 maj\u00ed zlato z juniorsk\u00e9ho ME v kolov\u00e9"},"content":{"rendered":"\n<p>Naprosto suver\u00e9nn\u011b vybojovali brat\u0159i J\u00e1chym a Richard Baxov\u00e9 zlato na juniorsk\u00e9m evropsk\u00e9m \u0161ampion\u00e1tu v s\u00e1lov\u00e9 cyklistice v n\u011bmeck\u00e9m Amorbachu. Turnajem v kolov\u00e9 pro\u0161li jako n\u016f\u017e m\u00e1slem, ani jednou nezav\u00e1hali a po osmi v\u00edt\u011bzstv\u00edch vystoupili na nejvy\u0161\u0161\u00ed stupe\u0148, kdy\u017e ve fin\u00e1le porazili 3:0 dom\u00e1c\u00ed dvojici Oscar M\u00fcller a Vin G\u00f6rlich, t\u0159et\u00ed skon\u010dilo Rakousko. Titul v kolov\u00e9 vybojovali pro \u010ceskou republiku 27 letech.<\/p>\n\n\n\n<p>Ale nebyla to jedin\u00e1 \u010desk\u00e9 medaile. St\u0159\u00edbro p\u0159idala dvojice Pavel \u0160\u00edn, Vojt\u011bch Bla\u017eek. Loni bronzov\u00ed mlad\u00edci p\u0159edvedli ambici\u00f3zn\u00ed j\u00edzdu a z\u00edskali letos je\u0161t\u011b cenn\u011bj\u0161\u00ed medaili. Sv\u00fdm v\u011bkem jsou st\u00e1le velk\u00fdmi nad\u011bjemi pro dal\u0161\u00ed roky.<\/p>\n\n\n\n<p>Velmi hodnotnou j\u00edzdu a v\u00fdborn\u00e9 kone\u010dn\u00e9 \u010dtvrt\u00e9 m\u00edsto p\u0159edvedl v kategorii jednotlivc\u016f Kry\u0161tof Ne\u010das.<\/p>\n\n\n\n<p>V\u00fdsledky:<\/p>\n\n\n\n<p>Kolov\u00e1:<\/p>\n\n\n\n<p>\u010cR &#8211; Belgie 1:0, \u010cR &#8211; \u0160v\u00fdcarsko 9:2, \u010cR &#8211; Ma\u010farsko 15:0, \u010cR &#8211; Rakousko 4:1, \u010cR &#8211; N\u011bmecko 5:0, \u010cR &#8211; Francie 10:2.<\/p>\n\n\n\n<p>Semifin\u00e1le: \u010cR &#8211; \u0160v\u00fdcarsko 4:1, N\u011bmecko &#8211; Rakousko 4:2.<\/p>\n\n\n\n<p>Fin\u00e1le: \u010cR &#8211; N\u011bmecko 3:0, o 3. m\u00edsto: \u0160v\u00fdcarsko &#8211; Rakousko 2:3 v prodlou\u017een\u00ed.<\/p>\n\n\n\n<p>Dvojice otev\u0159en\u00e9:<\/p>\n\n\n\n<p>1. Brennerov\u00e1, Wechner (N\u011bm.) 122,60, 2. \u0160\u00edn, Bla\u017eek (\u010cR) 75,97, 3. G\u00f6belbecker, Eichler (\u0160v\u00fdc.) 75,83.<\/p>\n\n\n\n<p>Dvojice \u017eeny:<\/p>\n\n\n\n<p>1. Baierov\u00fd, Daudeyov\u00e1 (N\u011bm.) 111,22, 2. K\u00fcminov\u00e1, Seitzov\u00e1 (\u0160v\u00fdc.) 97,29, 3. Sark\u00f6ziov\u00e1, P\u00f6hrov\u00e1 (Ma\u010f.) 62,12, 4. T\u016fmov\u00e1, Cik\u00e1nkov\u00e1 (\u010cR) 54,09.<\/p>\n\n\n\n<p>Juniorky:<\/p>\n\n\n\n<p>1. von Rotzov\u00e1 (\u0160v\u00fdc.) 140,79, 2. Heinritziov\u00e1 136, 93, 3. Lechnerov\u00e1 (ob\u011b N\u011bm.) 134,25, &#8230;5. Vosi\u010dkov\u00e1 97,98, 10. T\u016fmov\u00e1 77,77.<\/p>\n\n\n\n<p>Junio\u0159i:<\/p>\n\n\n\n<p>1. Weber 194,03, 2. Halter (oba N\u011bm.) 189,03, 3. G\u00f6belbecker (\u0160v\u00fdc.) 110.92, 4. Ne\u010das 196,75, &#8230;7. Bla\u017eek (oba \u010cR) 79,51.<\/p>\n\n\n\n<p>FOTO UEC<\/p>\n\n\n\n<figure class=\"wp-block-image size-large\"><img loading=\"lazy\" decoding=\"async\" width=\"1024\" height=\"818\" src=\"https:\/\/www.czechcyclingfederation.com\/wp-content\/uploads\/2024\/05\/Vojtech-Blazek-Pavel-Sin-IMG_3969-1024x818.jpeg\" alt=\"\" class=\"wp-image-29672\" srcset=\"https:\/\/www.czechcyclingfederation.com\/wp-content\/uploads\/2024\/05\/Vojtech-Blazek-Pavel-Sin-IMG_3969-1024x818.jpeg 1024w, https:\/\/www.czechcyclingfederation.com\/wp-content\/uploads\/2024\/05\/Vojtech-Blazek-Pavel-Sin-IMG_3969-250x200.jpeg 250w, https:\/\/www.czechcyclingfederation.com\/wp-content\/uploads\/2024\/05\/Vojtech-Blazek-Pavel-Sin-IMG_3969-768x613.jpeg 768w, https:\/\/www.czechcyclingfederation.com\/wp-content\/uploads\/2024\/05\/Vojtech-Blazek-Pavel-Sin-IMG_3969-1536x1227.jpeg 1536w, https:\/\/www.czechcyclingfederation.com\/wp-content\/uploads\/2024\/05\/Vojtech-Blazek-Pavel-Sin-IMG_3969-2048x1636.jpeg 2048w, https:\/\/www.czechcyclingfederation.com\/wp-content\/uploads\/2024\/05\/Vojtech-Blazek-Pavel-Sin-IMG_3969-1320x1054.jpeg 1320w\" sizes=\"auto, (max-width: 1024px) 100vw, 1024px\" \/><\/figure>\n\n\n\n<figure class=\"wp-block-image size-large\"><img loading=\"lazy\" decoding=\"async\" width=\"1024\" height=\"466\" src=\"http:\/\/www.czechcyclingfederation.com\/wp-content\/uploads\/2024\/05\/FB_IMG_1715500164018-1024x466.jpg\" alt=\"\" class=\"wp-image-29695\" srcset=\"https:\/\/www.czechcyclingfederation.com\/wp-content\/uploads\/2024\/05\/FB_IMG_1715500164018-1024x466.jpg 1024w, https:\/\/www.czechcyclingfederation.com\/wp-content\/uploads\/2024\/05\/FB_IMG_1715500164018-300x136.jpg 300w, https:\/\/www.czechcyclingfederation.com\/wp-content\/uploads\/2024\/05\/FB_IMG_1715500164018-768x349.jpg 768w, https:\/\/www.czechcyclingfederation.com\/wp-content\/uploads\/2024\/05\/FB_IMG_1715500164018.jpg 1080w\" sizes=\"auto, (max-width: 1024px) 100vw, 1024px\" \/><\/figure>\n","protected":false},"excerpt":{"rendered":"<p>Naprosto suver\u00e9nn\u011b vybojovali brat\u0159i J\u00e1chym a Richard Baxov\u00e9 zlato na juniorsk\u00e9m evropsk\u00e9m \u0161ampion\u00e1tu v s\u00e1lov\u00e9 cyklistice v n\u011bmeck\u00e9m Amorbachu. Turnajem v kolov\u00e9 pro\u0161li jako n\u016f\u017e m\u00e1slem, ani jednou nezav\u00e1hali a po osmi v\u00edt\u011bzstv\u00edch vystoupili na nejvy\u0161\u0161\u00ed stupe\u0148, kdy\u017e ve fin\u00e1le porazili 3:0 dom\u00e1c\u00ed dvojici Oscar M\u00fcller a Vin G\u00f6rlich, t\u0159et\u00ed skon\u010dilo Rakousko. Titul v kolov\u00e9 [&hellip;]<\/p>\n","protected":false},"author":8,"featured_media":29697,"comment_status":"closed","ping_status":"open","sticky":false,"template":"","format":"standard","meta":{"footnotes":""},"categories":[2,60],"tags":[61],"class_list":["post-29665","post","type-post","status-publish","format-standard","has-post-thumbnail","hentry","category-novinky","category-salovka","tag-salovka"],"_links":{"self":[{"href":"https:\/\/www.czechcyclingfederation.com\/en\/wp-json\/wp\/v2\/posts\/29665","targetHints":{"allow":["GET"]}}],"collection":[{"href":"https:\/\/www.czechcyclingfederation.com\/en\/wp-json\/wp\/v2\/posts"}],"about":[{"href":"https:\/\/www.czechcyclingfederation.com\/en\/wp-json\/wp\/v2\/types\/post"}],"author":[{"embeddable":true,"href":"https:\/\/www.czechcyclingfederation.com\/en\/wp-json\/wp\/v2\/users\/8"}],"replies":[{"embeddable":true,"href":"https:\/\/www.czechcyclingfederation.com\/en\/wp-json\/wp\/v2\/comments?post=29665"}],"version-history":[{"count":3,"href":"https:\/\/www.czechcyclingfederation.com\/en\/wp-json\/wp\/v2\/posts\/29665\/revisions"}],"predecessor-version":[{"id":29701,"href":"https:\/\/www.czechcyclingfederation.com\/en\/wp-json\/wp\/v2\/posts\/29665\/revisions\/29701"}],"wp:featuredmedia":[{"embeddable":true,"href":"https:\/\/www.czechcyclingfederation.com\/en\/wp-json\/wp\/v2\/media\/29697"}],"wp:attachment":[{"href":"https:\/\/www.czechcyclingfederation.com\/en\/wp-json\/wp\/v2\/media?parent=29665"}],"wp:term":[{"taxonomy":"category","embeddable":true,"href":"https:\/\/www.czechcyclingfederation.com\/en\/wp-json\/wp\/v2\/categories?post=29665"},{"taxonomy":"post_tag","embeddable":true,"href":"https:\/\/www.czechcyclingfederation.com\/en\/wp-json\/wp\/v2\/tags?post=29665"}],"curies":[{"name":"wp","href":"https:\/\/api.w.org\/{rel}","templated":true}]}}