{"id":29620,"date":"2024-05-07T12:41:05","date_gmt":"2024-05-07T10:41:05","guid":{"rendered":"https:\/\/www.czechcyclingfederation.com\/?p=29620"},"modified":"2024-05-07T12:41:08","modified_gmt":"2024-05-07T10:41:08","slug":"juniory-a-juniorky-salove-cyklistiky-ceka-me-v-nemecku","status":"publish","type":"post","link":"https:\/\/www.czechcyclingfederation.com\/en\/juniory-a-juniorky-salove-cyklistiky-ceka-me-v-nemecku\/","title":{"rendered":"Juniory a juniorky s\u00e1lov\u00e9 cyklistiky \u010dek\u00e1 ME v\u202fN\u011bmecku \u00a0"},"content":{"rendered":"\n<p><strong>Ve st\u0159edu 8. kv\u011btna se juniorsk\u00e1 reprezentace s\u00e1lov\u00e9 cyklistiky vyd\u00e1 na cestu do N\u011bmeck\u00e9ho Amorbachu. 10. a 11. kv\u011btna budou evropsk\u00e9 juniorsk\u00e9 v\u00fdb\u011bry bojovat o medaile v\u202fn\u011bkolika kategori\u00edch. \u00a0<\/strong><\/p>\n\n\n\n<p>V kolov\u00e9 bude \u010ceskou republiku reprezentovat bratrsk\u00e1 dvojice ve slo\u017een\u00ed J\u00e1chym a Richard Baxovi. N\u00e1hradn\u00edm t\u00fdmem bude dvojice Dominik \u0160abata a \u0160imon Urb\u00e1nek. Reprezenta\u010dn\u00edm tren\u00e9rem kolov\u00e9 pro juniorskou kategorii je b\u00fdval\u00fd mistr sv\u011bta v\u202fkolov\u00e9 Pavel \u0160m\u00edd. \u00a0<br>\u00a0<br>V krasoj\u00edzd\u011b pak budou \u010ceskou republiku reprezentovat Kry\u0161tof Ne\u010das a Vojt\u011bch Bla\u017eek v\u202fkategorii jednotlivc\u016f. \u00a0<br>V jednotlivkyn\u00edch pak budou reprezentovat Kate\u0159ina Vosi\u010dkov\u00e1 a J\u016flie T\u016fmov\u00e1. \u00a0<br>Ve dvojic\u00edch juniorek se tak\u00e9 p\u0159edstav\u00ed J\u016flie T\u016fmov\u00e1 po boku Hany Cik\u00e1nkov\u00e9 a v\u202fkategorii dvojice open budou bojovat Pavel \u0160\u00edn s\u202fVojt\u011bchem Bla\u017ekem. \u00a0<br>Z\u00e1vodn\u00edky a z\u00e1vodnice krasoj\u00edzdy povede V\u011bra B\u0159\u00ednkov\u00e1 s\u202fPetrem Bart\u016f\u0148kem.<\/p>\n\n\n\n<p><\/p>\n\n\n\n<p>autor : Marek Topol\u00e1\u0159<\/p>\n","protected":false},"excerpt":{"rendered":"<p>Ve st\u0159edu 8. kv\u011btna se juniorsk\u00e1 reprezentace s\u00e1lov\u00e9 cyklistiky vyd\u00e1 na cestu do N\u011bmeck\u00e9ho Amorbachu. 10. a 11. kv\u011btna budou evropsk\u00e9 juniorsk\u00e9 v\u00fdb\u011bry bojovat o medaile v\u202fn\u011bkolika kategori\u00edch. \u00a0 V kolov\u00e9 bude \u010ceskou republiku reprezentovat bratrsk\u00e1 dvojice ve slo\u017een\u00ed J\u00e1chym a Richard Baxovi. N\u00e1hradn\u00edm t\u00fdmem bude dvojice Dominik \u0160abata a \u0160imon Urb\u00e1nek. Reprezenta\u010dn\u00edm tren\u00e9rem kolov\u00e9 [&hellip;]<\/p>\n","protected":false},"author":1,"featured_media":29623,"comment_status":"closed","ping_status":"open","sticky":false,"template":"","format":"standard","meta":{"footnotes":""},"categories":[2,60],"tags":[61],"class_list":["post-29620","post","type-post","status-publish","format-standard","has-post-thumbnail","hentry","category-novinky","category-salovka","tag-salovka"],"_links":{"self":[{"href":"https:\/\/www.czechcyclingfederation.com\/en\/wp-json\/wp\/v2\/posts\/29620","targetHints":{"allow":["GET"]}}],"collection":[{"href":"https:\/\/www.czechcyclingfederation.com\/en\/wp-json\/wp\/v2\/posts"}],"about":[{"href":"https:\/\/www.czechcyclingfederation.com\/en\/wp-json\/wp\/v2\/types\/post"}],"author":[{"embeddable":true,"href":"https:\/\/www.czechcyclingfederation.com\/en\/wp-json\/wp\/v2\/users\/1"}],"replies":[{"embeddable":true,"href":"https:\/\/www.czechcyclingfederation.com\/en\/wp-json\/wp\/v2\/comments?post=29620"}],"version-history":[{"count":1,"href":"https:\/\/www.czechcyclingfederation.com\/en\/wp-json\/wp\/v2\/posts\/29620\/revisions"}],"predecessor-version":[{"id":29625,"href":"https:\/\/www.czechcyclingfederation.com\/en\/wp-json\/wp\/v2\/posts\/29620\/revisions\/29625"}],"wp:featuredmedia":[{"embeddable":true,"href":"https:\/\/www.czechcyclingfederation.com\/en\/wp-json\/wp\/v2\/media\/29623"}],"wp:attachment":[{"href":"https:\/\/www.czechcyclingfederation.com\/en\/wp-json\/wp\/v2\/media?parent=29620"}],"wp:term":[{"taxonomy":"category","embeddable":true,"href":"https:\/\/www.czechcyclingfederation.com\/en\/wp-json\/wp\/v2\/categories?post=29620"},{"taxonomy":"post_tag","embeddable":true,"href":"https:\/\/www.czechcyclingfederation.com\/en\/wp-json\/wp\/v2\/tags?post=29620"}],"curies":[{"name":"wp","href":"https:\/\/api.w.org\/{rel}","templated":true}]}}