{"id":29588,"date":"2024-05-05T20:12:42","date_gmt":"2024-05-05T18:12:42","guid":{"rendered":"https:\/\/www.czechcyclingfederation.com\/?p=29588"},"modified":"2024-05-05T20:12:45","modified_gmt":"2024-05-05T18:12:45","slug":"kral-vyhral-posledni-etapu-sumpik-na-zmj-celkove-treti","status":"publish","type":"post","link":"https:\/\/www.czechcyclingfederation.com\/en\/kral-vyhral-posledni-etapu-sumpik-na-zmj-celkove-treti\/","title":{"rendered":"Kr\u00e1l vyhr\u00e1l posledn\u00ed etapu, \u0160ump\u00edk na ZMJ celkov\u011b t\u0159et\u00ed"},"content":{"rendered":"\n<p>\u010ce\u0161t\u00ed reprezentanti byli hodn\u011b vid\u011bt v\u00a0posledn\u00ed den Z\u00e1vodu m\u00edru junior\u016f. Z\u00e1v\u011bre\u010dnou etapu se startem i c\u00edlem v\u00a0Terez\u00edn\u011b toti\u017e ve spurtu vyhr\u00e1l <strong>Kry\u0161tof Kr\u00e1l<\/strong> a <strong>Pavel \u0160ump\u00edk<\/strong> obsadil t\u0159et\u00ed p\u0159\u00ed\u010dku v\u00a0kone\u010dn\u00e9m po\u0159ad\u00ed.<\/p>\n\n\n\n<p>Kr\u00e1l, kter\u00fd je jinak \u010dlenem n\u011bmeck\u00e9ho t\u00fdmu GRENKE &#8211; Auto Eder, potvrdil roli jednoho z&nbsp;nejrychlej\u0161\u00edch jezdc\u016f v&nbsp;juniorsk\u00e9m pelotonu a hromadn\u00fd dojezd ovl\u00e1dl naprosto suver\u00e9nn\u011b.<\/p>\n\n\n\n<figure class=\"wp-block-image size-large\"><img loading=\"lazy\" decoding=\"async\" width=\"1024\" height=\"684\" src=\"https:\/\/www.czechcyclingfederation.com\/wp-content\/uploads\/2024\/05\/kral-vyhrava-1024x684.jpg\" alt=\"\" class=\"wp-image-29591\" srcset=\"https:\/\/www.czechcyclingfederation.com\/wp-content\/uploads\/2024\/05\/kral-vyhrava-1024x684.jpg 1024w, https:\/\/www.czechcyclingfederation.com\/wp-content\/uploads\/2024\/05\/kral-vyhrava-300x200.jpg 300w, https:\/\/www.czechcyclingfederation.com\/wp-content\/uploads\/2024\/05\/kral-vyhrava-768x513.jpg 768w, https:\/\/www.czechcyclingfederation.com\/wp-content\/uploads\/2024\/05\/kral-vyhrava-1536x1025.jpg 1536w, https:\/\/www.czechcyclingfederation.com\/wp-content\/uploads\/2024\/05\/kral-vyhrava-1320x881.jpg 1320w, https:\/\/www.czechcyclingfederation.com\/wp-content\/uploads\/2024\/05\/kral-vyhrava.jpg 2048w\" sizes=\"auto, (max-width: 1024px) 100vw, 1024px\" \/><\/figure>\n\n\n\n<p>\u0160ump\u00edk, jezdec st\u00e1je Roman Kreuziger Cycling Academy, nastupoval do etapy jako druh\u00fd mu\u017e pr\u016fb\u011b\u017en\u00e9 klasifikace, ale nakonec si o jedno m\u00edsto pohor\u0161il. D\u00edky bonifikaci za druhou p\u0159\u00ed\u010dku v\u00a0etap\u011b se p\u0159ed n\u011bj dostal Nizozemec Senna Remijn. Ten si v\u00a0celkov\u00e9m po\u0159ad\u00ed nakonec polep\u0161il o dv\u011b m\u00edsta.<\/p>\n\n\n\n<p>Celkov\u00fdm v\u00edt\u011bzem 52. ro\u010dn\u00edku Z\u00e1vodu m\u00edru junior\u016f se stal d\u00e1nsk\u00fd reprezentant a \u00fa\u0159aduj\u00edc\u00ed mistr sv\u011bta Albert Philipsen.<\/p>\n\n\n\n<p><strong>4. etapa <\/strong>(98,3 km): <strong>1. Kr\u00e1l<\/strong> (\u010cR) 2:19:22, 2. Remijn (Niz.), 3. Taillieu (Belg.), 4. Lewandowski (Pol.), 5. Larsson (\u0160v\u00e9d.) v\u0161. stejn\u00fd \u010das.<\/p>\n\n\n\n<p><strong>Kone\u010dn\u00e9 po\u0159ad\u00ed: <\/strong>1. Philipsen (D\u00e1n.) 9:57:37, 2. Remijn (Niz.) +25, <strong>3. \u0160ump\u00edk <\/strong>+26, 4. \u00d6rn-Kristoff (Nor.) +30, 5. Taillieu +49, \u2026 <strong>20. Pit\u00e1k <\/strong>+1:44, <strong>21. Bittman <\/strong>+1:45, <strong>22. Pe\u0161ek <\/strong>+1:46, <strong>27. Zah\u00e1lka <\/strong>(v\u0161. \u010cR) +1:56.<\/p>\n","protected":false},"excerpt":{"rendered":"<p>\u010ce\u0161t\u00ed reprezentanti byli hodn\u011b vid\u011bt v\u00a0posledn\u00ed den Z\u00e1vodu m\u00edru junior\u016f. Z\u00e1v\u011bre\u010dnou etapu se startem i c\u00edlem v\u00a0Terez\u00edn\u011b toti\u017e ve spurtu vyhr\u00e1l Kry\u0161tof Kr\u00e1l a Pavel \u0160ump\u00edk obsadil t\u0159et\u00ed p\u0159\u00ed\u010dku v\u00a0kone\u010dn\u00e9m po\u0159ad\u00ed. Kr\u00e1l, kter\u00fd je jinak \u010dlenem n\u011bmeck\u00e9ho t\u00fdmu GRENKE &#8211; Auto Eder, potvrdil roli jednoho z&nbsp;nejrychlej\u0161\u00edch jezdc\u016f v&nbsp;juniorsk\u00e9m pelotonu a hromadn\u00fd dojezd ovl\u00e1dl naprosto suver\u00e9nn\u011b. [&hellip;]<\/p>\n","protected":false},"author":15,"featured_media":29589,"comment_status":"closed","ping_status":"open","sticky":false,"template":"","format":"standard","meta":{"footnotes":""},"categories":[2],"tags":[11],"class_list":["post-29588","post","type-post","status-publish","format-standard","has-post-thumbnail","hentry","category-novinky","tag-silnice"],"_links":{"self":[{"href":"https:\/\/www.czechcyclingfederation.com\/en\/wp-json\/wp\/v2\/posts\/29588","targetHints":{"allow":["GET"]}}],"collection":[{"href":"https:\/\/www.czechcyclingfederation.com\/en\/wp-json\/wp\/v2\/posts"}],"about":[{"href":"https:\/\/www.czechcyclingfederation.com\/en\/wp-json\/wp\/v2\/types\/post"}],"author":[{"embeddable":true,"href":"https:\/\/www.czechcyclingfederation.com\/en\/wp-json\/wp\/v2\/users\/15"}],"replies":[{"embeddable":true,"href":"https:\/\/www.czechcyclingfederation.com\/en\/wp-json\/wp\/v2\/comments?post=29588"}],"version-history":[{"count":1,"href":"https:\/\/www.czechcyclingfederation.com\/en\/wp-json\/wp\/v2\/posts\/29588\/revisions"}],"predecessor-version":[{"id":29593,"href":"https:\/\/www.czechcyclingfederation.com\/en\/wp-json\/wp\/v2\/posts\/29588\/revisions\/29593"}],"wp:featuredmedia":[{"embeddable":true,"href":"https:\/\/www.czechcyclingfederation.com\/en\/wp-json\/wp\/v2\/media\/29589"}],"wp:attachment":[{"href":"https:\/\/www.czechcyclingfederation.com\/en\/wp-json\/wp\/v2\/media?parent=29588"}],"wp:term":[{"taxonomy":"category","embeddable":true,"href":"https:\/\/www.czechcyclingfederation.com\/en\/wp-json\/wp\/v2\/categories?post=29588"},{"taxonomy":"post_tag","embeddable":true,"href":"https:\/\/www.czechcyclingfederation.com\/en\/wp-json\/wp\/v2\/tags?post=29588"}],"curies":[{"name":"wp","href":"https:\/\/api.w.org\/{rel}","templated":true}]}}