{"id":2957,"date":"2020-11-26T09:10:53","date_gmt":"2020-11-26T08:10:53","guid":{"rendered":"http:\/\/www.czechcyclingfederation.com\/?p=2957"},"modified":"2020-11-26T09:10:53","modified_gmt":"2020-11-26T08:10:53","slug":"cyklokrosar-hekele-dopoval","status":"publish","type":"post","link":"https:\/\/www.czechcyclingfederation.com\/en\/cyklokrosar-hekele-dopoval\/","title":{"rendered":"Cyklokrosa\u0159 Hekele dopoval"},"content":{"rendered":"\n<p>T\u0159ia\u010dty\u0159icetilet\u00fd cyklokrosa\u0159 Emil Hekele dopoval. Anal\u00fdza kontroln\u00edho vzorku B potvrdila jeho pozitivn\u00ed dopingov\u00fd n\u00e1lez. Vzorek obsahoval dv\u011b zak\u00e1zan\u00e9 l\u00e1tky oxandrolon a clenbuterol &#8211; anabolick\u00e9 androgenn\u00ed steroidy.<\/p>\n\n\n\n<p>\u00da\u0159aduj\u00edc\u00ed mistr republiky z lednov\u00e9ho z\u00e1vodu v Ji\u010d\u00edn\u011b podstoupil mimosout\u011b\u017en\u00ed antidopingovou kontrolu s pozitivn\u00edm v\u00fdsledkem v z\u00e1\u0159\u00ed. Hekelemu hroz\u00ed v\u00edcelet\u00fd z\u00e1kaz \u010dinnosti.<\/p>\n\n\n\n<p>Lo\u0161tick\u00fd rod\u00e1k Hekele nyn\u00ed \u010dek\u00e1 na svol\u00e1n\u00ed disciplin\u00e1rn\u00ed komise \u010cesk\u00e9ho svazu cyklistiky a Antidopingov\u00e9ho v\u00fdboru. &#8220;P\u0159\u00edpadem se budeme zab\u00fdvat v nejbli\u017e\u0161\u00edm mo\u017en\u00e9m term\u00ednu,&#8221; \u0159ekl p\u0159edseda DK \u010cSC David Pr\u016f\u0161a.<\/p>\n\n\n\n<p>FOTO Eduard Erben<\/p>\n","protected":false},"excerpt":{"rendered":"<p>T\u0159ia\u010dty\u0159icetilet\u00fd cyklokrosa\u0159 Emil Hekele dopoval. Anal\u00fdza kontroln\u00edho vzorku B potvrdila jeho pozitivn\u00ed dopingov\u00fd n\u00e1lez. Vzorek obsahoval dv\u011b zak\u00e1zan\u00e9 l\u00e1tky oxandrolon a clenbuterol &#8211; anabolick\u00e9 androgenn\u00ed steroidy. \u00da\u0159aduj\u00edc\u00ed mistr republiky z lednov\u00e9ho z\u00e1vodu v Ji\u010d\u00edn\u011b podstoupil mimosout\u011b\u017en\u00ed antidopingovou kontrolu s pozitivn\u00edm v\u00fdsledkem v z\u00e1\u0159\u00ed. Hekelemu hroz\u00ed v\u00edcelet\u00fd z\u00e1kaz \u010dinnosti. Lo\u0161tick\u00fd rod\u00e1k Hekele nyn\u00ed \u010dek\u00e1 na svol\u00e1n\u00ed [&hellip;]<\/p>\n","protected":false},"author":8,"featured_media":2958,"comment_status":"closed","ping_status":"open","sticky":false,"template":"","format":"standard","meta":{"footnotes":""},"categories":[58,2],"tags":[59],"class_list":["post-2957","post","type-post","status-publish","format-standard","has-post-thumbnail","hentry","category-cyklokros","category-novinky","tag-cyklokros"],"_links":{"self":[{"href":"https:\/\/www.czechcyclingfederation.com\/en\/wp-json\/wp\/v2\/posts\/2957","targetHints":{"allow":["GET"]}}],"collection":[{"href":"https:\/\/www.czechcyclingfederation.com\/en\/wp-json\/wp\/v2\/posts"}],"about":[{"href":"https:\/\/www.czechcyclingfederation.com\/en\/wp-json\/wp\/v2\/types\/post"}],"author":[{"embeddable":true,"href":"https:\/\/www.czechcyclingfederation.com\/en\/wp-json\/wp\/v2\/users\/8"}],"replies":[{"embeddable":true,"href":"https:\/\/www.czechcyclingfederation.com\/en\/wp-json\/wp\/v2\/comments?post=2957"}],"version-history":[{"count":1,"href":"https:\/\/www.czechcyclingfederation.com\/en\/wp-json\/wp\/v2\/posts\/2957\/revisions"}],"predecessor-version":[{"id":2959,"href":"https:\/\/www.czechcyclingfederation.com\/en\/wp-json\/wp\/v2\/posts\/2957\/revisions\/2959"}],"wp:featuredmedia":[{"embeddable":true,"href":"https:\/\/www.czechcyclingfederation.com\/en\/wp-json\/wp\/v2\/media\/2958"}],"wp:attachment":[{"href":"https:\/\/www.czechcyclingfederation.com\/en\/wp-json\/wp\/v2\/media?parent=2957"}],"wp:term":[{"taxonomy":"category","embeddable":true,"href":"https:\/\/www.czechcyclingfederation.com\/en\/wp-json\/wp\/v2\/categories?post=2957"},{"taxonomy":"post_tag","embeddable":true,"href":"https:\/\/www.czechcyclingfederation.com\/en\/wp-json\/wp\/v2\/tags?post=2957"}],"curies":[{"name":"wp","href":"https:\/\/api.w.org\/{rel}","templated":true}]}}