{"id":29465,"date":"2024-05-03T14:10:53","date_gmt":"2024-05-03T12:10:53","guid":{"rendered":"https:\/\/www.czechcyclingfederation.com\/?p=29465"},"modified":"2024-05-03T14:37:23","modified_gmt":"2024-05-03T12:37:23","slug":"sumpik-na-uvod-porazil-mistra-v-casovce-byl-paty","status":"publish","type":"post","link":"https:\/\/www.czechcyclingfederation.com\/en\/sumpik-na-uvod-porazil-mistra-v-casovce-byl-paty\/","title":{"rendered":"\u0160ump\u00edk na \u00favod porazil mistra sv\u011bta, v \u010dasovce byl p\u00e1t\u00fd"},"content":{"rendered":"\n<p><strong>Pavel \u0160ump\u00edk<\/strong> se stal senza\u010dn\u00edm v\u00edt\u011bzem \u00favodn\u00ed etapy Z\u00e1vodu m\u00edru junior\u016f. Dvaapades\u00e1t\u00fd ro\u010dn\u00edk \u010d\u00edtaj\u00edc\u00ed \u010dty\u0159i etapy odstartoval ve \u010dtvrtek v&nbsp;Litom\u011b\u0159ic\u00edch.<\/p>\n\n\n\n<p><em>\u201eJe to neuv\u011b\u0159iteln\u00e9, prost\u011b neskute\u010dn\u00e9. V\u017edy\u0165 jde o jeden z&nbsp;nejv\u011bt\u0161\u00edch z\u00e1vod\u016f moj\u00ed kategorie a j\u00e1 pojedu v&nbsp;trikotu l\u00eddra,\u201c<\/em> radoval se sedmn\u00e1ctilet\u00fd z\u00e1vodn\u00edk pat\u0159\u00edc\u00ed norm\u00e1ln\u011b do sestavy akademie Romana Kreuzigera.<\/p>\n\n\n\n<p>Na start tradi\u010dn\u00ed prov\u011brky mlad\u00fdch cyklist\u016f se postavilo osmn\u00e1ct n\u00e1rodn\u00edch t\u00fdm\u016f a \u010dty\u0159i klubov\u00e9 v\u00fdb\u011bry. Bal\u00edk na startu \u010d\u00edtal p\u0159es sto dvacet cyklist\u016f z&nbsp;jednadvaceti zem\u00ed, p\u0159i\u010dem\u017e nejv\u011bt\u0161\u00ed hv\u011bzdou byl \u00fa\u0159aduj\u00edc\u00ed juniorsk\u00fd mistr sv\u011bta z&nbsp;D\u00e1nska Albert Philipsen, kter\u00fd m\u00e1 od p\u0159\u00ed\u0161t\u00ed sezony podepsan\u00fd \u010dty\u0159let\u00fd kontrakt ve World Tour formaci Lidl Trek.<\/p>\n\n\n\n<p>Pr\u00e1v\u011b rod\u00e1ka z&nbsp;Holte, kter\u00fd v&nbsp;p\u0159ede\u0161l\u00e9m pr\u016fb\u011bhu sezony b\u011bhem sedmi z\u00e1vodn\u00edch dn\u016f slavil dv\u011b v\u00edt\u011bzstv\u00ed, porazil na p\u00e1sce Pavel \u0160ump\u00edk.<\/p>\n\n\n\n<p>Do p\u00e1te\u010dn\u00ed \u010dasovky na deset kilometr\u016f odstartoval ve \u017elut\u00e9m dresu l\u00eddra Z\u00e1vodu m\u00edru junior\u016f, kter\u00e1 m\u00e1 na programu v&nbsp;sobotu kr\u00e1lovskou etapu v&nbsp;Kru\u0161n\u00fdch hor\u00e1ch a v&nbsp;ned\u011bli bitva o v\u00edt\u011bzstv\u00ed vyvrchol\u00ed \u010dtvrt\u00fdm d\u011bjstv\u00edm.<\/p>\n\n\n\n<p>V&nbsp;\u010dasovce skon\u010dil \u0160ump\u00edk p\u00e1t\u00fd se ztr\u00e1tou 22 sekund na Philipsena, v pr\u016fb\u011b\u017en\u00e9m po\u0159ad\u00ed si pohor\u0161il na druh\u00e9 m\u00edsto.<\/p>\n\n\n\n<p><\/p>\n","protected":false},"excerpt":{"rendered":"<p>Pavel \u0160ump\u00edk se stal senza\u010dn\u00edm v\u00edt\u011bzem \u00favodn\u00ed etapy Z\u00e1vodu m\u00edru junior\u016f. Dvaapades\u00e1t\u00fd ro\u010dn\u00edk \u010d\u00edtaj\u00edc\u00ed \u010dty\u0159i etapy odstartoval ve \u010dtvrtek v&nbsp;Litom\u011b\u0159ic\u00edch. \u201eJe to neuv\u011b\u0159iteln\u00e9, prost\u011b neskute\u010dn\u00e9. V\u017edy\u0165 jde o jeden z&nbsp;nejv\u011bt\u0161\u00edch z\u00e1vod\u016f moj\u00ed kategorie a j\u00e1 pojedu v&nbsp;trikotu l\u00eddra,\u201c radoval se sedmn\u00e1ctilet\u00fd z\u00e1vodn\u00edk pat\u0159\u00edc\u00ed norm\u00e1ln\u011b do sestavy akademie Romana Kreuzigera. Na start tradi\u010dn\u00ed prov\u011brky mlad\u00fdch cyklist\u016f [&hellip;]<\/p>\n","protected":false},"author":15,"featured_media":29467,"comment_status":"closed","ping_status":"open","sticky":false,"template":"","format":"standard","meta":{"footnotes":""},"categories":[2],"tags":[11],"class_list":["post-29465","post","type-post","status-publish","format-standard","has-post-thumbnail","hentry","category-novinky","tag-silnice"],"_links":{"self":[{"href":"https:\/\/www.czechcyclingfederation.com\/en\/wp-json\/wp\/v2\/posts\/29465","targetHints":{"allow":["GET"]}}],"collection":[{"href":"https:\/\/www.czechcyclingfederation.com\/en\/wp-json\/wp\/v2\/posts"}],"about":[{"href":"https:\/\/www.czechcyclingfederation.com\/en\/wp-json\/wp\/v2\/types\/post"}],"author":[{"embeddable":true,"href":"https:\/\/www.czechcyclingfederation.com\/en\/wp-json\/wp\/v2\/users\/15"}],"replies":[{"embeddable":true,"href":"https:\/\/www.czechcyclingfederation.com\/en\/wp-json\/wp\/v2\/comments?post=29465"}],"version-history":[{"count":3,"href":"https:\/\/www.czechcyclingfederation.com\/en\/wp-json\/wp\/v2\/posts\/29465\/revisions"}],"predecessor-version":[{"id":29471,"href":"https:\/\/www.czechcyclingfederation.com\/en\/wp-json\/wp\/v2\/posts\/29465\/revisions\/29471"}],"wp:featuredmedia":[{"embeddable":true,"href":"https:\/\/www.czechcyclingfederation.com\/en\/wp-json\/wp\/v2\/media\/29467"}],"wp:attachment":[{"href":"https:\/\/www.czechcyclingfederation.com\/en\/wp-json\/wp\/v2\/media?parent=29465"}],"wp:term":[{"taxonomy":"category","embeddable":true,"href":"https:\/\/www.czechcyclingfederation.com\/en\/wp-json\/wp\/v2\/categories?post=29465"},{"taxonomy":"post_tag","embeddable":true,"href":"https:\/\/www.czechcyclingfederation.com\/en\/wp-json\/wp\/v2\/tags?post=29465"}],"curies":[{"name":"wp","href":"https:\/\/api.w.org\/{rel}","templated":true}]}}