{"id":29460,"date":"2024-05-02T17:49:03","date_gmt":"2024-05-02T15:49:03","guid":{"rendered":"https:\/\/www.czechcyclingfederation.com\/?p=29460"},"modified":"2024-05-02T17:49:07","modified_gmt":"2024-05-02T15:49:07","slug":"paty-zavod-v-lesoparku-letnany-ukoncil-jarni-cast-skoda-prazskeho-mtb-poharu","status":"publish","type":"post","link":"https:\/\/www.czechcyclingfederation.com\/en\/paty-zavod-v-lesoparku-letnany-ukoncil-jarni-cast-skoda-prazskeho-mtb-poharu\/","title":{"rendered":"P\u00e1t\u00fd z\u00e1vod v Lesoparku Let\u0148any ukon\u010dil jarn\u00ed \u010d\u00e1st \u0160KODA Pra\u017esk\u00e9ho MTB poh\u00e1ru"},"content":{"rendered":"\n<p>\u0160KODA Pra\u017esk\u00fd MTB poh\u00e1r pokra\u010doval p\u00e1t\u00fdm z\u00e1vodem v u\u017e tradi\u010dn\u00edm term\u00ednu 1. kv\u011btna v Lesoparku Let\u0148any. Z\u00e1vod op\u011bt prov\u00e1zelo slune\u010dn\u00e9 a tepl\u00e9 po\u010das\u00ed a do boj\u016f o d\u016fle\u017eit\u00e9 body celkov\u00e9ho po\u0159ad\u00ed poh\u00e1ru sout\u011b\u017ee jednotlivc\u016f i t\u00fdm\u016f se zapojili z\u00e1vodn\u00edci ze v\u0161ech \u010d\u00e1st\u00ed republiky. \u0160KODA Pra\u017esk\u00fd MTB poh\u00e1r u\u017e m\u00e1 p\u0159ed sebou pouze fin\u00e1lov\u00fd z\u00e1vod. Uskute\u010dn\u00ed se v ned\u011bli 8. z\u00e1\u0159\u00ed v lokalit\u011b Traily Motol a z\u00e1vod bude z\u00e1rove\u0148 vyps\u00e1n i jako presti\u017en\u00ed Mistrovstv\u00ed Prahy.<\/p>\n\n\n\n<p>Od \u010dasn\u00e9ho r\u00e1na a\u017e do pozdn\u00edch odpoledn\u00edch hodin startovali z\u00e1vodn\u00edci a z\u00e1vodnice jednotliv\u00fdch kategori\u00ed do boj\u016f o d\u016fle\u017eit\u00e9 body sout\u011b\u017ee jednotlivc\u016f i sledovan\u00e9 sout\u011b\u017ee t\u00fdm\u016f. Po\u0159adatel\u00e9 pra\u017esk\u00e9ho seri\u00e1lu m\u011bli tento rok v\u00fdjime\u010dn\u00e9 \u0161t\u011bst\u00ed na p\u0159\u00edzniv\u00e9 po\u010das\u00ed, co\u017e se projevilo nejenom v \u00fa\u010dastnick\u00e9, ale i v div\u00e1ck\u00e9 n\u00e1v\u0161t\u011bvnosti a \u00fa\u010dastn\u00edky z\u00e1vodu p\u0159ijel do Lesoparku Let\u0148any pozdravit i Prezident \u010cesk\u00e9ho svazu cyklistiky Petr Marek.<\/p>\n\n\n\n<p>\u0160KODA Pra\u017esk\u00fd MTB poh\u00e1r nyn\u00ed \u010dek\u00e1 p\u0159est\u00e1vka v d\u00e9lce \u010dty\u0159 m\u011bs\u00edc\u016f a pak u\u017e pouze posledn\u00ed, fin\u00e1lov\u00fd z\u00e1vod, kter\u00fd ale v minulosti dokonale dok\u00e1zal prom\u00edchat celkov\u00fdm po\u0159ad\u00edm i pozm\u011bnit mnoho v\u00fdsledkov\u00fdch jistot.<\/p>\n\n\n\n<p>V\u00fdsledky 5. z\u00e1vodu \u0160KODA Pra\u017esk\u00e9ho MTB poh\u00e1ru \u201eVelk\u00e1 cena Caf\u00e9 Calabrone\u201c ZDE: https:\/\/sportt.cz\/racesResults\/resultlist\/1343<\/p>\n","protected":false},"excerpt":{"rendered":"<p>\u0160KODA Pra\u017esk\u00fd MTB poh\u00e1r pokra\u010doval p\u00e1t\u00fdm z\u00e1vodem v u\u017e tradi\u010dn\u00edm term\u00ednu 1. kv\u011btna v Lesoparku Let\u0148any. Z\u00e1vod op\u011bt prov\u00e1zelo slune\u010dn\u00e9 a tepl\u00e9 po\u010das\u00ed a do boj\u016f o d\u016fle\u017eit\u00e9 body celkov\u00e9ho po\u0159ad\u00ed poh\u00e1ru sout\u011b\u017ee jednotlivc\u016f i t\u00fdm\u016f se zapojili z\u00e1vodn\u00edci ze v\u0161ech \u010d\u00e1st\u00ed republiky. \u0160KODA Pra\u017esk\u00fd MTB poh\u00e1r u\u017e m\u00e1 p\u0159ed sebou pouze fin\u00e1lov\u00fd z\u00e1vod. Uskute\u010dn\u00ed [&hellip;]<\/p>\n","protected":false},"author":8,"featured_media":29461,"comment_status":"closed","ping_status":"open","sticky":false,"template":"","format":"standard","meta":{"footnotes":""},"categories":[186,46,2],"tags":[10],"class_list":["post-29460","post","type-post","status-publish","format-standard","has-post-thumbnail","hentry","category-mtb-fotogalerie","category-novinky-sportovni-centra","category-novinky","tag-mtb"],"_links":{"self":[{"href":"https:\/\/www.czechcyclingfederation.com\/en\/wp-json\/wp\/v2\/posts\/29460","targetHints":{"allow":["GET"]}}],"collection":[{"href":"https:\/\/www.czechcyclingfederation.com\/en\/wp-json\/wp\/v2\/posts"}],"about":[{"href":"https:\/\/www.czechcyclingfederation.com\/en\/wp-json\/wp\/v2\/types\/post"}],"author":[{"embeddable":true,"href":"https:\/\/www.czechcyclingfederation.com\/en\/wp-json\/wp\/v2\/users\/8"}],"replies":[{"embeddable":true,"href":"https:\/\/www.czechcyclingfederation.com\/en\/wp-json\/wp\/v2\/comments?post=29460"}],"version-history":[{"count":1,"href":"https:\/\/www.czechcyclingfederation.com\/en\/wp-json\/wp\/v2\/posts\/29460\/revisions"}],"predecessor-version":[{"id":29463,"href":"https:\/\/www.czechcyclingfederation.com\/en\/wp-json\/wp\/v2\/posts\/29460\/revisions\/29463"}],"wp:featuredmedia":[{"embeddable":true,"href":"https:\/\/www.czechcyclingfederation.com\/en\/wp-json\/wp\/v2\/media\/29461"}],"wp:attachment":[{"href":"https:\/\/www.czechcyclingfederation.com\/en\/wp-json\/wp\/v2\/media?parent=29460"}],"wp:term":[{"taxonomy":"category","embeddable":true,"href":"https:\/\/www.czechcyclingfederation.com\/en\/wp-json\/wp\/v2\/categories?post=29460"},{"taxonomy":"post_tag","embeddable":true,"href":"https:\/\/www.czechcyclingfederation.com\/en\/wp-json\/wp\/v2\/tags?post=29460"}],"curies":[{"name":"wp","href":"https:\/\/api.w.org\/{rel}","templated":true}]}}