{"id":29401,"date":"2024-04-28T21:02:58","date_gmt":"2024-04-28T19:02:58","guid":{"rendered":"https:\/\/www.czechcyclingfederation.com\/?p=29401"},"modified":"2024-04-29T09:08:02","modified_gmt":"2024-04-29T07:08:02","slug":"sumpik-vitezem-grand-prix-west-bohemia","status":"publish","type":"post","link":"https:\/\/www.czechcyclingfederation.com\/en\/sumpik-vitezem-grand-prix-west-bohemia\/","title":{"rendered":"\u0160ump\u00edk v\u00edt\u011bzem ARBYD Grand Prix West Bohemia!"},"content":{"rendered":"\n<p>\u010ctvrt\u00fd ro\u010dn\u00edk z\u00e1vodu ARBYD Grand Prix West Bohemia junior\u016f v Ky\u0161ic\u00edch u Plzn\u011b ovl\u00e1dl <strong>Pavel \u0160ump\u00edk<\/strong> z po\u0159\u00e1daj\u00edc\u00ed Roman Kreuziger Cycling Academy. A to v premi\u00e9\u0159e etapov\u00e9 verze mezin\u00e1rodn\u00edho z\u00e1vodu v kategorii UCI 2.1.<\/p>\n\n\n\n<p>Sedmn\u00e1ctilet\u00fd jezdec vyhr\u00e1l hned prvn\u00ed etapu, kdy\u017e t\u00fdmu z Plzn\u011b vy\u0161la na zvln\u011bn\u00e9m okruhu u Ky\u0161ic dob\u0159e zvolen\u00e1 taktika. Zat\u00edmco \u0160ump\u00edk v hlavn\u00edm poli \u0161et\u0159il s\u00edly, do \u00faniku vyrazil jeho kolega z t\u00fdmu i reprezentace Adam Pe\u0161ek a brnkal tak na nervy soupe\u0159\u016fm z Evropy, USA i Kanady. A kdy\u017e peloton v z\u00e1v\u011bre\u010dn\u00e9m kole \u010deln\u00ed skupinu dostihl, Pe\u0161ek je\u0161t\u011b pro \u0160ump\u00edka odt\u00e1hl posledn\u00ed kopec a t\u00fdmov\u00fd l\u00eddr pak triumfoval v c\u00edlov\u00e9m spurtu p\u0159ed dvojic\u00ed jezdc\u016f n\u011bmeck\u00e9 st\u00e1je Grenke Auto Eder, tedy l\u00edhn\u011b profesion\u00e1ln\u00ed Bora\u2013Hansgrohe.<\/p>\n\n\n\n<figure class=\"wp-block-image size-large\"><img loading=\"lazy\" decoding=\"async\" width=\"1024\" height=\"682\" src=\"https:\/\/www.czechcyclingfederation.com\/wp-content\/uploads\/2024\/04\/sumpik-cil-1024x682.jpg\" alt=\"\" class=\"wp-image-29405\" srcset=\"https:\/\/www.czechcyclingfederation.com\/wp-content\/uploads\/2024\/04\/sumpik-cil-1024x682.jpg 1024w, https:\/\/www.czechcyclingfederation.com\/wp-content\/uploads\/2024\/04\/sumpik-cil-300x200.jpg 300w, https:\/\/www.czechcyclingfederation.com\/wp-content\/uploads\/2024\/04\/sumpik-cil-768x511.jpg 768w, https:\/\/www.czechcyclingfederation.com\/wp-content\/uploads\/2024\/04\/sumpik-cil-1536x1022.jpg 1536w, https:\/\/www.czechcyclingfederation.com\/wp-content\/uploads\/2024\/04\/sumpik-cil-2048x1363.jpg 2048w, https:\/\/www.czechcyclingfederation.com\/wp-content\/uploads\/2024\/04\/sumpik-cil-1320x879.jpg 1320w\" sizes=\"auto, (max-width: 1024px) 100vw, 1024px\" \/><\/figure>\n\n\n\n<p>\u017dlut\u00fd dres pak \u0160ump\u00edk uh\u00e1jil pod osobn\u00edm dohledem Romana Kreuzigera i druh\u00fd den, kdy junio\u0159i absolvovali znovu 120,6 km, ale opa\u010dn\u00fdm sm\u011brem ne\u017e v \u00favodn\u00ed etap\u011b.<\/p>\n\n\n\n<p>V \u010dele se postupn\u011b zformovala \u0161estice mlad\u00edk\u016f, jejich n\u00e1skok vzrostl a\u017e na 1:40 minuty, \u0160ump\u00edk v\u0161ak v hlavn\u00edm poli s pomoc\u00ed t\u00fdmu kontroloval situaci. Peloton v z\u00e1v\u011bru je\u0161t\u011b zrychlil, \u010deln\u00ed skupinu p\u0159ed c\u00edlem dostihl, ale v\u00edt\u011bzstv\u00ed v etap\u011b si ve fini\u0161i urval jeden z uprchl\u00edk\u016f Lindholm Andersen (Grenke Auto Eder). \u0160ump\u00edk spurtoval jako \u010dtvrt\u00fd a mohl slavit celkov\u00e9 prvenstv\u00ed.<\/p>\n\n\n\n<p><strong><em>\u201ePocity jsou neskute\u010dn\u00e9, jsem hrozn\u011b \u0161\u0165astn\u00fd,\u201c <\/em><\/strong>rozpl\u00fdval se v c\u00edli v\u00edt\u011bz, kter\u00fd jen potvrdil svou aktu\u00e1ln\u00ed formu. \u201e<strong><em>C\u00edtil jsme se dob\u0159e a n\u011bjak\u00e9 extra probl\u00e9my jsme ani ve druh\u00e9 etap\u011b nem\u011bli,\u201c <\/em><\/strong>\u0159\u00edkal Pavel \u0160ump\u00edk.<\/p>\n\n\n\n<figure class=\"wp-block-image size-large\"><img loading=\"lazy\" decoding=\"async\" width=\"1024\" height=\"684\" src=\"https:\/\/www.czechcyclingfederation.com\/wp-content\/uploads\/2024\/04\/sumpiuk-a-krizak-1024x684.jpg\" alt=\"\" class=\"wp-image-29407\" srcset=\"https:\/\/www.czechcyclingfederation.com\/wp-content\/uploads\/2024\/04\/sumpiuk-a-krizak-1024x684.jpg 1024w, https:\/\/www.czechcyclingfederation.com\/wp-content\/uploads\/2024\/04\/sumpiuk-a-krizak-300x200.jpg 300w, https:\/\/www.czechcyclingfederation.com\/wp-content\/uploads\/2024\/04\/sumpiuk-a-krizak-768x513.jpg 768w, https:\/\/www.czechcyclingfederation.com\/wp-content\/uploads\/2024\/04\/sumpiuk-a-krizak-1536x1026.jpg 1536w, https:\/\/www.czechcyclingfederation.com\/wp-content\/uploads\/2024\/04\/sumpiuk-a-krizak-2048x1367.jpg 2048w, https:\/\/www.czechcyclingfederation.com\/wp-content\/uploads\/2024\/04\/sumpiuk-a-krizak-1320x881.jpg 1320w\" sizes=\"auto, (max-width: 1024px) 100vw, 1024px\" \/><\/figure>\n\n\n\n<p>Spokojen\u00fd byl i \u0159editel z\u00e1vodu a \u0161\u00e9f po\u0159\u00e1daj\u00edc\u00ed akademie <strong>Petr Kubias<\/strong>. \u201e<strong>Organizace klapala, vyhr\u00e1l n\u00e1\u0161 jezdec, tak\u017ee to dopadlo kr\u00e1sn\u011b,\u201c <\/strong>zhodnotil kr\u00e1tce z\u00e1vod, ale m\u011bl i kriti\u010dt\u011bj\u0161\u00ed post\u0159ehy. <strong><em>\u201eV\u00edt\u011bzstv\u00ed je skv\u011bl\u00e9, ale cesta k n\u011bmu nebyla bez chyb a mysl\u00edm, \u017ee jak Roman Kreuziger, tak tren\u00e9r Tom\u00e1\u0161 Holub si k tomu je\u0161t\u011b \u0159eknou sv\u00e9,\u201c<\/em><\/strong> podotkl Kubias.<\/p>\n\n\n\n<p>Po oba dny se p\u0159ed z\u00e1vodem junior\u016f jel tak\u00e9 dvouetapov\u00fd z\u00e1vod kadet\u016f, kter\u00fd vyhr\u00e1l Thijs Wiersma z Nizozemska.<\/p>\n\n\n\n<p><strong>Kone\u010dn\u00e9 po\u0159ad\u00ed:<\/strong> <strong>1. \u0160ump\u00edk<\/strong> (\u010cR\/RKCA) 5:43:37 hod., 2. Fietzke (N\u011bm.) +1, 3. Casey (Ir.) +8, <strong>4. Zah\u00e1lka <\/strong>(Mapei Merida Ka\u0148kovsk\u00fd) +19, <strong>5. Pe\u0161ek<\/strong> (RKCA) +21, <strong>6. Bittman<\/strong> (Rexonix Kovo Praha) +24.<\/p>\n\n\n\n<p>Foto: Jan Brychta<\/p>\n","protected":false},"excerpt":{"rendered":"<p>\u010ctvrt\u00fd ro\u010dn\u00edk z\u00e1vodu ARBYD Grand Prix West Bohemia junior\u016f v Ky\u0161ic\u00edch u Plzn\u011b ovl\u00e1dl Pavel \u0160ump\u00edk z po\u0159\u00e1daj\u00edc\u00ed Roman Kreuziger Cycling Academy. A to v premi\u00e9\u0159e etapov\u00e9 verze mezin\u00e1rodn\u00edho z\u00e1vodu v kategorii UCI 2.1. Sedmn\u00e1ctilet\u00fd jezdec vyhr\u00e1l hned prvn\u00ed etapu, kdy\u017e t\u00fdmu z Plzn\u011b vy\u0161la na zvln\u011bn\u00e9m okruhu u Ky\u0161ic dob\u0159e zvolen\u00e1 taktika. Zat\u00edmco \u0160ump\u00edk [&hellip;]<\/p>\n","protected":false},"author":15,"featured_media":29410,"comment_status":"closed","ping_status":"open","sticky":false,"template":"","format":"standard","meta":{"footnotes":""},"categories":[2],"tags":[11],"class_list":["post-29401","post","type-post","status-publish","format-standard","has-post-thumbnail","hentry","category-novinky","tag-silnice"],"_links":{"self":[{"href":"https:\/\/www.czechcyclingfederation.com\/en\/wp-json\/wp\/v2\/posts\/29401","targetHints":{"allow":["GET"]}}],"collection":[{"href":"https:\/\/www.czechcyclingfederation.com\/en\/wp-json\/wp\/v2\/posts"}],"about":[{"href":"https:\/\/www.czechcyclingfederation.com\/en\/wp-json\/wp\/v2\/types\/post"}],"author":[{"embeddable":true,"href":"https:\/\/www.czechcyclingfederation.com\/en\/wp-json\/wp\/v2\/users\/15"}],"replies":[{"embeddable":true,"href":"https:\/\/www.czechcyclingfederation.com\/en\/wp-json\/wp\/v2\/comments?post=29401"}],"version-history":[{"count":3,"href":"https:\/\/www.czechcyclingfederation.com\/en\/wp-json\/wp\/v2\/posts\/29401\/revisions"}],"predecessor-version":[{"id":29413,"href":"https:\/\/www.czechcyclingfederation.com\/en\/wp-json\/wp\/v2\/posts\/29401\/revisions\/29413"}],"wp:featuredmedia":[{"embeddable":true,"href":"https:\/\/www.czechcyclingfederation.com\/en\/wp-json\/wp\/v2\/media\/29410"}],"wp:attachment":[{"href":"https:\/\/www.czechcyclingfederation.com\/en\/wp-json\/wp\/v2\/media?parent=29401"}],"wp:term":[{"taxonomy":"category","embeddable":true,"href":"https:\/\/www.czechcyclingfederation.com\/en\/wp-json\/wp\/v2\/categories?post=29401"},{"taxonomy":"post_tag","embeddable":true,"href":"https:\/\/www.czechcyclingfederation.com\/en\/wp-json\/wp\/v2\/tags?post=29401"}],"curies":[{"name":"wp","href":"https:\/\/api.w.org\/{rel}","templated":true}]}}