{"id":29387,"date":"2024-04-26T15:47:44","date_gmt":"2024-04-26T13:47:44","guid":{"rendered":"https:\/\/www.czechcyclingfederation.com\/?p=29387"},"modified":"2024-04-26T15:47:47","modified_gmt":"2024-04-26T13:47:47","slug":"knavenova-vyhrala-kralovskou-etapu-gracie-lechnerova-udrzela-zluty-trikot","status":"publish","type":"post","link":"https:\/\/www.czechcyclingfederation.com\/en\/knavenova-vyhrala-kralovskou-etapu-gracie-lechnerova-udrzela-zluty-trikot\/","title":{"rendered":"Knavenov\u00e1 vyhr\u00e1la kr\u00e1lovskou etapu Gracie. Lechnerov\u00e1 udr\u017eela \u017elut\u00fd trikot"},"content":{"rendered":"\n<p>Nejt\u011b\u017e\u0161\u00ed horskou etapu 36. ro\u010dn\u00edku z\u00e1vodu Gracia Orlov\u00e1 vyhr\u00e1la teprve devaten\u00e1ctilet\u00e1 Mirre Knavenov\u00e1 z belgick\u00e9ho t\u00fdmu AG Insurance-Soudal NXTG. Ve spurtu t\u0159in\u00e1cti\u010dlenn\u00e9 skupiny porazila Belgi\u010danku Xayd\u00e9e Van Sinaeyovou a N\u011bmku Corinnu Lechnerovou, kter\u00e1 d\u00edky tomu udr\u017eela veden\u00ed v celkov\u00e9m po\u0159ad\u00ed a tak\u00e9 do sobotn\u00ed \u010dasovky nastoup\u00ed ve \u017elut\u00e9m trikotu.\u00a0<\/p>\n\n\n\n<figure class=\"wp-block-image size-large is-style-default\"><img loading=\"lazy\" decoding=\"async\" width=\"1024\" height=\"683\" src=\"https:\/\/www.czechcyclingfederation.com\/wp-content\/uploads\/2024\/04\/m-2-1024x683.jpeg\" alt=\"\" class=\"wp-image-29390\" srcset=\"https:\/\/www.czechcyclingfederation.com\/wp-content\/uploads\/2024\/04\/m-2-1024x683.jpeg 1024w, https:\/\/www.czechcyclingfederation.com\/wp-content\/uploads\/2024\/04\/m-2-300x200.jpeg 300w, https:\/\/www.czechcyclingfederation.com\/wp-content\/uploads\/2024\/04\/m-2-768x512.jpeg 768w, https:\/\/www.czechcyclingfederation.com\/wp-content\/uploads\/2024\/04\/m-2-1536x1024.jpeg 1536w, https:\/\/www.czechcyclingfederation.com\/wp-content\/uploads\/2024\/04\/m-2-2048x1365.jpeg 2048w, https:\/\/www.czechcyclingfederation.com\/wp-content\/uploads\/2024\/04\/m-2-1320x880.jpeg 1320w\" sizes=\"auto, (max-width: 1024px) 100vw, 1024px\" \/><\/figure>\n\n\n\n<p>Beskydsk\u00e1 etapa musela b\u00fdt upravena kv\u016fli nep\u0159\u00edzni po\u010das\u00ed, na prvn\u00ed vrcha\u0159sk\u00e9 pr\u00e9mii Pustevny toti\u017e napadl sn\u00edh a po\u0159adatel\u00e9 se rozhodli slavn\u00e9 stoup\u00e1n\u00ed vynechat. Ostatn\u00ed stoup\u00e1n\u00ed v\u0161ak v itiner\u00e1\u0159i z\u00e1vodu z\u016fstala, tak\u017ee st\u00e1le bylo dost p\u0159\u00edle\u017eitost\u00ed peloton roztrhat.&nbsp;<\/p>\n\n\n\n<p>Po startu v Lichnov\u011b se nejd\u0159\u00edve spurtovalo na dvou rychlostn\u00edch pr\u00e9mi\u00edch. Na t\u00e9 prvn\u00ed byla nejlep\u0161\u00ed Mirre Knavenov\u00e1, na druh\u00e9 Lieke Van Zeelstov\u00e1 (GT Krush Rebellease) p\u0159ed Knavenovou a Corinnou Lechnerovou (Wheel Divas). Pot\u00e9 u\u017e se za\u010dalo stoupat, nejd\u0159\u00edve cyklistky zdolaly Pindulu a n\u00e1sledn\u011b za\u010daly stoupat na prvn\u00ed vrcha\u0159skou pr\u00e9mii na \u010desko-slovensk\u00e9 hranici. Tempo se zde zvy\u0161ovalo postupn\u011b, Denisa Sl\u00e1mov\u00e1 (Wheel Divas) jela na \u010dele s Lechnerovou v h\u00e1ku a p\u0159ipravila N\u011bmce ide\u00e1ln\u00ed pozici k \u00fatoku na pr\u00e9mii. Lechnerov\u00e1 ji vyhr\u00e1la a m\u011bla v\u0161e pod kontrolou.\u00a0<\/p>\n\n\n\n<p>Nejob\u00e1van\u011bj\u0161\u00edm v\u00fdjezdem bylo stoup\u00e1n\u00ed na Sol\u00e1\u0148, kde za\u00fato\u010dila slovinsk\u00e1 cyklistka Ur\u0161ka \u017digartov\u00e1 (Liv AlUla Jayco). \u017digartov\u00e1 vyprovokovala rozhoduj\u00edc\u00ed \u00fanik, udr\u017eely se s n\u00ed jen nejlep\u0161\u00ed vrcha\u0159ky a p\u0159ed vrcholem vedouc\u00ed skupina \u010d\u00edtala t\u0159in\u00e1ct jmen. Na pr\u00e9mii byla nejlep\u0161\u00ed Lore De Schepperov\u00e1 (AG Insurance-Soudal NXTG) a pojistila si veden\u00ed ve vrcha\u0159sk\u00e9 sout\u011b\u017ei.&nbsp;<\/p>\n\n\n\n<p>V prvn\u00ed skupin\u011b se udr\u017eely Ur\u0161ka Pintarov\u00e1 (Slovinsko), Corinna Lechnerov\u00e1 (Wheel Divas), Jenaya Francisov\u00e1, Ellie Parryov\u00e1 (Watersley), Nele Laingov\u00e1 (Maxx-Solar Rose), Mirre Knavenov\u00e1, Lore De Schepperov\u00e1 (AG Insurance-Soudal NXTG), Karin Soderqvistov\u00e1 (\u0160v\u00e9dsko), Xaydee Van Sinaeyov\u00e1, Olha Kulyny\u010dov\u00e1 (Fenix-Deceuninck), Ur\u0161ka \u017digartov\u00e1 (Liv AlUla Jayco), Lotte Claesov\u00e1 (Belgie) a Ren\u00e9e van Houtov\u00e1 (GT Krush Rebellease). Za nimi se sjelo n\u011bkolik skupin, ve kter\u00fdch byly i \u010desk\u00e9 z\u00e1vodnice Julia Kopecky (AG Insurance-Soudal NXTG) a Barbora N\u011bmcov\u00e1 (Dukla Praha).\u00a0<\/p>\n\n\n\n<figure class=\"wp-block-image size-large\"><img loading=\"lazy\" decoding=\"async\" width=\"1024\" height=\"683\" src=\"https:\/\/www.czechcyclingfederation.com\/wp-content\/uploads\/2024\/04\/m-3-1024x683.jpeg\" alt=\"\" class=\"wp-image-29388\" srcset=\"https:\/\/www.czechcyclingfederation.com\/wp-content\/uploads\/2024\/04\/m-3-1024x683.jpeg 1024w, https:\/\/www.czechcyclingfederation.com\/wp-content\/uploads\/2024\/04\/m-3-300x200.jpeg 300w, https:\/\/www.czechcyclingfederation.com\/wp-content\/uploads\/2024\/04\/m-3-768x512.jpeg 768w, https:\/\/www.czechcyclingfederation.com\/wp-content\/uploads\/2024\/04\/m-3-1536x1024.jpeg 1536w, https:\/\/www.czechcyclingfederation.com\/wp-content\/uploads\/2024\/04\/m-3-2048x1365.jpeg 2048w, https:\/\/www.czechcyclingfederation.com\/wp-content\/uploads\/2024\/04\/m-3-1320x880.jpeg 1320w\" sizes=\"auto, (max-width: 1024px) 100vw, 1024px\" \/><\/figure>\n\n\n\n<p>Prvn\u00ed skupina dob\u0159e spolupracovala a u\u017e nebyla dosti\u017eena. Posledn\u00ed vrcha\u0159skou pr\u00e9mii Pindula op\u011bt vyhr\u00e1la De Schepperov\u00e1 a do c\u00edle v Lichnov\u011b se \u0159\u00edtilo v\u0161ech t\u0159in\u00e1ct z\u00e1vodnic spole\u010dn\u011b. Velmi dobr\u00fd den t\u00fdmu AG Insurance-Soudal NXTG zakon\u010dila Knavenov\u00e1, kter\u00e1 vyhr\u00e1la spurt a oslavila sv\u00e9 prvn\u00ed profesion\u00e1ln\u00ed v\u00edt\u011bzstv\u00ed.\u00a0<\/p>\n\n\n\n<p>Na druh\u00e9m m\u00edst\u011b projela c\u00edlem Xayd\u00e9e Van Sinaeyov\u00e1 a na t\u0159et\u00edm Corinna Lechnerov\u00e1. D\u00edky tomu udr\u017eela \u017elut\u00fd dres a vede tak\u00e9 bodovac\u00ed sout\u011b\u017e. De Schepperov\u00e1 si v Lichnov\u011b taky do\u0161la na p\u00f3dium pro dva trikoty, krom\u011b toho zelen\u00e9ho, pro nejlep\u0161\u00ed vrcha\u0159ku, j\u00ed pat\u0159\u00ed i b\u00edl\u00fd s \u010derven\u00fdmi punt\u00edky pro nejaktivn\u011bj\u0161\u00ed z\u00e1vodnici.&nbsp;<\/p>\n","protected":false},"excerpt":{"rendered":"<p>Nejt\u011b\u017e\u0161\u00ed horskou etapu 36. ro\u010dn\u00edku z\u00e1vodu Gracia Orlov\u00e1 vyhr\u00e1la teprve devaten\u00e1ctilet\u00e1 Mirre Knavenov\u00e1 z belgick\u00e9ho t\u00fdmu AG Insurance-Soudal NXTG. Ve spurtu t\u0159in\u00e1cti\u010dlenn\u00e9 skupiny porazila Belgi\u010danku Xayd\u00e9e Van Sinaeyovou a N\u011bmku Corinnu Lechnerovou, kter\u00e1 d\u00edky tomu udr\u017eela veden\u00ed v celkov\u00e9m po\u0159ad\u00ed a tak\u00e9 do sobotn\u00ed \u010dasovky nastoup\u00ed ve \u017elut\u00e9m trikotu.\u00a0 Beskydsk\u00e1 etapa musela b\u00fdt upravena kv\u016fli [&hellip;]<\/p>\n","protected":false},"author":1,"featured_media":29392,"comment_status":"closed","ping_status":"open","sticky":false,"template":"","format":"standard","meta":{"footnotes":""},"categories":[2,18],"tags":[11],"class_list":["post-29387","post","type-post","status-publish","format-standard","has-post-thumbnail","hentry","category-novinky","category-silnice","tag-silnice"],"_links":{"self":[{"href":"https:\/\/www.czechcyclingfederation.com\/en\/wp-json\/wp\/v2\/posts\/29387","targetHints":{"allow":["GET"]}}],"collection":[{"href":"https:\/\/www.czechcyclingfederation.com\/en\/wp-json\/wp\/v2\/posts"}],"about":[{"href":"https:\/\/www.czechcyclingfederation.com\/en\/wp-json\/wp\/v2\/types\/post"}],"author":[{"embeddable":true,"href":"https:\/\/www.czechcyclingfederation.com\/en\/wp-json\/wp\/v2\/users\/1"}],"replies":[{"embeddable":true,"href":"https:\/\/www.czechcyclingfederation.com\/en\/wp-json\/wp\/v2\/comments?post=29387"}],"version-history":[{"count":1,"href":"https:\/\/www.czechcyclingfederation.com\/en\/wp-json\/wp\/v2\/posts\/29387\/revisions"}],"predecessor-version":[{"id":29394,"href":"https:\/\/www.czechcyclingfederation.com\/en\/wp-json\/wp\/v2\/posts\/29387\/revisions\/29394"}],"wp:featuredmedia":[{"embeddable":true,"href":"https:\/\/www.czechcyclingfederation.com\/en\/wp-json\/wp\/v2\/media\/29392"}],"wp:attachment":[{"href":"https:\/\/www.czechcyclingfederation.com\/en\/wp-json\/wp\/v2\/media?parent=29387"}],"wp:term":[{"taxonomy":"category","embeddable":true,"href":"https:\/\/www.czechcyclingfederation.com\/en\/wp-json\/wp\/v2\/categories?post=29387"},{"taxonomy":"post_tag","embeddable":true,"href":"https:\/\/www.czechcyclingfederation.com\/en\/wp-json\/wp\/v2\/tags?post=29387"}],"curies":[{"name":"wp","href":"https:\/\/api.w.org\/{rel}","templated":true}]}}