{"id":2934,"date":"2020-11-24T12:39:19","date_gmt":"2020-11-24T11:39:19","guid":{"rendered":"http:\/\/www.czechcyclingfederation.com\/?p=2934"},"modified":"2020-11-25T15:01:22","modified_gmt":"2020-11-25T14:01:22","slug":"tvaruzkova-chce-uspet-na-bikach-i-v-cyklokrosu","status":"publish","type":"post","link":"https:\/\/www.czechcyclingfederation.com\/en\/tvaruzkova-chce-uspet-na-bikach-i-v-cyklokrosu\/","title":{"rendered":"Tvar\u016f\u017ekov\u00e1 chce usp\u011bt na bik\u00e1ch i v cyklokrosu"},"content":{"rendered":"\n<p>Nen\u00ed to tak dlouho co Tereza Tva\u0159\u016f\u017ekov\u00e1 kombinovala, a nutno zd\u016fraznit \u00fasp\u011b\u0161n\u011b, ly\u017eov\u00e1n\u00ed a cyklistku. Nyn\u00ed ji\u017e v prosinci dvaadvacetilet\u00e1 roda\u010dka z Jarcov\u00e9, vesni\u010dky nedaleko Vala\u0161sk\u00e9ho Mezi\u0159\u00ed\u010d\u00ed, se rozhodla: p\u0159ednost dostalo kolo. Do t\u00fdmu Expres CZ &#8211; TUFO Team Kol\u00edn p\u0159i\u0161la v kv\u011btnu lo\u0148sk\u00e9ho roku a ji\u017e na sv\u00e9m kont\u011b \u0159adu \u00fasp\u011bch\u016f.<\/p>\n\n\n\n<p>Na leto\u0161n\u00edm mistrovstv\u00ed republiky v cross country dojela v Peci pod Sn\u011b\u017ekou druh\u00e1 za Jitkou \u010c\u00e1belickou a zlato z\u00edskala v kategorii U23, ale jak to v Kol\u00edn\u011b chod\u00ed, tak jezd\u00ed i cyklokros. Ve druh\u00e9m z\u00e1vodu leto\u0161n\u00edho seri\u00e1lu Toi Toi Cupu na Hol\u00fdch Vr\u0161\u00edch vybojovala t\u0159et\u00ed m\u00edsto.<\/p>\n\n\n\n<p>&nbsp;Na ly\u017e\u00edch to vypadalo na velice slibnou kari\u00e9ru, v\u017edy\u0165 na popul\u00e1rn\u00ed Jizersk\u00e9 50 dojela p\u0159i sv\u00e9 premi\u00e9\u0159e na v\u00fdborn\u00e9m 14. m\u00edst\u011b. Pro\u010d se rozhodla pro kolo? \u201eLuk\u00e1\u0161 Bauer, v&nbsp;jeho\u017e t\u00fdmu jsem jezdila, nev\u011bd\u011bl jak to bude d\u00e1le vypadat a v&nbsp;t\u00e9 dob\u011b m\u011b oslovil Honza Slav\u00ed\u010dek, kdy\u017e do t\u00e9 doby kolo pro m\u011b byl dopln\u011bk. Nav\u00edc na jednom ly\u017ea\u0159sk\u00e9m z\u00e1vod\u011b jsme \u00b4ziskala\u00b4 n\u011bjak\u00e9 omrzliny a t\u011blo p\u0159estalo fungovat, nebyla jsem schopna v zim\u011b jet rychle. Ur\u010dit\u011b jsem si ale nep\u0159edstavovala tak rychle stoupaj\u00edc\u00ed cyklistickou v\u00fdkonnostn\u00ed k\u0159ivku. Sice jsem po\u010d\u00edtala, \u017ee kdy\u017e se budu v\u011bnovat jednomu sportu naplno, \u017ee zlep\u0161en\u00ed p\u0159ijde, ale a\u017e takov\u00e9, to m\u011b stra\u0161n\u011b mile p\u0159ekvapilo,\u201c \u0159ekla Tereza Tvar\u016f\u017ekov\u00e1.<\/p>\n\n\n\n<p>A co pro ni p\u0159estup do Kol\u00edna p\u0159inesl? \u201eI kdy\u017e se pro m\u011b t\u00e1ta sna\u017eil d\u011blat maximum, nebyl ani z poloviny na tak profesion\u00e1ln\u00ed \u00farovni, jako je to v&nbsp;kol\u00ednsk\u00e9m t\u00fdmu. Nab\u00eddky, kter\u00e9 v\u00e1m umo\u017en\u00ed zkusit d\u011blat sport, kter\u00fd milujete, na profesion\u00e1ln\u00ed \u00farovni, se neodm\u00edtaj\u00ed a j\u00e1 jsem r\u00e1da, \u017ee jsem se loni takhle rozhodla a ur\u010dit\u011b toho nelituji. Sedli jsme si s&nbsp;Honzou povahov\u011b i t\u00edm jak mi p\u00ed\u0161e tr\u00e9ninky, p\u0159ijde mi to \u0161it\u00e9 na m\u00edru.\u201c<\/p>\n\n\n\n<p>Od leto\u0161ka zam\u00ed\u0159ilia i do cyklokrosov\u00e9ho ter\u00e9nu a v&nbsp;ned\u011bli 29. listopadu ji \u010dek\u00e1 k\u0159est ohn\u011bm v podob\u011b startu na prvn\u00edm z\u00e1vodu seri\u00e1lu Sv\u011btov\u00e9ho poh\u00e1ru v T\u00e1bo\u0159e. \u201eM\u00e1m ale jasno, biky maj\u00ed p\u0159ednost. Je to olympijsk\u00e1 discipl\u00edna a je prioritou. S cyklokrosem se teprve seznamuji, nem\u00e1m zku\u0161enosti, a tak to beru jako dopln\u011bk i kdy\u017e se netaj\u00edm, \u017ee budu cht\u00edt holky potr\u00e1pit a i kdyby v&nbsp;v&nbsp;n\u011bm p\u0159i\u0161ly medaile tak by to bylo hezk\u00e9, ale nic by to nezm\u011bnilo,\u201c m\u00e1 jasno.<\/p>\n\n\n\n<p>Teprve minul\u00fd p\u00e1tek zakon\u010dila sv\u016fj bikov\u00fd rok a jeden\u00e1ct v\u00edt\u011bzn\u00fdch z\u00e1vod\u016f z mezin\u00e1rodn\u00edho kalend\u00e1\u0159e bud\u00ed pozornost. Na podzim z\u00e1vodila na bik\u00e1ch hlavn\u011b v Turecku kde v sedmi z\u00e1vodech prvn\u00ed a druh\u00e9 kategorie nena\u0161la p\u0159emo\u017eitelku. A z\u00edskan\u00e9 body ji ve sv\u011btov\u00e9m \u017eeb\u0159\u00ed\u010dku vynesly ji\u017e na 21. m\u00edsto, jen \u010dty\u0159i pozice za \u010deskou jedni\u010dkou \u010c\u00e1belickou.<\/p>\n\n\n\n<p>P\u0159ed z\u00e1vodem SP v&nbsp;T\u00e1bo\u0159e se c\u00edt\u00ed tro\u0161ku unaven\u00e1. \u201eM\u00e1m toho docela dost, ale kdy\u017e jsem d\u00edvala v&nbsp;ned\u011bli na z\u00e1vod Toi Toi Cupu v&nbsp;Ji\u010d\u00edn\u011b tak mi cukaly nohy. V\u00fdsledek v&nbsp;hlav\u011b pro T\u00e1bor nem\u00e1m. Budu startovat z&nbsp;posledn\u00ed \u0159ady a nev\u00edm kdo v\u0161echno p\u0159ijede. Chci ale na trati nechat v\u0161e a co nejm\u00e9n\u011b chybovat, to je nyn\u00ed nejd\u016fle\u017eit\u011bj\u0161\u00ed. Pot\u00e9 asi vynech\u00e1m \u010c\u00e1slav, ale ur\u010dit\u011b chci nastoupit v Kol\u00edn\u011b a potom si d\u00e1m volno a uvid\u00ed se, zda se stihne natr\u00e9novat na mistrovstv\u00ed \u010cR. Sv\u011btov\u00fd \u0161ampion\u00e1t zat\u00edm v hlav\u011b nem\u00e1m, ale ne\u0159\u00edk\u00e1m, \u017ee ne, bylo to hezk\u00e9 na n\u011bm jet,\u201c dod\u00e1v\u00e1 Tereza Tvar\u016f\u017ekov\u00e1.<\/p>\n\n\n\n<p>FOTO: t\u00fdm Expres CZ \u2013 Tufo Team Kol\u00edn<\/p>\n\n\n\n<figure class=\"wp-block-image size-large\"><img loading=\"lazy\" decoding=\"async\" width=\"900\" height=\"524\" src=\"https:\/\/www.czechcyclingfederation.com\/wp-content\/uploads\/2020\/11\/Tvar\u016f\u017ekov\u00e1-Tereza-nahleeoka-.jpg\" alt=\"\" class=\"wp-image-2936\" srcset=\"https:\/\/www.czechcyclingfederation.com\/wp-content\/uploads\/2020\/11\/Tvar\u016f\u017ekov\u00e1-Tereza-nahleeoka-.jpg 900w, https:\/\/www.czechcyclingfederation.com\/wp-content\/uploads\/2020\/11\/Tvar\u016f\u017ekov\u00e1-Tereza-nahleeoka--300x175.jpg 300w, https:\/\/www.czechcyclingfederation.com\/wp-content\/uploads\/2020\/11\/Tvar\u016f\u017ekov\u00e1-Tereza-nahleeoka--768x447.jpg 768w\" sizes=\"auto, (max-width: 900px) 100vw, 900px\" \/><\/figure>\n\n\n\n<figure class=\"wp-block-image size-large\"><img loading=\"lazy\" decoding=\"async\" width=\"980\" height=\"735\" src=\"https:\/\/www.czechcyclingfederation.com\/wp-content\/uploads\/2020\/11\/tvaruzkova_galerie-980.jpg\" alt=\"\" class=\"wp-image-2937\" srcset=\"https:\/\/www.czechcyclingfederation.com\/wp-content\/uploads\/2020\/11\/tvaruzkova_galerie-980.jpg 980w, https:\/\/www.czechcyclingfederation.com\/wp-content\/uploads\/2020\/11\/tvaruzkova_galerie-980-267x200.jpg 267w, https:\/\/www.czechcyclingfederation.com\/wp-content\/uploads\/2020\/11\/tvaruzkova_galerie-980-768x576.jpg 768w\" sizes=\"auto, (max-width: 980px) 100vw, 980px\" \/><\/figure>\n","protected":false},"excerpt":{"rendered":"<p>Nen\u00ed to tak dlouho co Tereza Tva\u0159\u016f\u017ekov\u00e1 kombinovala, a nutno zd\u016fraznit \u00fasp\u011b\u0161n\u011b, ly\u017eov\u00e1n\u00ed a cyklistku. Nyn\u00ed ji\u017e v prosinci dvaadvacetilet\u00e1 roda\u010dka z Jarcov\u00e9, vesni\u010dky nedaleko Vala\u0161sk\u00e9ho Mezi\u0159\u00ed\u010d\u00ed, se rozhodla: p\u0159ednost dostalo kolo. Do t\u00fdmu Expres CZ &#8211; TUFO Team Kol\u00edn p\u0159i\u0161la v kv\u011btnu lo\u0148sk\u00e9ho roku a ji\u017e na sv\u00e9m kont\u011b \u0159adu \u00fasp\u011bch\u016f. Na leto\u0161n\u00edm mistrovstv\u00ed [&hellip;]<\/p>\n","protected":false},"author":8,"featured_media":2935,"comment_status":"closed","ping_status":"open","sticky":false,"template":"","format":"standard","meta":{"footnotes":""},"categories":[6,2],"tags":[10],"class_list":["post-2934","post","type-post","status-publish","format-standard","has-post-thumbnail","hentry","category-mtb","category-novinky","tag-mtb"],"_links":{"self":[{"href":"https:\/\/www.czechcyclingfederation.com\/en\/wp-json\/wp\/v2\/posts\/2934","targetHints":{"allow":["GET"]}}],"collection":[{"href":"https:\/\/www.czechcyclingfederation.com\/en\/wp-json\/wp\/v2\/posts"}],"about":[{"href":"https:\/\/www.czechcyclingfederation.com\/en\/wp-json\/wp\/v2\/types\/post"}],"author":[{"embeddable":true,"href":"https:\/\/www.czechcyclingfederation.com\/en\/wp-json\/wp\/v2\/users\/8"}],"replies":[{"embeddable":true,"href":"https:\/\/www.czechcyclingfederation.com\/en\/wp-json\/wp\/v2\/comments?post=2934"}],"version-history":[{"count":1,"href":"https:\/\/www.czechcyclingfederation.com\/en\/wp-json\/wp\/v2\/posts\/2934\/revisions"}],"predecessor-version":[{"id":2938,"href":"https:\/\/www.czechcyclingfederation.com\/en\/wp-json\/wp\/v2\/posts\/2934\/revisions\/2938"}],"wp:featuredmedia":[{"embeddable":true,"href":"https:\/\/www.czechcyclingfederation.com\/en\/wp-json\/wp\/v2\/media\/2935"}],"wp:attachment":[{"href":"https:\/\/www.czechcyclingfederation.com\/en\/wp-json\/wp\/v2\/media?parent=2934"}],"wp:term":[{"taxonomy":"category","embeddable":true,"href":"https:\/\/www.czechcyclingfederation.com\/en\/wp-json\/wp\/v2\/categories?post=2934"},{"taxonomy":"post_tag","embeddable":true,"href":"https:\/\/www.czechcyclingfederation.com\/en\/wp-json\/wp\/v2\/tags?post=2934"}],"curies":[{"name":"wp","href":"https:\/\/api.w.org\/{rel}","templated":true}]}}