{"id":29301,"date":"2024-04-17T18:08:18","date_gmt":"2024-04-17T16:08:18","guid":{"rendered":"https:\/\/www.czechcyclingfederation.com\/?p=29301"},"modified":"2024-04-18T11:04:01","modified_gmt":"2024-04-18T09:04:01","slug":"dva-drahari-pojedou-na-olympiadu-do-parize","status":"publish","type":"post","link":"https:\/\/www.czechcyclingfederation.com\/en\/dva-drahari-pojedou-na-olympiadu-do-parize\/","title":{"rendered":"Dva dr\u00e1ha\u0159i pojedou na olympi\u00e1du do Pa\u0159\u00ed\u017ee"},"content":{"rendered":"\n<p><strong>Posledn\u00ed kvalifika\u010dn\u00ed z\u00e1vod, kter\u00fdm byl N\u00b4Cup v kanadsk\u00e9m Miltonu, rozhodl o tom, \u017ee \u010desk\u00e1 dr\u00e1hov\u00e1 cyklistika bude m\u00edt dvojn\u00e1sobn\u00e9 zastoupen\u00ed na olympijsk\u00fdch hr\u00e1ch v Pa\u0159\u00ed\u017ei. Zat\u00edmco na posledn\u00edch hr\u00e1ch startovali na OH sprinte\u0159i, poprv\u00e9 od roku 2008 v Pekingu, si \u00fa\u010dast zajistili vytrvalci. I kdy\u017e nominace zat\u00edm nen\u00ed uzav\u0159ena, tak do Pa\u0159\u00ed\u017ee by m\u011bli s nejv\u011bt\u0161\u00ed pravd\u011bpodobnost\u00ed jet jedenat\u0159icetilet\u00fd Denis Rugovac a t\u0159iadvacetilet\u00fd Jan Vone\u0161, kte\u0159\u00ed m\u00edsto pro \u010cR vyjeli v madisonu a z\u00e1rove\u0148 jeden z nich i pro z\u00e1vod v omniu.<\/strong><\/p>\n\n\n\n<p>\u201eV\u011bd\u011bli jsme, \u017ee v Miltonu mus\u00edme zajet do des\u00e1t\u00e9ho m\u00edsta a to se poda\u0159ilo. O dv\u011b m\u00edsta jsme bojovali my, \u0160v\u00fdcarsko a Rakousko a mohli je\u0161t\u011b dosko\u010dit dr\u00e1ha\u0159i USA, ale ti dlouhodob\u011b nemaj\u00ed tak kvalitn\u00ed dvojici. Kluci zajeli dob\u0159e a trochu n\u00e1m pomohlo, \u017ee Rakousko nepostoupilo z kvalifikace. \u0160lo o to neud\u011blat chybu. V jednu chv\u00edli v z\u00e1v\u011bru to vypadalo trochu nebezpe\u010dn\u011b, \u017ee bychom dostali kolo, ale kluk\u016fm se poda\u0159ilo vr\u00e1tit do bal\u00edku,\u201c zhodnotil vystoupen\u00ed dvojice reprezenta\u010dn\u00ed kou\u010d Milan Kadlec.<\/p>\n\n\n\n<p>Rugovac je nyn\u00ed \u010dlenem t\u00fdmu TJ Favorit Brno, Vone\u0161 TUFO Pardus Prost\u011bjov, ale oba maj\u00ed \u00favazek i na Dukle Praha. \u201eDukla pro t\u00fdm mu\u017e\u016f nem\u00e1 takov\u00e9 mo\u017enosti a nem\u011blo v\u00fdznam t\u00fdm stav\u011bt, ale tuto dvojici podporujeme po str\u00e1nce dr\u00e1hov\u00e9ho programu. Z na\u0161eho pohledu jsme dali p\u0159ednost \u017een\u00e1m, kter\u00fdch bylo v\u00edce a kluci by nem\u011bli tak kvalitn\u00ed z\u00e1vodn\u00ed program. Toto je velmi dobr\u00e1 varianta, t\u00edm \u017ee je o n\u011b postar\u00e1no,\u201c pokra\u010doval Kadlec.<\/p>\n\n\n\n<p>Nominace pro Pa\u0159\u00ed\u017e ale je\u0161t\u011b nen\u00ed. \u201eV tuto chv\u00edli k tomu maj\u00ed Denis a Honza nejbl\u00ed\u017ee. Je\u0161t\u011b jsou zde Milan Kadlec ml. a Radovan \u0160tec, s n\u011bjak\u00fdmi potencion\u00e1ln\u00edmi n\u00e1hradn\u00edky po\u010d\u00edtat mus\u00edme,\u201c prozradil Kadlec. Rugovac s Vone\u0161em se ve v\u0161ech nomina\u010dn\u00edch z\u00e1vodech prali a v\u00fdkonnostn\u011b jsou na tom podobn\u00e9, nasb\u00edrali nejv\u00edce bod\u016f. Oba jsou na tom stejn\u011b rychlostn\u011b, spurtuj\u00ed podle toho, na koho to vyjde a jak se situace vyvine,\u201c pokra\u010doval Kadlec.&nbsp;<\/p>\n\n\n\n<p>O p\u0159\u00edprav\u011b na olympijsk\u00e9 hry zat\u00edm jasno nen\u00ed. \u201eDosud jsem o tom nep\u0159em\u00fd\u0161leli, ur\u010dit\u011b pojedeme je\u0161t\u011b na n\u011bjak\u00fd z\u00e1vod do N\u011bmecka a ur\u010dit\u011b absolvujeme soust\u0159ed\u011bn\u00ed. Ohledn\u011b omnia je situace otev\u0159en\u00e1. Oba kluci dostali \u0161anci a m\u011bli podobn\u00e9 v\u00fdsledky. Zat\u00edm to nech\u00e1v\u00e1me otev\u0159en\u00e9, rozhodnut\u00ed padne a\u017e pozd\u011bji,\u201c dodal tren\u00e9r.<\/p>\n\n\n\n<p>\u201eJsem spokojen, hodn\u011b spokojen. Vlastn\u011b jsme potvrdili to, \u017ee pr\u016fb\u011b\u017en\u011b jsme jezdili vyrovnan\u011b kolem des\u00edtky, tak\u017ee to klaplo. V \u00favodu z\u00e1vodu v Miltonu jsme do toho \u0161li, \u017ee pot\u0159ebujeme n\u011bjak\u00e9 body dokud m\u00e1me rychlost a z\u00edskali jsme \u010dty\u0159i a potom mohli jet v h\u00e1ku. Kdy\u017e jsme unaven\u011bj\u0161\u00ed, tak ztr\u00e1c\u00edme rychlost. Na konci jsme bojovali o p\u0159e\u017eit\u00ed a dopadlo to dob\u0159e. Sice jsme odpadali, ale pak jsem se vr\u00e1til a probl\u00e9m byl za\u017eehn\u00e1n,\u201c popsal rozhoduj\u00edc\u00ed z\u00e1vod Denis Rugovac.<\/p>\n\n\n\n<p>\u201eD\u011bl\u00e1me ale st\u00e1le taktick\u00e9 chyby a sna\u017e\u00edme se na tom pracovat. Jezd\u00edme n\u011bkdy dost vzadu a kdy\u017e n\u011bkdo odpad\u00e1, tak potom nejsme dost siln\u00ed, abychom p\u0159es n\u011b \u0161li a byli v h\u00e1ku za t\u011bmi, co neodpadaj\u00ed. Do olympi\u00e1dy na tom budeme muset zapracovat. Na N\u00b4Cupu je v\u011bt\u0161\u00ed konkurence a nav\u00edc je\u0161t\u011b kvalifikace. Na olympi\u00e1d\u011b pojede \u00b4jenom\u00b4 15 dvojic a v men\u0161\u00edm bal\u00edku se pohybujeme tro\u0161ku l\u00e9pe. To by m\u011blo hr\u00e1t v n\u00e1\u0161 prosp\u011bch,\u201c \u0159ekl Rugovac, kter\u00e1 si Favorit Brno zvolil z d\u016fvodu, \u017ee je tam dr\u00e1ha a m\u016f\u017ee na n\u00ed tr\u00e9novat, nav\u00edc t\u00fdm dr\u00e1ze v\u011bnuje zna\u010dnou pozornost. \u201eTr\u00e9nuji se s\u00e1m, ale v\u0161e konzultuji s tren\u00e9rem Kadlecem. Nyn\u00ed si chceme s Honzou trochu orazit a v hlav\u011b m\u00e1m n\u011bjak\u00e9 soust\u0159ed\u011bn\u00ed ve vysok\u00e9 nadmo\u0159sk\u00e9 v\u00fd\u0161ce, t\u0159eba v Coloradu, kde je to vysoko a je tam i dr\u00e1ha,\u201c dodal Rugovac.<\/p>\n\n\n\n<p>Jaroslav C\u00edcha<\/p>\n","protected":false},"excerpt":{"rendered":"<p>Posledn\u00ed kvalifika\u010dn\u00ed z\u00e1vod, kter\u00fdm byl N\u00b4Cup v kanadsk\u00e9m Miltonu, rozhodl o tom, \u017ee \u010desk\u00e1 dr\u00e1hov\u00e1 cyklistika bude m\u00edt dvojn\u00e1sobn\u00e9 zastoupen\u00ed na olympijsk\u00fdch hr\u00e1ch v Pa\u0159\u00ed\u017ei. Zat\u00edmco na posledn\u00edch hr\u00e1ch startovali na OH sprinte\u0159i, poprv\u00e9 od roku 2008 v Pekingu, si \u00fa\u010dast zajistili vytrvalci. I kdy\u017e nominace zat\u00edm nen\u00ed uzav\u0159ena, tak do Pa\u0159\u00ed\u017ee by m\u011bli s [&hellip;]<\/p>\n","protected":false},"author":8,"featured_media":29302,"comment_status":"closed","ping_status":"open","sticky":false,"template":"","format":"standard","meta":{"footnotes":""},"categories":[28,74,105,166,54,75,2,46,103],"tags":[9],"class_list":["post-29301","post","type-post","status-publish","format-standard","has-post-thumbnail","hentry","category-cesky-svaz-cyklistiky","category-draha-kontakty","category-draha-reprezentace","category-draha-fotogalerie","category-draha","category-draha-kontakty-top","category-novinky","category-novinky-sportovni-centra","category-reprezentace","tag-draha"],"_links":{"self":[{"href":"https:\/\/www.czechcyclingfederation.com\/en\/wp-json\/wp\/v2\/posts\/29301","targetHints":{"allow":["GET"]}}],"collection":[{"href":"https:\/\/www.czechcyclingfederation.com\/en\/wp-json\/wp\/v2\/posts"}],"about":[{"href":"https:\/\/www.czechcyclingfederation.com\/en\/wp-json\/wp\/v2\/types\/post"}],"author":[{"embeddable":true,"href":"https:\/\/www.czechcyclingfederation.com\/en\/wp-json\/wp\/v2\/users\/8"}],"replies":[{"embeddable":true,"href":"https:\/\/www.czechcyclingfederation.com\/en\/wp-json\/wp\/v2\/comments?post=29301"}],"version-history":[{"count":1,"href":"https:\/\/www.czechcyclingfederation.com\/en\/wp-json\/wp\/v2\/posts\/29301\/revisions"}],"predecessor-version":[{"id":29304,"href":"https:\/\/www.czechcyclingfederation.com\/en\/wp-json\/wp\/v2\/posts\/29301\/revisions\/29304"}],"wp:featuredmedia":[{"embeddable":true,"href":"https:\/\/www.czechcyclingfederation.com\/en\/wp-json\/wp\/v2\/media\/29302"}],"wp:attachment":[{"href":"https:\/\/www.czechcyclingfederation.com\/en\/wp-json\/wp\/v2\/media?parent=29301"}],"wp:term":[{"taxonomy":"category","embeddable":true,"href":"https:\/\/www.czechcyclingfederation.com\/en\/wp-json\/wp\/v2\/categories?post=29301"},{"taxonomy":"post_tag","embeddable":true,"href":"https:\/\/www.czechcyclingfederation.com\/en\/wp-json\/wp\/v2\/tags?post=29301"}],"curies":[{"name":"wp","href":"https:\/\/api.w.org\/{rel}","templated":true}]}}