{"id":29288,"date":"2024-04-16T16:16:47","date_gmt":"2024-04-16T14:16:47","guid":{"rendered":"https:\/\/www.czechcyclingfederation.com\/?p=29288"},"modified":"2024-04-16T16:16:51","modified_gmt":"2024-04-16T14:16:51","slug":"zlin-se-stal-juniorskym-mistrem-cr-v-kolove","status":"publish","type":"post","link":"https:\/\/www.czechcyclingfederation.com\/en\/zlin-se-stal-juniorskym-mistrem-cr-v-kolove\/","title":{"rendered":"Zl\u00edn se stal juniorsk\u00fdm mistrem \u010cR v kolov\u00e9"},"content":{"rendered":"\n<p>V sobotu 13.4. se v Ol\u0161anech u Prost\u011bjova uskute\u010dnil fin\u00e1lov\u00fd turnaj juniorsk\u00e9 kategorie. Mistrovstv\u00ed \u010cR v s\u00e1lov\u00e9 cyklistice bylo op\u011bt po\u0159\u00e1d\u00e1no spole\u010dn\u011b pro kolovou a krasoj\u00edzdu.<\/p>\n\n\n\n<p>Do fin\u00e1lov\u00e9ho kolov\u00e1ck\u00e9ho turnaje se probojovalo 6 nejlep\u0161\u00edch celk\u016f. Jmenovit\u011b \u0160itbo\u0159ice 1, \u0160itbo\u0159ice 2, Zl\u00edn 1, Zl\u00edn 2, Olomouc a Chodsko. Nejl\u00e9pe se v pr\u016fb\u011bhu roku da\u0159ilo prvn\u00edm t\u00fdm\u016fm Zl\u00edna a \u0160itbo\u0159ic. Zl\u00edn 1 do turnaje nastupoval jako vedouc\u00ed t\u00fdm bodov\u00e9ho hodnocen\u00ed nominace na Mistrovstv\u00ed Evropy. Konkr\u00e9tn\u011b vedl Zl\u00edn 1 p\u0159ed \u0160itbo\u0159icemi 1 o jedin\u00fd bod. M\u010cR je v\u0161ak bodov\u00e1no dvojn\u00e1sobn\u011b, platilo tedy, \u017ee pokud n\u011bkter\u00fd z obou t\u00fdm\u016f vybojuje titul Mistra \u010cR, stane se i nominovan\u00fdm t\u00fdmem na ME.<\/p>\n\n\n\n<p>Skupinov\u00e9 z\u00e1pasy prakticky kop\u00edrovaly pap\u00edrovou v\u00fdkonnost t\u00fdm\u016f v pr\u016fb\u011bhu roku. Z\u00e1pas o 5. a 6. m\u00edsto nakonec odehr\u00e1lo dru\u017estvo \u0160itbo\u0159ic 2 (Val\u00ed\u010dek \/ Novotn\u00fd) proti Chodsku (Knopp \/ \u0160m\u00edd). \u0160\u0165astn\u011bj\u0161\u00edmi byli \u0161itbo\u0159i\u010dt\u00ed, kte\u0159\u00ed kl\u00e1n\u00ed vyhr\u00e1li v pom\u011bru 3:1 a um\u00edstili se na celkov\u00e9m 5. m\u00edst\u011b.<\/p>\n\n\n\n<figure class=\"wp-block-image size-large\"><img loading=\"lazy\" decoding=\"async\" width=\"1024\" height=\"683\" src=\"https:\/\/www.czechcyclingfederation.com\/wp-content\/uploads\/2024\/04\/mcr_junior_2024-39-1024x683.jpg\" alt=\"\" class=\"wp-image-29291\" srcset=\"https:\/\/www.czechcyclingfederation.com\/wp-content\/uploads\/2024\/04\/mcr_junior_2024-39-1024x683.jpg 1024w, https:\/\/www.czechcyclingfederation.com\/wp-content\/uploads\/2024\/04\/mcr_junior_2024-39-300x200.jpg 300w, https:\/\/www.czechcyclingfederation.com\/wp-content\/uploads\/2024\/04\/mcr_junior_2024-39-768x512.jpg 768w, https:\/\/www.czechcyclingfederation.com\/wp-content\/uploads\/2024\/04\/mcr_junior_2024-39-1536x1024.jpg 1536w, https:\/\/www.czechcyclingfederation.com\/wp-content\/uploads\/2024\/04\/mcr_junior_2024-39-1320x880.jpg 1320w, https:\/\/www.czechcyclingfederation.com\/wp-content\/uploads\/2024\/04\/mcr_junior_2024-39.jpg 1920w\" sizes=\"auto, (max-width: 1024px) 100vw, 1024px\" \/><\/figure>\n\n\n\n<p>V prvn\u00edch semifin\u00e1lov\u00fdch utk\u00e1n\u00edch proti sob\u011b nastoupily oba zl\u00ednsk\u00e9 t\u00fdmy. Drama se nekonalo a zl\u00ednsk\u00e1 jedni\u010dka byla naprosto nekompromisn\u00ed, kdy\u017e sv\u00e9 t\u00fdmov\u00e9 kolegy porazila v pom\u011bru 12:1, \u010d\u00edm\u017e se t\u00fdm ve slo\u017een\u00ed bratr\u016f Richarda a J\u00e1chyma Baxov\u00fdch kvalifikoval do fin\u00e1lov\u00e9ho z\u00e1pasu.&nbsp;<\/p>\n\n\n\n<p>Druh\u00fd semifin\u00e1lov\u00fd z\u00e1pas se odehr\u00e1l mezi \u0160itbo\u0159icemi 1 a Olomouc\u00ed. \u0160itbo\u0159ice ve slo\u017een\u00ed \u0160abata \/ Urb\u00e1nek potvrdily sv\u00e9 ambice a rovn\u011b\u017e se po v\u00fdh\u0159e 4:1 kvalifikovaly do fin\u00e1lov\u00e9ho z\u00e1pasu proti Zl\u00ednu 1.&nbsp;<\/p>\n\n\n\n<p>Dom\u00e1c\u00ed Olomouc se nakonec o t\u0159et\u00ed m\u00edsto utkal s t\u00fdmem Zl\u00ednu 2 (St\u0159uha\u0159 \/ Matras). Oba t\u00fdmy hr\u00e1ly velmi vyrovnan\u011b a opatrn\u011b. Nakonec byl \u0161\u0165astn\u011bj\u0161\u00ed pr\u00e1v\u011b po\u0159adatelsk\u00fd t\u00fdm Olomouce v sestav\u011b Zdislav Doupal \/ Martin P\u0159idal, kter\u00fd se po v\u00fdh\u0159e 2:1 um\u00edstil na kone\u010dn\u00e9 bronzov\u00e9 p\u0159\u00ed\u010dce.&nbsp;<\/p>\n\n\n\n<p>Fin\u00e1lov\u00e9 kl\u00e1n\u00ed mezi \u0160itbo\u0159icemi 1 a Zl\u00ednem 1 prob\u00edhalo za bou\u0159liv\u00e9 atmosf\u00e9ry. Oba t\u00fdmy si byly v\u011bdomy d\u016fle\u017eitosti utk\u00e1ni, jeliko\u017e se jednalo nejen o z\u00e1pas o titul Mistra \u010cR, ale hlavn\u011b o \u00fa\u010dast na Mistrovstv\u00ed Evropy.\u00a0<\/p>\n\n\n\n<p>Prvn\u00ed polo\u010das se nevyv\u00edjel dob\u0159e pro dru\u017estvo \u0160itbo\u0159ic, kter\u00e9 po s\u00e9rii chyb brzy prohr\u00e1valo 1:3. Dv\u011bma rychl\u00fdmi g\u00f3ly se ale v\u00fdsledek poda\u0159ilo zvr\u00e1tit a nap\u00ednav\u00fd z\u00e1pas skon\u010dil v prvn\u00edm polo\u010dase sm\u00edrn\u011b 3:3. V druh\u00e9m polo\u010dase dok\u00e1zal prvn\u00ed g\u00f3l vst\u0159elit Zl\u00edn. N\u00e1slednou spr\u00e1vnou taktickou hrou se zl\u00ednsk\u00fdm poda\u0159ilo stav 4:3 udr\u017eet a dov\u00e9st z\u00e1pas do v\u00edt\u011bzn\u00e9ho konce. Zl\u00edn 1 ve slo\u017een\u00ed Richard a J\u00e1chym Baxa se tak stal Mistrem \u010cR a z\u00e1rove\u0148 reprezentanty na nadch\u00e1zej\u00edc\u00edm Mistrovstv\u00ed Evropy, kter\u00e9 se uskute\u010dn\u00ed druh\u00fd kv\u011btnov\u00fd v\u00edkend v N\u011bmecku.<\/p>\n\n\n\n<figure class=\"wp-block-image\"><img decoding=\"async\" src=\"https:\/\/ceskakolova.cz\/wp-content\/uploads\/2024\/04\/Snimek-obrazovky-2024-04-13-v-21.25.37-1024x641.png\" alt=\"\" class=\"wp-image-8184\"\/><\/figure>\n\n\n\n<p>AUTOR: Marek Topol\u00e1\u0159<\/p>\n","protected":false},"excerpt":{"rendered":"<p>V sobotu 13.4. se v Ol\u0161anech u Prost\u011bjova uskute\u010dnil fin\u00e1lov\u00fd turnaj juniorsk\u00e9 kategorie. Mistrovstv\u00ed \u010cR v s\u00e1lov\u00e9 cyklistice bylo op\u011bt po\u0159\u00e1d\u00e1no spole\u010dn\u011b pro kolovou a krasoj\u00edzdu. Do fin\u00e1lov\u00e9ho kolov\u00e1ck\u00e9ho turnaje se probojovalo 6 nejlep\u0161\u00edch celk\u016f. Jmenovit\u011b \u0160itbo\u0159ice 1, \u0160itbo\u0159ice 2, Zl\u00edn 1, Zl\u00edn 2, Olomouc a Chodsko. Nejl\u00e9pe se v pr\u016fb\u011bhu roku da\u0159ilo prvn\u00edm t\u00fdm\u016fm [&hellip;]<\/p>\n","protected":false},"author":1,"featured_media":29289,"comment_status":"closed","ping_status":"open","sticky":false,"template":"","format":"standard","meta":{"footnotes":""},"categories":[2,60],"tags":[61],"class_list":["post-29288","post","type-post","status-publish","format-standard","has-post-thumbnail","hentry","category-novinky","category-salovka","tag-salovka"],"_links":{"self":[{"href":"https:\/\/www.czechcyclingfederation.com\/en\/wp-json\/wp\/v2\/posts\/29288","targetHints":{"allow":["GET"]}}],"collection":[{"href":"https:\/\/www.czechcyclingfederation.com\/en\/wp-json\/wp\/v2\/posts"}],"about":[{"href":"https:\/\/www.czechcyclingfederation.com\/en\/wp-json\/wp\/v2\/types\/post"}],"author":[{"embeddable":true,"href":"https:\/\/www.czechcyclingfederation.com\/en\/wp-json\/wp\/v2\/users\/1"}],"replies":[{"embeddable":true,"href":"https:\/\/www.czechcyclingfederation.com\/en\/wp-json\/wp\/v2\/comments?post=29288"}],"version-history":[{"count":1,"href":"https:\/\/www.czechcyclingfederation.com\/en\/wp-json\/wp\/v2\/posts\/29288\/revisions"}],"predecessor-version":[{"id":29293,"href":"https:\/\/www.czechcyclingfederation.com\/en\/wp-json\/wp\/v2\/posts\/29288\/revisions\/29293"}],"wp:featuredmedia":[{"embeddable":true,"href":"https:\/\/www.czechcyclingfederation.com\/en\/wp-json\/wp\/v2\/media\/29289"}],"wp:attachment":[{"href":"https:\/\/www.czechcyclingfederation.com\/en\/wp-json\/wp\/v2\/media?parent=29288"}],"wp:term":[{"taxonomy":"category","embeddable":true,"href":"https:\/\/www.czechcyclingfederation.com\/en\/wp-json\/wp\/v2\/categories?post=29288"},{"taxonomy":"post_tag","embeddable":true,"href":"https:\/\/www.czechcyclingfederation.com\/en\/wp-json\/wp\/v2\/tags?post=29288"}],"curies":[{"name":"wp","href":"https:\/\/api.w.org\/{rel}","templated":true}]}}