{"id":29275,"date":"2024-04-15T19:19:59","date_gmt":"2024-04-15T17:19:59","guid":{"rendered":"https:\/\/www.czechcyclingfederation.com\/?p=29275"},"modified":"2024-04-15T19:22:32","modified_gmt":"2024-04-15T17:22:32","slug":"pet-ceskych-umisteni-na-stupnich-vitezu","status":"publish","type":"post","link":"https:\/\/www.czechcyclingfederation.com\/en\/pet-ceskych-umisteni-na-stupnich-vitezu\/","title":{"rendered":"P\u011bt \u010desk\u00fdch um\u00edst\u011bn\u00ed na stupn\u00edch v\u00edt\u011bz\u016f"},"content":{"rendered":"\n<p>Celkem p\u011btkr\u00e1t vystoupili na\u0161i jezdci p\u0159i p\u00e1t\u00e9m a \u0161est\u00e9m d\u00edlu Evropsk\u00e9ho poh\u00e1ru bikrosa\u0159\u016f, kter\u00e9 se o v\u00edkendu jely v&nbsp;Ben\u00e1tk\u00e1ch nad Jizerou. Nej\u00fasp\u011b\u0161n\u011bj\u0161\u00ed byl Marek Neu\u017eil mezi jezdci U23, kter\u00fd vystoupil na nejvy\u0161\u0161\u00ed stupe\u0148 vystoupil v&nbsp;p\u00e1t\u00e9m d\u00edl\u016f a nav\u00edc byl v&nbsp;ned\u011bli je\u0161t\u011b t\u0159et\u00ed.<\/p>\n\n\n\n<p>\u201eSpokojen jsem rozhodn\u011b hodn\u011b. Jsem moc r\u00e1d, \u017ee po tak dlouh\u00e9 pauze jsem vr\u00e1til zp\u011bt a je\u0161t\u011b takov\u00fdm stylem. Pro m\u011b to byl neskute\u010dn\u00fd v\u00edkend,\u201c \u0159ekl Marek Neu\u017eil, kter\u00fd si na soust\u0159ed\u011bn\u00ed v&nbsp;Austr\u00e1lie zlomil jedno z\u00e1p\u011bst\u00ed a druh\u00e9 hodn\u011b zhmo\u017edil. \u201cJi\u017e jsem v&nbsp;pohod\u011b, trochu jsem m\u011bl ruce je\u0161t\u011b zatejpovan\u00e9, ale m\u011blo by to b\u00fdt v\u0161e v&nbsp;po\u0159\u00e1dku. Nyn\u00ed se ji\u017e budu p\u0159ipravovat na kv\u011btnov\u00e9 mistrovstv\u00ed sv\u011bta, kter\u00e9 se pojede v&nbsp;Americe,\u201c dodal neu\u017eil.<\/p>\n\n\n\n<p>V&nbsp;sobotn\u00edch z\u00e1vodech byla mezi \u017eenami Eli\u0161ka Bart\u016f\u0148kov\u00e1 \u010dtvrt\u00e1 a Sabina Ko\u0161\u00e1rkov\u00e1 skon\u010dila mezi z\u00e1vodnice do 23 let \u0161est\u00e1. Ob\u011b ale st\u00e1ly na stupn\u00edch v&nbsp;ned\u011bli. Ko\u0161\u00e1rkov\u00e1 vybojovala druh\u00e9 m\u00edsto a Bart\u016f\u0148kov\u00e1 byla t\u0159et\u00ed. Nav\u00edc je\u0161t\u011b junior Jakub Klement byl st\u0159\u00edbrn\u00fd.<\/p>\n\n\n\n<p>V\u00fdsledky:<\/p>\n\n\n\n<p>5. z\u00e1vod:<\/p>\n\n\n\n<p>Juniorky:<\/p>\n\n\n\n<p>1. Beckov\u00e1 (N\u011bm.), 2. Wolfsov\u00e1 (Belg.), 3. Harveyov\u00e1 (Brit.).<\/p>\n\n\n\n<p>\u017deny U23:<\/p>\n\n\n\n<p>1. van Santvoortov\u00e1 (Niz.), 2. Vossenov\u00e1 (Belg.), 3. de Waardov\u00e1 (Niz.), &#8230;6. Ko\u0161\u00e1rkov\u00e1 (\u010cR).<\/p>\n\n\n\n<p>\u017deny:<\/p>\n\n\n\n<p>1. Baauwov\u00e1, 2., Wissingov\u00e1, 3. Scheeppersov\u00e1 (v\u0161echny NIz.), 4. Bart\u016f\u0148kov\u00e1, 5. Balleov\u00e1 (D\u00e1n.), 6. Morotov\u00e1 (Fr.), 7. Walravensov\u00e1 (Niz.).<\/p>\n\n\n\n<p>Junio\u0159i:<\/p>\n\n\n\n<p>1. Apels (Lot.), 2. L\u00fcthy (\u0160v\u00fdc.), 3. Langmanis (Lot.), &#8230;6. J. Cidlinsk\u00fd (\u010cR).<\/p>\n\n\n\n<p>Mu\u017ei U23:<\/p>\n\n\n\n<p>1. Neu\u017eil (\u010cR), 2. Skrzypek (N\u011bm.), 3. Kasper (\u0160v\u00fdc.).<\/p>\n\n\n\n<p>Mu\u017ei:<\/p>\n\n\n\n<p>1. Gommers (Belg.), 2. Clerte (Fr.), 3. Goossens (Niz.), 4. Olsson (D\u00e1n.), 5. Ballbach (N\u011bm.), 6. Fantoni (It.), 7. Thouin (Fr.), 8. Heil (N\u011bm.).<\/p>\n\n\n\n<p>6. z\u00e1vod:<\/p>\n\n\n\n<p>Juniorky:<\/p>\n\n\n\n<p>1. Harveyov\u00e1, 2. Beckov\u00e1, 3. van der Haarov\u00e1 (Niz.).<\/p>\n\n\n\n<p>\u017deny U23:<\/p>\n\n\n\n<p>1. Sturick\u00e1 (Lot.), 2. Ko\u0161\u00e1rkov\u00e1, 3. Michaudov\u00e1 (Niz.).<\/p>\n\n\n\n<p>\u017deny:<\/p>\n\n\n\n<p>1. Scheepersov\u00e1, 2. Baauwov\u00e1, 3. Bart\u016f\u0148kov\u00e1, 4. Balleov\u00e1, 5. Wissingov\u00e1, 6. Morotov\u00e1, 7. Walravensov\u00e1.<\/p>\n\n\n\n<p>Junio\u0159i:<\/p>\n\n\n\n<p>1. Langmanis, 2. Klement, (\u010cR), 3. L\u00fcthy.<\/p>\n\n\n\n<p>Mu\u017ei U23:<\/p>\n\n\n\n<p>1. Skrzypek, 2. Bijsterbosch (Niz.), 3. Neu\u017eil, &#8230;6. J. Veseck\u00fd (\u010cR).<\/p>\n\n\n\n<p>Mu\u017ei:<\/p>\n\n\n\n<p>1.Gommers, 2. Goossens, 3. Brink (Niz.), 4. Clerte, 5. Fantoni, 6. Sciortino (It.), 7. Kimmann, 8. Roelofs (oba Niz.).<\/p>\n\n\n\n<p>FOTO Nico van Dartel<\/p>\n\n\n\n<figure class=\"wp-block-image size-large\"><img loading=\"lazy\" decoding=\"async\" width=\"1024\" height=\"683\" src=\"https:\/\/www.czechcyclingfederation.com\/wp-content\/uploads\/2024\/04\/KP-20240412-103704-251155-1024x683.jpg\" alt=\"\" class=\"wp-image-29278\" srcset=\"https:\/\/www.czechcyclingfederation.com\/wp-content\/uploads\/2024\/04\/KP-20240412-103704-251155-1024x683.jpg 1024w, https:\/\/www.czechcyclingfederation.com\/wp-content\/uploads\/2024\/04\/KP-20240412-103704-251155-300x200.jpg 300w, https:\/\/www.czechcyclingfederation.com\/wp-content\/uploads\/2024\/04\/KP-20240412-103704-251155-768x512.jpg 768w, https:\/\/www.czechcyclingfederation.com\/wp-content\/uploads\/2024\/04\/KP-20240412-103704-251155-1536x1024.jpg 1536w, https:\/\/www.czechcyclingfederation.com\/wp-content\/uploads\/2024\/04\/KP-20240412-103704-251155-2048x1365.jpg 2048w, https:\/\/www.czechcyclingfederation.com\/wp-content\/uploads\/2024\/04\/KP-20240412-103704-251155-1320x880.jpg 1320w\" sizes=\"auto, (max-width: 1024px) 100vw, 1024px\" \/><figcaption class=\"wp-element-caption\">^mu#515 NEUZIL, Marek (Czech Republic) Men U23<\/figcaption><\/figure>\n\n\n\n<figure class=\"wp-block-image size-large\"><img loading=\"lazy\" decoding=\"async\" width=\"683\" height=\"1024\" src=\"https:\/\/www.czechcyclingfederation.com\/wp-content\/uploads\/2024\/04\/NVD-20240414-122317-248821-683x1024.jpg\" alt=\"\" class=\"wp-image-29280\" srcset=\"https:\/\/www.czechcyclingfederation.com\/wp-content\/uploads\/2024\/04\/NVD-20240414-122317-248821-683x1024.jpg 683w, https:\/\/www.czechcyclingfederation.com\/wp-content\/uploads\/2024\/04\/NVD-20240414-122317-248821-133x200.jpg 133w, https:\/\/www.czechcyclingfederation.com\/wp-content\/uploads\/2024\/04\/NVD-20240414-122317-248821-768x1152.jpg 768w, https:\/\/www.czechcyclingfederation.com\/wp-content\/uploads\/2024\/04\/NVD-20240414-122317-248821-1024x1536.jpg 1024w, https:\/\/www.czechcyclingfederation.com\/wp-content\/uploads\/2024\/04\/NVD-20240414-122317-248821-1366x2048.jpg 1366w, https:\/\/www.czechcyclingfederation.com\/wp-content\/uploads\/2024\/04\/NVD-20240414-122317-248821-1320x1980.jpg 1320w, https:\/\/www.czechcyclingfederation.com\/wp-content\/uploads\/2024\/04\/NVD-20240414-122317-248821-scaled.jpg 1707w\" sizes=\"auto, (max-width: 683px) 100vw, 683px\" \/><figcaption class=\"wp-element-caption\">^mu#527 SKRZYPEK, Jan Anton Jakob (Germany) Men U23\n^mu#515 NEUZIL, Marek (Czech Republic) Men U23\n^mu#537 BIJSTERBOSCH, Julian (Netherlands) Men U23<\/figcaption><\/figure>\n","protected":false},"excerpt":{"rendered":"<p>Celkem p\u011btkr\u00e1t vystoupili na\u0161i jezdci p\u0159i p\u00e1t\u00e9m a \u0161est\u00e9m d\u00edlu Evropsk\u00e9ho poh\u00e1ru bikrosa\u0159\u016f, kter\u00e9 se o v\u00edkendu jely v&nbsp;Ben\u00e1tk\u00e1ch nad Jizerou. Nej\u00fasp\u011b\u0161n\u011bj\u0161\u00ed byl Marek Neu\u017eil mezi jezdci U23, kter\u00fd vystoupil na nejvy\u0161\u0161\u00ed stupe\u0148 vystoupil v&nbsp;p\u00e1t\u00e9m d\u00edl\u016f a nav\u00edc byl v&nbsp;ned\u011bli je\u0161t\u011b t\u0159et\u00ed. \u201eSpokojen jsem rozhodn\u011b hodn\u011b. Jsem moc r\u00e1d, \u017ee po tak dlouh\u00e9 pauze jsem [&hellip;]<\/p>\n","protected":false},"author":8,"featured_media":29286,"comment_status":"closed","ping_status":"open","sticky":false,"template":"","format":"standard","meta":{"footnotes":""},"categories":[57,46,2],"tags":[55],"class_list":["post-29275","post","type-post","status-publish","format-standard","has-post-thumbnail","hentry","category-bmx","category-novinky-sportovni-centra","category-novinky","tag-bmx"],"_links":{"self":[{"href":"https:\/\/www.czechcyclingfederation.com\/en\/wp-json\/wp\/v2\/posts\/29275","targetHints":{"allow":["GET"]}}],"collection":[{"href":"https:\/\/www.czechcyclingfederation.com\/en\/wp-json\/wp\/v2\/posts"}],"about":[{"href":"https:\/\/www.czechcyclingfederation.com\/en\/wp-json\/wp\/v2\/types\/post"}],"author":[{"embeddable":true,"href":"https:\/\/www.czechcyclingfederation.com\/en\/wp-json\/wp\/v2\/users\/8"}],"replies":[{"embeddable":true,"href":"https:\/\/www.czechcyclingfederation.com\/en\/wp-json\/wp\/v2\/comments?post=29275"}],"version-history":[{"count":2,"href":"https:\/\/www.czechcyclingfederation.com\/en\/wp-json\/wp\/v2\/posts\/29275\/revisions"}],"predecessor-version":[{"id":29285,"href":"https:\/\/www.czechcyclingfederation.com\/en\/wp-json\/wp\/v2\/posts\/29275\/revisions\/29285"}],"wp:featuredmedia":[{"embeddable":true,"href":"https:\/\/www.czechcyclingfederation.com\/en\/wp-json\/wp\/v2\/media\/29286"}],"wp:attachment":[{"href":"https:\/\/www.czechcyclingfederation.com\/en\/wp-json\/wp\/v2\/media?parent=29275"}],"wp:term":[{"taxonomy":"category","embeddable":true,"href":"https:\/\/www.czechcyclingfederation.com\/en\/wp-json\/wp\/v2\/categories?post=29275"},{"taxonomy":"post_tag","embeddable":true,"href":"https:\/\/www.czechcyclingfederation.com\/en\/wp-json\/wp\/v2\/tags?post=29275"}],"curies":[{"name":"wp","href":"https:\/\/api.w.org\/{rel}","templated":true}]}}