{"id":29249,"date":"2024-04-14T08:50:52","date_gmt":"2024-04-14T06:50:52","guid":{"rendered":"https:\/\/www.czechcyclingfederation.com\/?p=29249"},"modified":"2024-04-14T08:50:55","modified_gmt":"2024-04-14T06:50:55","slug":"sprinter-cechman-jel-v-miltonu-male-finale-v-keirinu","status":"publish","type":"post","link":"https:\/\/www.czechcyclingfederation.com\/en\/sprinter-cechman-jel-v-miltonu-male-finale-v-keirinu\/","title":{"rendered":"Sprinter \u010cechman jel v Miltonu mal\u00e9 fin\u00e1le v keirinu"},"content":{"rendered":"\n<p>Druh\u00fd den N\u00b4Cupu na dr\u00e1ze v kanadsk\u00e9m Miltonu vy\u0161el nejl\u00e9pe z na\u0161ich jezdc\u016f sprinteru Martinovi \u010cechmanovi. Vyhr\u00e1l hned svoji prvn\u00ed j\u00edzdu a p\u0159\u00edmo postoupil do semifin\u00e1le. V n\u011bm v\u0161ak skon\u010dil \u0161est\u00fd a stejn\u011b se mu vedlo i v mal\u00e9m fin\u00e1le, tak\u017ee obsadil dvan\u00e1ctou pozici a v celkov\u00e9m hodnocen\u00ed SP skon\u010dil osm\u00fd. Dominik Topinka neusp\u011bl v prvn\u00edm kole, neda\u0159ilo se mu ani v oprav\u011b. Sen o startu na olympijsk\u00fdch hr\u00e1ch v Pa\u0159\u00ed\u017ei se tak rozplynul.<\/p>\n\n\n\n<p>&#8220;V semifin\u00e1le jsem si vylosoval druhou pozici a jel za prvn\u00edm jezdcem, ale v momentu kdy jsem se zvedl \u0161li v\u0161ichni p\u0159es m\u011b a j\u00e1 se za n\u011b nedok\u00e1zal zav\u011bsit. V mal\u00e9m fin\u00e1le jsem se pokusil z p\u00e1t\u00e9ho m\u00edsta nastoupit, ale nepoda\u0159ilo se mi p\u0159ed soupe\u0159e dostat,&#8221; \u0159ekl Martin \u010cechman.<\/p>\n\n\n\n<p>Veronika Jaborn\u00edkov\u00e1 postoupila z kvalifikace sprinterek 22. \u010dasem, ale hned v prvn\u00edm kole nesta\u010dila na Steffie van der Peetovou z Nizozemska. Adam K\u0159enek v kvalifikaci omnia neusp\u011bl a do hlavn\u00edho z\u00e1vodu se nedostal. V omniu \u017een jasn\u011b postoupila dvojice Petra \u0160ev\u010d\u00edkov\u00e1 s Gabrielou B\u00e1rtovou, ale hlavn\u00ed z\u00e1vod nedokon\u010dila.<\/p>\n\n\n\n<p>V\u00fdsledky:<\/p>\n\n\n\n<p>Mu\u017ei:<\/p>\n\n\n\n<p>Keirin:<\/p>\n\n\n\n<p>1. Lavreysen, 2. Hoogland (oba Niz.), 3. Carlin (Brit.), 4. Paul (Trin. a Tob.), 5. Wammes (Kan.), 6. Jakovlev (Izr.), &#8230;12. \u010cechman, 31. Topinka (oba \u010cR).<\/p>\n\n\n\n<p>Omnium:<\/p>\n\n\n\n<p>1. Hayter (Brit.) 163, 2. Kuboki (Jap.) 150, 3. Thomas (Fr.) 143, 4. Bibic (Kan.) 121, 5. I. Leitao (Port.) 112, 6. Wafler (Rak.) 111.<\/p>\n\n\n\n<p>\u017deny:<\/p>\n\n\n\n<p>Madison:<\/p>\n\n\n\n<p>1. Brit\u00e1nie (Archibaldov\u00e1, Evansov\u00e1) 37, 2. Franie (Fortinov\u00e1, Borrasov\u00e1) 25, 3. USA (Velenteov\u00e1, Williamsov\u00e1) 19, 4. It\u00e1lie (Guazziniov\u00e1, Balsamov\u00e1) 9, 5. Japonsko (Kakitaov\u00e1, U\u010dinov\u00e1) 13, 6. Polsko (D. Pikulikov\u00e1, W. Pikulikov\u00e1) 9, &#8230;\u010cR (\u0160ev\u010d\u00edkov\u00e1, B\u00e1rtov\u00e1) nedokon\u010dily.<\/p>\n\n\n\n<p>Sprint:<\/p>\n\n\n\n<p>Fin\u00e1le: Grosov\u00e1 (Fr.) &#8211; Andrewsov\u00e1 (Nz. Z\u00e9l.) 2:0, o 3. m\u00edsto: Gonzalezov\u00e1 (Mex.) &#8211;&nbsp; Wouwov\u00e1 (Niz.) 2:0, &#8230;22. V. Jaborn\u00edkov\u00e1 (\u010cR).<\/p>\n","protected":false},"excerpt":{"rendered":"<p>Druh\u00fd den N\u00b4Cupu na dr\u00e1ze v kanadsk\u00e9m Miltonu vy\u0161el nejl\u00e9pe z na\u0161ich jezdc\u016f sprinteru Martinovi \u010cechmanovi. Vyhr\u00e1l hned svoji prvn\u00ed j\u00edzdu a p\u0159\u00edmo postoupil do semifin\u00e1le. V n\u011bm v\u0161ak skon\u010dil \u0161est\u00fd a stejn\u011b se mu vedlo i v mal\u00e9m fin\u00e1le, tak\u017ee obsadil dvan\u00e1ctou pozici a v celkov\u00e9m hodnocen\u00ed SP skon\u010dil osm\u00fd. Dominik Topinka neusp\u011bl v [&hellip;]<\/p>\n","protected":false},"author":8,"featured_media":29250,"comment_status":"closed","ping_status":"open","sticky":false,"template":"","format":"standard","meta":{"footnotes":""},"categories":[54,2,46],"tags":[9],"class_list":["post-29249","post","type-post","status-publish","format-standard","has-post-thumbnail","hentry","category-draha","category-novinky","category-novinky-sportovni-centra","tag-draha"],"_links":{"self":[{"href":"https:\/\/www.czechcyclingfederation.com\/en\/wp-json\/wp\/v2\/posts\/29249","targetHints":{"allow":["GET"]}}],"collection":[{"href":"https:\/\/www.czechcyclingfederation.com\/en\/wp-json\/wp\/v2\/posts"}],"about":[{"href":"https:\/\/www.czechcyclingfederation.com\/en\/wp-json\/wp\/v2\/types\/post"}],"author":[{"embeddable":true,"href":"https:\/\/www.czechcyclingfederation.com\/en\/wp-json\/wp\/v2\/users\/8"}],"replies":[{"embeddable":true,"href":"https:\/\/www.czechcyclingfederation.com\/en\/wp-json\/wp\/v2\/comments?post=29249"}],"version-history":[{"count":1,"href":"https:\/\/www.czechcyclingfederation.com\/en\/wp-json\/wp\/v2\/posts\/29249\/revisions"}],"predecessor-version":[{"id":29252,"href":"https:\/\/www.czechcyclingfederation.com\/en\/wp-json\/wp\/v2\/posts\/29249\/revisions\/29252"}],"wp:featuredmedia":[{"embeddable":true,"href":"https:\/\/www.czechcyclingfederation.com\/en\/wp-json\/wp\/v2\/media\/29250"}],"wp:attachment":[{"href":"https:\/\/www.czechcyclingfederation.com\/en\/wp-json\/wp\/v2\/media?parent=29249"}],"wp:term":[{"taxonomy":"category","embeddable":true,"href":"https:\/\/www.czechcyclingfederation.com\/en\/wp-json\/wp\/v2\/categories?post=29249"},{"taxonomy":"post_tag","embeddable":true,"href":"https:\/\/www.czechcyclingfederation.com\/en\/wp-json\/wp\/v2\/tags?post=29249"}],"curies":[{"name":"wp","href":"https:\/\/api.w.org\/{rel}","templated":true}]}}