{"id":29236,"date":"2024-04-13T20:07:16","date_gmt":"2024-04-13T18:07:16","guid":{"rendered":"https:\/\/www.czechcyclingfederation.com\/?p=29236"},"modified":"2024-04-13T20:07:20","modified_gmt":"2024-04-13T18:07:20","slug":"sumpik-ovladl-brilon-cup-v-namesti","status":"publish","type":"post","link":"https:\/\/www.czechcyclingfederation.com\/en\/sumpik-ovladl-brilon-cup-v-namesti\/","title":{"rendered":"\u0160ump\u00edk ovl\u00e1dl Brilon Cup v\u00a0N\u00e1m\u011b\u0161ti"},"content":{"rendered":"\n<p>Junior <strong>Pavel \u0160ump\u00edk<\/strong> z\u00a0t\u00fdmu Roman Kreuziger Cycling Academy potvrdil skv\u011blou formu z\u00a0posledn\u00edch dn\u00ed a suver\u00e9nn\u011b vyhr\u00e1l \u00favodn\u00ed z\u00e1vod \u010cesk\u00e9ho poh\u00e1ru v\u00a0silni\u010dn\u00ed cyklistice Brilon Cupu pro \u017eeny a ml\u00e1de\u017enick\u00e9 kategorie, kter\u00fd se jel v\u00a0N\u00e1m\u011b\u0161ti nad Oslavou.<\/p>\n\n\n\n<p>\u010cesk\u00fd juniorsk\u00fd reprezentant \u0160ump\u00edk skon\u010dil ned\u00e1vno celkov\u011b t\u0159et\u00ed na etapov\u00e9m z\u00e1vod\u011b RIXXO Ster van Zuid-Limburg v\u00a0Belgii, kde vyhr\u00e1l \u010dasovku a jel ve \u017elut\u00e9m, p\u0159ed t\u00fddnem dojel po skv\u011bl\u00e9m v\u00fdkonu druh\u00fd na B\u00edte\u0161i v\u00a0souboji s\u00a0mu\u017eskou elitou. No a v\u00a0N\u00e1m\u011b\u0161ti na 100kilometrov\u00e9 trati jen potvrdil roli nejv\u011bt\u0161\u00edho favorita. Do c\u00edle p\u0159ijel s\u00e1m s\u00a0n\u00e1skokem 39 sekund p\u0159ed <strong>\u0160t\u011bp\u00e1nem Zah\u00e1lkou<\/strong> z\u00a0Mapei Merida Ka\u0148kovsk\u00fd.<\/p>\n\n\n\n<figure class=\"wp-block-image size-large\"><img loading=\"lazy\" decoding=\"async\" width=\"1024\" height=\"681\" src=\"https:\/\/www.czechcyclingfederation.com\/wp-content\/uploads\/2024\/04\/sumpik-2-1024x681.jpg\" alt=\"\" class=\"wp-image-29240\" srcset=\"https:\/\/www.czechcyclingfederation.com\/wp-content\/uploads\/2024\/04\/sumpik-2-1024x681.jpg 1024w, https:\/\/www.czechcyclingfederation.com\/wp-content\/uploads\/2024\/04\/sumpik-2-300x200.jpg 300w, https:\/\/www.czechcyclingfederation.com\/wp-content\/uploads\/2024\/04\/sumpik-2-768x511.jpg 768w, https:\/\/www.czechcyclingfederation.com\/wp-content\/uploads\/2024\/04\/sumpik-2-1536x1022.jpg 1536w, https:\/\/www.czechcyclingfederation.com\/wp-content\/uploads\/2024\/04\/sumpik-2-2048x1363.jpg 2048w, https:\/\/www.czechcyclingfederation.com\/wp-content\/uploads\/2024\/04\/sumpik-2-1320x878.jpg 1320w\" sizes=\"auto, (max-width: 1024px) 100vw, 1024px\" \/><\/figure>\n\n\n\n<p><strong><em>\u201eForma je opravdu dobr\u00e1. Povedla se mi p\u0159\u00edprava a s\u00a0tren\u00e9rem Tom\u00e1\u0161em Holubem jsme to dob\u0159e na\u010dasovali,\u201c<\/em><\/strong> \u0159ekl \u0160ump\u00edk.<\/p>\n\n\n\n<p>V\u00a0z\u00e1vod\u011b byl odjet\u00fd se Zah\u00e1lkou a t\u00fdmov\u00fdm kolegou Pe\u0161kem, dv\u011b kola p\u0159ed c\u00edlem nasadil k\u00a0rozhoduj\u00edc\u00edmu \u00fatoku. <strong><em>\u201eByla v\u00fdhoda, \u017ee jsme v\u00a0t\u00e9 skupince m\u011bli p\u0159evahu, tak jsme toho cht\u011bli vyu\u017e\u00edt. Jsem r\u00e1d, \u017ee se to povedlo hned na prvn\u00ed pokus. Chci pod\u011bkovat cel\u00e9mu t\u00fdmu za podporu,\u201c<\/em><\/strong> dodal v\u00edt\u011bz, kter\u00fd si nyn\u00ed d\u00e1 t\u00fdden volno a pak ho \u010dek\u00e1 GP West Bohemia, a hlavn\u011b Z\u00e1vod m\u00edru junior\u016f.<\/p>\n\n\n\n<figure class=\"wp-block-image size-large\"><img loading=\"lazy\" decoding=\"async\" width=\"1024\" height=\"684\" src=\"https:\/\/www.czechcyclingfederation.com\/wp-content\/uploads\/2024\/04\/bedna-1024x684.jpg\" alt=\"\" class=\"wp-image-29242\" srcset=\"https:\/\/www.czechcyclingfederation.com\/wp-content\/uploads\/2024\/04\/bedna-1024x684.jpg 1024w, https:\/\/www.czechcyclingfederation.com\/wp-content\/uploads\/2024\/04\/bedna-300x200.jpg 300w, https:\/\/www.czechcyclingfederation.com\/wp-content\/uploads\/2024\/04\/bedna-768x513.jpg 768w, https:\/\/www.czechcyclingfederation.com\/wp-content\/uploads\/2024\/04\/bedna-1536x1025.jpg 1536w, https:\/\/www.czechcyclingfederation.com\/wp-content\/uploads\/2024\/04\/bedna-2048x1367.jpg 2048w, https:\/\/www.czechcyclingfederation.com\/wp-content\/uploads\/2024\/04\/bedna-1320x881.jpg 1320w\" sizes=\"auto, (max-width: 1024px) 100vw, 1024px\" \/><\/figure>\n\n\n\n<p>Z\u00e1vod \u017een vyhr\u00e1la Ma\u010farka <strong>Petra Zsank\u00f3ov\u00e1<\/strong>, za n\u00ed se se\u0159adily hned t\u0159i z\u00e1vodnice pra\u017esk\u00e9 Dukly <strong>Nela Slan\u00edkov\u00e1, Nicole Hartychov\u00e1 a Jarmila Macha\u010dov\u00e1.<\/strong><\/p>\n\n\n\n<figure class=\"wp-block-image size-large\"><img loading=\"lazy\" decoding=\"async\" width=\"1024\" height=\"681\" src=\"https:\/\/www.czechcyclingfederation.com\/wp-content\/uploads\/2024\/04\/zeny-brilon-1024x681.jpg\" alt=\"\" class=\"wp-image-29244\" srcset=\"https:\/\/www.czechcyclingfederation.com\/wp-content\/uploads\/2024\/04\/zeny-brilon-1024x681.jpg 1024w, https:\/\/www.czechcyclingfederation.com\/wp-content\/uploads\/2024\/04\/zeny-brilon-300x200.jpg 300w, https:\/\/www.czechcyclingfederation.com\/wp-content\/uploads\/2024\/04\/zeny-brilon-768x511.jpg 768w, https:\/\/www.czechcyclingfederation.com\/wp-content\/uploads\/2024\/04\/zeny-brilon-1536x1022.jpg 1536w, https:\/\/www.czechcyclingfederation.com\/wp-content\/uploads\/2024\/04\/zeny-brilon-2048x1363.jpg 2048w, https:\/\/www.czechcyclingfederation.com\/wp-content\/uploads\/2024\/04\/zeny-brilon-1320x878.jpg 1320w\" sizes=\"auto, (max-width: 1024px) 100vw, 1024px\" \/><\/figure>\n\n\n\n<p><strong>V\u00fdsledky &#8211; \u017eeny <\/strong>(70 km):1. Zsank\u00f3ov\u00e1 (Ma\u010f.) 1:59:58, 2. Slan\u00edkov\u00e1 +8, 3. Hartychov\u00e1 +20, 4. Macha\u010dov\u00e1 (v\u0161. Dukla Praha) +46, 5. Je\u0159\u00e1bkov\u00e1 (Brilon Racing Team) + 3:54.<\/p>\n\n\n\n<p><strong>Junio\u0159i <\/strong>(100 km): 1. \u0160ump\u00edk (Roman Kreuziger Cycling Academy) 2:30:54, 2. \u0160. Zah\u00e1lka (Mapei Merida Ka\u0148kovsk\u00fd) +39, 3. Pe\u0161ek (Roman Kreuziger Cycling Academy) +1:21, 4. Bittman (Rexonix Kovo Praha), 5. Pit\u00e1k (Mapei Merida Ka\u0148kovsk\u00fd) oba +2:42.<\/p>\n\n\n\n<p><strong>Juniorky<\/strong> (70 km):1. Chlado\u0148ov\u00e1 (SR) 1:59:58, 2. Doud\u011brov\u00e1 (BB Com Cycling Team) +18, 3. Ungerov\u00e1 (SR) +2:05.<\/p>\n\n\n\n<p><strong>Kadeti <\/strong>(60 km):1. Matyasik (Pol.) 1:34:16, 2. Vorel (Rexonix Kovo Praha), 3. Pastva (SR) v\u0161. stejn\u00fd \u010das.<\/p>\n\n\n\n<p><strong>Kadetky <\/strong>(40 km): 1. Cermanov\u00e1 (Lokomotiva Beroun) 1:07:50, 2. Galovi\u010dov\u00e1 (SR) +9, 3. Grohov\u00e1 (Dukla Praha) +1:56.<\/p>\n\n\n\n<p><strong>Star\u0161\u00ed \u017e\u00e1ci <\/strong>(40 km):1. Z\u00e1chensk\u00fd (SR) 1:05:14, <strong>star\u0161\u00ed \u017e\u00e1kyn\u011b <\/strong>(20 km): 1. Rafajov\u00e1 (SR) 35:58, <strong>mlad\u0161\u00ed \u017e\u00e1ci <\/strong>(20 km): 1. Semer\u00e1d (Rexonix Kovo Praha) 35:56, <strong>mlad\u0161\u00ed \u017e\u00e1kyn\u011b <\/strong>(20 km): 1. Burs\u00edkov\u00e1 (Expres Cz &#8211; Bmd Team Kol\u00edn) 36:43.<\/p>\n\n\n\n<p>Foto: Jan Brychta<\/p>\n","protected":false},"excerpt":{"rendered":"<p>Junior Pavel \u0160ump\u00edk z\u00a0t\u00fdmu Roman Kreuziger Cycling Academy potvrdil skv\u011blou formu z\u00a0posledn\u00edch dn\u00ed a suver\u00e9nn\u011b vyhr\u00e1l \u00favodn\u00ed z\u00e1vod \u010cesk\u00e9ho poh\u00e1ru v\u00a0silni\u010dn\u00ed cyklistice Brilon Cupu pro \u017eeny a ml\u00e1de\u017enick\u00e9 kategorie, kter\u00fd se jel v\u00a0N\u00e1m\u011b\u0161ti nad Oslavou. \u010cesk\u00fd juniorsk\u00fd reprezentant \u0160ump\u00edk skon\u010dil ned\u00e1vno celkov\u011b t\u0159et\u00ed na etapov\u00e9m z\u00e1vod\u011b RIXXO Ster van Zuid-Limburg v\u00a0Belgii, kde vyhr\u00e1l \u010dasovku a [&hellip;]<\/p>\n","protected":false},"author":15,"featured_media":29238,"comment_status":"closed","ping_status":"open","sticky":false,"template":"","format":"standard","meta":{"footnotes":""},"categories":[2],"tags":[11],"class_list":["post-29236","post","type-post","status-publish","format-standard","has-post-thumbnail","hentry","category-novinky","tag-silnice"],"_links":{"self":[{"href":"https:\/\/www.czechcyclingfederation.com\/en\/wp-json\/wp\/v2\/posts\/29236","targetHints":{"allow":["GET"]}}],"collection":[{"href":"https:\/\/www.czechcyclingfederation.com\/en\/wp-json\/wp\/v2\/posts"}],"about":[{"href":"https:\/\/www.czechcyclingfederation.com\/en\/wp-json\/wp\/v2\/types\/post"}],"author":[{"embeddable":true,"href":"https:\/\/www.czechcyclingfederation.com\/en\/wp-json\/wp\/v2\/users\/15"}],"replies":[{"embeddable":true,"href":"https:\/\/www.czechcyclingfederation.com\/en\/wp-json\/wp\/v2\/comments?post=29236"}],"version-history":[{"count":4,"href":"https:\/\/www.czechcyclingfederation.com\/en\/wp-json\/wp\/v2\/posts\/29236\/revisions"}],"predecessor-version":[{"id":29248,"href":"https:\/\/www.czechcyclingfederation.com\/en\/wp-json\/wp\/v2\/posts\/29236\/revisions\/29248"}],"wp:featuredmedia":[{"embeddable":true,"href":"https:\/\/www.czechcyclingfederation.com\/en\/wp-json\/wp\/v2\/media\/29238"}],"wp:attachment":[{"href":"https:\/\/www.czechcyclingfederation.com\/en\/wp-json\/wp\/v2\/media?parent=29236"}],"wp:term":[{"taxonomy":"category","embeddable":true,"href":"https:\/\/www.czechcyclingfederation.com\/en\/wp-json\/wp\/v2\/categories?post=29236"},{"taxonomy":"post_tag","embeddable":true,"href":"https:\/\/www.czechcyclingfederation.com\/en\/wp-json\/wp\/v2\/tags?post=29236"}],"curies":[{"name":"wp","href":"https:\/\/api.w.org\/{rel}","templated":true}]}}