{"id":29230,"date":"2024-04-13T10:01:33","date_gmt":"2024-04-13T08:01:33","guid":{"rendered":"https:\/\/www.czechcyclingfederation.com\/?p=29230"},"modified":"2024-04-13T10:02:59","modified_gmt":"2024-04-13T08:02:59","slug":"trio-sprinteru-v-kanadskem-miltonu-osme","status":"publish","type":"post","link":"https:\/\/www.czechcyclingfederation.com\/en\/trio-sprinteru-v-kanadskem-miltonu-osme\/","title":{"rendered":"Trio sprinter\u016f v kanadsk\u00e9m Miltonu osm\u00e9"},"content":{"rendered":"\n<p>Nejlep\u0161\u00edm v\u00fdsledkem \u010desk\u00fdch dr\u00e1hov\u00fdch reprezentant\u016f v \u00favodn\u00ed den N\u00b4Cupu v kanadsk\u00e9m Miltonu je osm\u00e9 m\u00edsto tria Mat\u011bj Bohusl\u00e1vek, Martin \u010cechman a Dominik Topinka v t\u00fdmov\u00e9m sprintu. Do elitn\u00ed des\u00edtky se dostala je\u0161t\u011b Gabriela B\u00e1rtov\u00e1, kter\u00e1 ji uzav\u0159ela ve vylu\u010dovac\u00edm z\u00e1vodu. Ve stejn\u00e9 discipl\u00edn\u011b mu\u017e\u016f byl Jan Vone\u0161 dvan\u00e1ct\u00fd.<\/p>\n\n\n\n<p>V t\u00fdmov\u00e9m sprintu byli v kvalifikaci nejrychlej\u0161\u00ed Nizozemci \u010dasem 42,132, \u010ce\u0161i zajeli \u010das 43,717, co\u017e je za\u0159adilo na sedm\u00e9 m\u00edsto. V prvn\u00edm kole ale narazili na Brity, kte\u0159\u00ed byli ve slo\u017een\u00ed Jack Carlin, Ed Lowe a Hamish Turnbull nad jejich s\u00edly a celkov\u011b skon\u010dili \u010de\u0161t\u00ed jezdci osm\u00ed, v kone\u010dn\u00e9m po\u0159ad\u00ed SP o m\u00edsto v\u00fd\u0161e. Vone\u0161 obsadil celkov\u00e9 osm\u00e9 m\u00edsto a B\u00e1rtov\u00e1 dvaadvac\u00e1t\u00e9.<\/p>\n\n\n\n<p>V\u00fdsledky:<\/p>\n\n\n\n<p>Mu\u017ei:<\/p>\n\n\n\n<p>Vylu\u010dovac\u00ed z\u00e1vod:<\/p>\n\n\n\n<p>1. Bibic (Kan.), 2. Imamura (Jap.), 3. Stewart (Brit.), 4. Haga (\u0160p.), 5. Teutenberg, 6. Parra (Kol.), &#8230;12. Vone\u0161 (\u010cR).<\/p>\n\n\n\n<p>T\u00fdmov\u00fd sprint:<\/p>\n\n\n\n<p>Fin\u00e1le: Nizozemsko (Hoogland, Lavreysen, van den Berg) 41,860 &#8211; Brit\u00e1nie (Carlin, Lowe, Turnabull) 42,712, o 3. m\u00edsto: Kanada (Dodyk, Hedgcock, Rorke)<\/p>\n\n\n\n<p>43,411 &#8211; It\u00e1lie (Bianchi, Minuty, Predomo) 43,513, &#8230;8. \u010cR (Bohusl\u00e1vek, \u010cechman, Topinka).<\/p>\n\n\n\n<p>St\u00edhac\u00ed z\u00e1vod dru\u017estev:<\/p>\n\n\n\n<p>Fin\u00e1le: Brit\u00e1nie (Hayter,&nbsp; Bigham, Vernon, Wood) &#8211; Belgie (Dens, Bernard, van Gucht, Vandenbranden) dojeti, o 3. m\u00edsto: Francie (Boudat, Denis, Ermenault, Tabellion) &#8211; Japonsko (Ha\u0161imoto, Ko\u017eima, Imamura, Kuboko) &#8211; dojeto.<\/p>\n\n\n\n<p>\u017deny:<\/p>\n\n\n\n<p>St\u00edhac\u00ed z\u00e1vod dru\u017estev:<\/p>\n\n\n\n<p>Fin\u00e1le: Brit\u00e1nie (Archibaldov\u00e1, Robertsov\u00e1, Knightov\u00e1, Morrisov\u00e1) 4:10,193 &#8211; It\u00e1lie (Balsanov\u00e1, Consonniov\u00e1, Alziniov\u00e1, Guazziniov\u00e1) 4:16,601, o 3. m\u00edsto: Francie (Copponiov\u00e1, Fortinov\u00e1, Borrasov\u00e1, le Netov\u00e1) 4:10,272 &#8211; Kanada&nbsp; (Coles-Lysterov\u00e1, van Damov\u00e1, Attwelov\u00e1, Bonhommeov\u00e1) 4:13,797.<\/p>\n\n\n\n<p>Vylu\u010dovac\u00ed z\u00e1vod:<\/p>\n\n\n\n<p>1. Valenteov\u00e1 (USA), 2. Paternosterov\u00e1 (It.), 3. Stenbergov\u00e1 (Nor.), 4. van Damov\u00e1 (Kan.), 5. Le \u0161e-wing (Hong.), 6. Corderov\u00e1 (\u0160p.), &#8230;10. B\u00e1rtov\u00e1 (\u010cR).<\/p>\n\n\n\n<p>T\u00fdmov\u00fd sprint:<\/p>\n\n\n\n<p>Fin\u00e1le: Nizozemsko (Lamberinkov\u00e1, van de Wouwov\u00e1, van der Peetov\u00e1) 46,265 &#8211; Mexiko (Gonzalezov\u00e1, Vallesov\u00e1, Osunov\u00e1) 46,818, o 3. m\u00edsto: Polsko (Karwack\u00e1, U. Losov\u00e1, Sibiakov\u00e1) 47,387 &#8211; Kanada (Boyleov\u00e1, Mitchellov\u00e1, Orbanov\u00e1) 48,426.<\/p>\n","protected":false},"excerpt":{"rendered":"<p>Nejlep\u0161\u00edm v\u00fdsledkem \u010desk\u00fdch dr\u00e1hov\u00fdch reprezentant\u016f v \u00favodn\u00ed den N\u00b4Cupu v kanadsk\u00e9m Miltonu je osm\u00e9 m\u00edsto tria Mat\u011bj Bohusl\u00e1vek, Martin \u010cechman a Dominik Topinka v t\u00fdmov\u00e9m sprintu. Do elitn\u00ed des\u00edtky se dostala je\u0161t\u011b Gabriela B\u00e1rtov\u00e1, kter\u00e1 ji uzav\u0159ela ve vylu\u010dovac\u00edm z\u00e1vodu. Ve stejn\u00e9 discipl\u00edn\u011b mu\u017e\u016f byl Jan Vone\u0161 dvan\u00e1ct\u00fd. V t\u00fdmov\u00e9m sprintu byli v kvalifikaci nejrychlej\u0161\u00ed [&hellip;]<\/p>\n","protected":false},"author":8,"featured_media":29231,"comment_status":"closed","ping_status":"open","sticky":false,"template":"","format":"standard","meta":{"footnotes":""},"categories":[54,2],"tags":[9],"class_list":["post-29230","post","type-post","status-publish","format-standard","has-post-thumbnail","hentry","category-draha","category-novinky","tag-draha"],"_links":{"self":[{"href":"https:\/\/www.czechcyclingfederation.com\/en\/wp-json\/wp\/v2\/posts\/29230","targetHints":{"allow":["GET"]}}],"collection":[{"href":"https:\/\/www.czechcyclingfederation.com\/en\/wp-json\/wp\/v2\/posts"}],"about":[{"href":"https:\/\/www.czechcyclingfederation.com\/en\/wp-json\/wp\/v2\/types\/post"}],"author":[{"embeddable":true,"href":"https:\/\/www.czechcyclingfederation.com\/en\/wp-json\/wp\/v2\/users\/8"}],"replies":[{"embeddable":true,"href":"https:\/\/www.czechcyclingfederation.com\/en\/wp-json\/wp\/v2\/comments?post=29230"}],"version-history":[{"count":1,"href":"https:\/\/www.czechcyclingfederation.com\/en\/wp-json\/wp\/v2\/posts\/29230\/revisions"}],"predecessor-version":[{"id":29235,"href":"https:\/\/www.czechcyclingfederation.com\/en\/wp-json\/wp\/v2\/posts\/29230\/revisions\/29235"}],"wp:featuredmedia":[{"embeddable":true,"href":"https:\/\/www.czechcyclingfederation.com\/en\/wp-json\/wp\/v2\/media\/29231"}],"wp:attachment":[{"href":"https:\/\/www.czechcyclingfederation.com\/en\/wp-json\/wp\/v2\/media?parent=29230"}],"wp:term":[{"taxonomy":"category","embeddable":true,"href":"https:\/\/www.czechcyclingfederation.com\/en\/wp-json\/wp\/v2\/categories?post=29230"},{"taxonomy":"post_tag","embeddable":true,"href":"https:\/\/www.czechcyclingfederation.com\/en\/wp-json\/wp\/v2\/tags?post=29230"}],"curies":[{"name":"wp","href":"https:\/\/api.w.org\/{rel}","templated":true}]}}