{"id":29204,"date":"2024-04-12T13:23:40","date_gmt":"2024-04-12T11:23:40","guid":{"rendered":"https:\/\/www.czechcyclingfederation.com\/?p=29204"},"modified":"2024-04-12T13:25:16","modified_gmt":"2024-04-12T11:25:16","slug":"do-nameste-se-chysta-takrka-500-cyklistu","status":"publish","type":"post","link":"https:\/\/www.czechcyclingfederation.com\/en\/do-nameste-se-chysta-takrka-500-cyklistu\/","title":{"rendered":"Do N\u00e1m\u011b\u0161t\u011b se chyst\u00e1 tak\u0159ka 500 cyklist\u016f"},"content":{"rendered":"\n<p>Po lo\u0148sk\u00e9 vyda\u0159en\u00e9 premi\u00e9\u0159e bude N\u00e1m\u011b\u0161\u0165 nad Oslavou ji\u017e tuto sobotu 13. dubna znovu hostit z\u00e1vody \u010cesk\u00e9ho poh\u00e1ru v&nbsp;silni\u010dn\u00ed cyklistice ml\u00e1de\u017ee a \u017een. K prvn\u00edmu kolu seri\u00e1lu z\u00e1vod\u016f Brilon Cup je p\u0159ihl\u00e1\u0161eno v\u00edce ne\u017e 400 z\u00e1vodn\u00edk\u016f a z\u00e1vodnic. Spolu s&nbsp;kategori\u00ed hobby a vlo\u017een\u00fdch z\u00e1vod\u016f pro nejmen\u0161\u00ed se tak celkov\u00fd po\u010det \u00fa\u010dastn\u00edk\u016f vy\u0161plh\u00e1 na 500 startuj\u00edc\u00edch.<\/p>\n\n\n\n<p>Organizaci akce m\u00e1 pod palcem osv\u011bd\u010den\u00fd t\u00fdm po\u0159adatel\u016f z\u00a0TJ Favorit Brno, kter\u00fd stoj\u00ed tak\u00e9 nap\u0159\u00edklad za elitn\u00edm podnikem Velk\u00e1 B\u00edte\u0161 \u2013 Brno \u2013 Velk\u00e1 B\u00edte\u0161, jen\u017e se uskute\u010dnil minulou sobotu.<\/p>\n\n\n\n<p>Trasa 10 kilometr\u016f dlouh\u00e9ho okruhu se osv\u011bd\u010dila, a proto z\u016fstala beze zm\u011bny. Starty v\u0161ech kategori\u00ed prob\u011bhnou na Masarykov\u011b n\u00e1m\u011bst\u00ed p\u0159ed M\u011bstsk\u00fdm \u00fa\u0159adem. Po kostkov\u00e9m stoup\u00e1n\u00ed kolem Domova pro seniory a po ulici Husov\u00e9 se cyklist\u00e9 dostanou k\u00a0rybn\u00edku Rathan. Sm\u011brem na Ocmanice na n\u011b \u010dek\u00e1 tak\u0159ka 2 kilometry dlouh\u00fd \u00fasek s\u00a0\u00fapln\u011b nov\u00fdm povrchem. V\u00a0Ocmanic\u00edch se vydaj\u00ed na Nalou\u010dany a pod\u00e9l \u0159eky Oslavy se dostanou zp\u00e1tky do N\u00e1m\u011b\u0161t\u011b, kde se p\u0159es historick\u00fd kamenn\u00fd most, kter\u00fd je ozdobou cel\u00e9ho z\u00e1vodu, dostanou op\u011bt na Masarykovo n\u00e1m\u011bst\u00ed. Oproti lo\u0148sk\u00e9mu roku je zde situov\u00e1n i c\u00edl.<\/p>\n\n\n\n<figure class=\"wp-block-image size-large\"><img loading=\"lazy\" decoding=\"async\" width=\"1024\" height=\"553\" src=\"https:\/\/www.czechcyclingfederation.com\/wp-content\/uploads\/2024\/04\/BrychtaJan_CP_Brilon_Cup_Namest_20230416_105231_DSC_6846-1024x553.jpg\" alt=\"\" class=\"wp-image-29208\" srcset=\"https:\/\/www.czechcyclingfederation.com\/wp-content\/uploads\/2024\/04\/BrychtaJan_CP_Brilon_Cup_Namest_20230416_105231_DSC_6846-1024x553.jpg 1024w, https:\/\/www.czechcyclingfederation.com\/wp-content\/uploads\/2024\/04\/BrychtaJan_CP_Brilon_Cup_Namest_20230416_105231_DSC_6846-300x162.jpg 300w, https:\/\/www.czechcyclingfederation.com\/wp-content\/uploads\/2024\/04\/BrychtaJan_CP_Brilon_Cup_Namest_20230416_105231_DSC_6846-768x415.jpg 768w, https:\/\/www.czechcyclingfederation.com\/wp-content\/uploads\/2024\/04\/BrychtaJan_CP_Brilon_Cup_Namest_20230416_105231_DSC_6846-1536x829.jpg 1536w, https:\/\/www.czechcyclingfederation.com\/wp-content\/uploads\/2024\/04\/BrychtaJan_CP_Brilon_Cup_Namest_20230416_105231_DSC_6846-2048x1106.jpg 2048w, https:\/\/www.czechcyclingfederation.com\/wp-content\/uploads\/2024\/04\/BrychtaJan_CP_Brilon_Cup_Namest_20230416_105231_DSC_6846-1320x713.jpg 1320w\" sizes=\"auto, (max-width: 1024px) 100vw, 1024px\" \/><\/figure>\n\n\n\n<p>A\u010dkoliv tato trasa nen\u00ed nijak profilov\u011b n\u00e1ro\u010dn\u00e1, tren\u00e9\u0159i si ji v\u00a0lo\u0148sk\u00e9m roce pochvalovali. Otev\u0159en\u00e9 roviny spolu s\u00a0\u010dast\u00fdmi zat\u00e1\u010dkami nutily mlad\u00e9 adepty cyklistiky k\u00a0p\u0159irozen\u00e9mu z\u00e1vod\u011bn\u00ed.<\/p>\n\n\n\n<p>Den zah\u00e1j\u00ed v&nbsp;9:00 amat\u00e9rskou hobby kategori\u00ed na 60 km, v&nbsp;n\u00ed\u017e budou z\u00e1vodn\u00edci bodovat do celoro\u010dn\u00edho presti\u017en\u00edho seri\u00e1lu silni\u010dn\u00edch amat\u00e9rsk\u00fdch z\u00e1vod\u016f RoadCup. Od 11. hodiny pak za\u010dne maraton ml\u00e1de\u017enick\u00fdch z\u00e1vod\u016f, jen\u017e vyvrchol\u00ed od 15:15 z\u00e1vodem junior\u016f na trase dlouh\u00e9 100 km. P\u0159edpokl\u00e1dan\u00fd c\u00edl t\u00e9to kategorie je p\u0159ibli\u017en\u011b v&nbsp;18:10. &nbsp;<\/p>\n\n\n\n<p>Organizov\u00e1n\u00ed z\u00e1vodu se nevyhne nutn\u00fdm dopravn\u00edm omezen\u00edm. K\u00a0zabezpe\u010den\u00ed z\u00e1vodu Josef Vaishar z\u00a0organiza\u010dn\u00edho t\u00fdmu Favoritu Brno dod\u00e1v\u00e1: \u00a0<em>\u201eOfici\u00e1ln\u00ed obj\u00edzdn\u00e9 trasy budou vyzna\u010deny a provoz na k\u0159i\u017eovatk\u00e1ch bude regulov\u00e1n po\u0159adatelskou slu\u017ebou. Peloton z\u00e1vodn\u00edk\u016f bude zaji\u0161t\u011bn po\u0159adatelsk\u00fdmi motospojkami. Pros\u00edme ob\u010dany o shov\u00edvavost a toleranci a \u017e\u00e1d\u00e1me je, aby na dot\u010den\u00fdch komunikac\u00edch dbali zv\u00fd\u0161en\u00e9 opatrnosti a \u0159\u00eddili se pokyny Policie \u010cR, po\u0159adatel\u016f a dopravn\u00edm zna\u010den\u00edm. Sou\u010dasn\u011b n\u00e1m dovolte, pozvat V\u00e1s ke zhl\u00e9dnut\u00ed t\u00e9to atraktivn\u00ed sportovn\u00ed akce.\u201c<\/em><\/p>\n\n\n\n<p>AUTOR: TZ Favorit Brno<\/p>\n","protected":false},"excerpt":{"rendered":"<p>Po lo\u0148sk\u00e9 vyda\u0159en\u00e9 premi\u00e9\u0159e bude N\u00e1m\u011b\u0161\u0165 nad Oslavou ji\u017e tuto sobotu 13. dubna znovu hostit z\u00e1vody \u010cesk\u00e9ho poh\u00e1ru v&nbsp;silni\u010dn\u00ed cyklistice ml\u00e1de\u017ee a \u017een. K prvn\u00edmu kolu seri\u00e1lu z\u00e1vod\u016f Brilon Cup je p\u0159ihl\u00e1\u0161eno v\u00edce ne\u017e 400 z\u00e1vodn\u00edk\u016f a z\u00e1vodnic. Spolu s&nbsp;kategori\u00ed hobby a vlo\u017een\u00fdch z\u00e1vod\u016f pro nejmen\u0161\u00ed se tak celkov\u00fd po\u010det \u00fa\u010dastn\u00edk\u016f vy\u0161plh\u00e1 na 500 startuj\u00edc\u00edch. [&hellip;]<\/p>\n","protected":false},"author":1,"featured_media":29205,"comment_status":"closed","ping_status":"open","sticky":false,"template":"","format":"standard","meta":{"footnotes":""},"categories":[2,18],"tags":[11],"class_list":["post-29204","post","type-post","status-publish","format-standard","has-post-thumbnail","hentry","category-novinky","category-silnice","tag-silnice"],"_links":{"self":[{"href":"https:\/\/www.czechcyclingfederation.com\/en\/wp-json\/wp\/v2\/posts\/29204","targetHints":{"allow":["GET"]}}],"collection":[{"href":"https:\/\/www.czechcyclingfederation.com\/en\/wp-json\/wp\/v2\/posts"}],"about":[{"href":"https:\/\/www.czechcyclingfederation.com\/en\/wp-json\/wp\/v2\/types\/post"}],"author":[{"embeddable":true,"href":"https:\/\/www.czechcyclingfederation.com\/en\/wp-json\/wp\/v2\/users\/1"}],"replies":[{"embeddable":true,"href":"https:\/\/www.czechcyclingfederation.com\/en\/wp-json\/wp\/v2\/comments?post=29204"}],"version-history":[{"count":2,"href":"https:\/\/www.czechcyclingfederation.com\/en\/wp-json\/wp\/v2\/posts\/29204\/revisions"}],"predecessor-version":[{"id":29210,"href":"https:\/\/www.czechcyclingfederation.com\/en\/wp-json\/wp\/v2\/posts\/29204\/revisions\/29210"}],"wp:featuredmedia":[{"embeddable":true,"href":"https:\/\/www.czechcyclingfederation.com\/en\/wp-json\/wp\/v2\/media\/29205"}],"wp:attachment":[{"href":"https:\/\/www.czechcyclingfederation.com\/en\/wp-json\/wp\/v2\/media?parent=29204"}],"wp:term":[{"taxonomy":"category","embeddable":true,"href":"https:\/\/www.czechcyclingfederation.com\/en\/wp-json\/wp\/v2\/categories?post=29204"},{"taxonomy":"post_tag","embeddable":true,"href":"https:\/\/www.czechcyclingfederation.com\/en\/wp-json\/wp\/v2\/tags?post=29204"}],"curies":[{"name":"wp","href":"https:\/\/api.w.org\/{rel}","templated":true}]}}