{"id":29177,"date":"2024-04-09T14:12:50","date_gmt":"2024-04-09T12:12:50","guid":{"rendered":"https:\/\/www.czechcyclingfederation.com\/?p=29177"},"modified":"2024-04-09T14:12:54","modified_gmt":"2024-04-09T12:12:54","slug":"zavod-miru-u23-bude-pro-mlade-cyklisty-opet-mezikrokem-do-svetove-spicky","status":"publish","type":"post","link":"https:\/\/www.czechcyclingfederation.com\/en\/zavod-miru-u23-bude-pro-mlade-cyklisty-opet-mezikrokem-do-svetove-spicky\/","title":{"rendered":"Z\u00e1vod m\u00edru U23 bude pro mlad\u00e9 cyklisty op\u011bt mezikrokem do sv\u011btov\u00e9 \u0161pi\u010dky"},"content":{"rendered":"\n<p>Etapov\u00fd cyklistick\u00fd Z\u00e1vod m\u00edru U23 se v leto\u0161n\u00ed sezon\u011b pojede od 30. kv\u011btna do 2. \u010dervna a\u00a0bude pro mlad\u00e9 cyklisty op\u011bt d\u016fle\u017eit\u00fdm krokem na cest\u011b do n\u011bkter\u00e9 ze st\u00e1j\u00ed World Tour. V minulosti v\u00a0Jesen\u00edk\u00e1ch z\u00e1vodili nap\u0159\u00edklad Tadej Poga\u010dar, Jonas Vingegaard \u010di Julian Alaphilippe, kte\u0159\u00ed aktu\u00e1ln\u011b pat\u0159\u00ed mezi nejv\u011bt\u0161\u00ed cyklistick\u00e9 hv\u011bzdy na sv\u011bt\u011b. A\u00a0lo\u0148sk\u00fd v\u00edt\u011bz Antoine Huby z Francie podepsal ned\u00e1vno dvoulet\u00fd kontrakt v t\u00fdmu World Tour Soudal Quick-Step. Bitva pro n\u00e1rodn\u00ed reprezentace do t\u0159iadvaceti let se jezd\u00ed jako sou\u010d\u00e1st seri\u00e1lu elitn\u00edho Nations&#8217; Cup a p\u016fjde o jeden\u00e1ct\u00fd ro\u010dn\u00edk.<\/p>\n\n\n\n<p>\u201eP\u0159ijedou nejlep\u0161\u00ed mlad\u00ed cyklist\u00e9 sv\u011bta, kvalita bude na nejvy\u0161\u0161\u00ed \u00farovni. Jsem si jist, \u017ee p\u0159iv\u00edt\u00e1me n\u011bkterou z budouc\u00edch hv\u011bzd sv\u011btov\u00e9ho pelotonu. P\u0159ipravili jsme n\u00e1ro\u010dn\u00e9 trat\u011b v\u010detn\u011b stoup\u00e1n\u00ed na legend\u00e1rn\u00ed Dlouh\u00e9 str\u00e1n\u011b, celkov\u00e9 nadmo\u0159sk\u00e9 metry prov\u011b\u0159\u00ed jejich kvalitu. A j\u00e1 se samoz\u0159ejm\u011b t\u011b\u0161\u00edm na v\u00fdkony \u010desk\u00fdch talent\u016f,\u201c \u0159ekl \u0159editel z\u00e1vod Leopold K\u00f6nig. Z tuzemsk\u00fdch cyklist\u016f p\u0159i Z\u00e1vodu m\u00edru startovali nap\u0159\u00edklad Mathias Vacek (kontrakt ve World Tour t\u00fdmu Lidl-Trek), Pavel Bittner (Team DSM firmenich PostNL), Petr Kelemen (Tudor PRO) \u010di&nbsp;Milan Kadlec (Development Team DSM firmenich).<\/p>\n\n\n\n<p>\u00davodn\u00ed den povede z\u00e1vodn\u00edky z Krnova do Opavy a bude to na rozd\u00edl od posledn\u00edho ro\u010dn\u00edku plnohodnotn\u00e1 123 km dlouh\u00e1 etapa, nikoliv prolog. Dal\u0161\u00ed etapa z Uni\u010dova do R\u00fdma\u0159ova bude o 6 km krat\u0161\u00ed, ale v\u00fd\u0161kov\u00fdmi metry n\u00e1ro\u010dn\u011bj\u0161\u00ed. Kl\u00ed\u010dov\u00fd den \u010dek\u00e1 na cyklisty v sobotu, nebo\u0165 pojedou z Brunt\u00e1lu na Dlouh\u00e9 Str\u00e1n\u011b, na necel\u00fdch 100 kilometrech nastoupaj\u00ed 2&nbsp;156 v\u00fd\u0161kov\u00fdch metr\u016f. Fin\u00e1le ze \u0160umperka do Jesen\u00edku bude dlouh\u00e9 126 km s&nbsp;p\u0159ev\u00fd\u0161en\u00edm 2&nbsp;223 metr\u016f. Celkov\u011b cyklist\u00e9 zdolaj\u00ed 468 kilometr\u016f a 7&nbsp;981 v\u00fd\u0161kov\u00fdch metr\u016f. Z\u00e1vod m\u00edru je sou\u010d\u00e1st\u00ed Poh\u00e1ru n\u00e1rod\u016f, kter\u00fd pat\u0159\u00ed do nejvy\u0161\u0161\u00ed sv\u011btov\u00e9 kategorie z\u00e1vodn\u00edk\u016f do 23 let a jeho\u017e sou\u010d\u00e1st\u00ed je i francouzsk\u00fd Tour de l\u00b4Avenir \u010di Orlen Nations Grand Prix v Polsku.<\/p>\n\n\n\n<p>\u201eJedeme na tradi\u010dn\u00edch, ale i nov\u00fdch m\u00edstech. V\u00e1\u017e\u00edme si podpory m\u00edstn\u00edch, m\u011bst a kraj\u016f, proto\u017ee n\u00e1m v\u0161ichni hodn\u011b pom\u00e1haj\u00ed p\u0159ipravit trat\u011b a zajistit absolutn\u011b bezpe\u010dn\u00fd z\u00e1vod, co\u017e je pro n\u00e1s mimo\u0159\u00e1dn\u011b d\u016fle\u017eit\u00e9. V\u011b\u0159\u00edme, \u017ee na nejlep\u0161\u00ed mlad\u00e9 cyklisty sv\u011bta p\u0159ijde co nejv\u00edc div\u00e1k\u016f a slibujeme, \u017ee budou m\u00edt velk\u00fd z\u00e1\u017eitek. Z\u00e1rove\u0148 se zavazujeme, \u017ee dopravu omez\u00edme na dobu nezbytn\u011b nutnou a uklid\u00edme po sob\u011b. Chceme b\u00fdt dobr\u00fdmi sousedy,\u201d sl\u00edbil Leopold K\u00f6nig. Pro div\u00e1ky p\u0159ipravuj\u00ed organiz\u00e1to\u0159i fan z\u00f3ny s&nbsp;programem pro cel\u00e9 rodiny.<\/p>\n\n\n\n<p><strong>Program Z\u00e1vodu m\u00edru U23 \u2013 Grand prix Jesen\u00edky<\/strong><\/p>\n\n\n\n<ul class=\"wp-block-list\">\n<li>1. etapa \u2013 30. kv\u011btna (start: 13:00, dojezd: 16:15): Krnov &#8211; Opava (123 km\/\/1 739 v\u00fd\u0161kov\u00fdch metr\u016f).<\/li>\n\n\n\n<li>2. etapa \u2013 31. kv\u011btna (start: 13:30, dojezd: 16:35): Uni\u010dov &#8211; R\u00fdma\u0159ov (117 km\/1&nbsp;863 v\u00fd\u0161kov\u00fdch metr\u016f).<\/li>\n\n\n\n<li>3. etapa \u2013 1. \u010dervna (start: 12:00, dojezd: 14:35): Brunt\u00e1l \u2013 Dlouh\u00e9 Str\u00e1n\u011b (99 km\/2&nbsp;156 v\u00fd\u0161kov\u00fdch metr\u016f).<\/li>\n\n\n\n<li>4. etapa \u2013 2. \u010dervna (start: 10:30, dojezd: 13:45): \u0160umperk \u2013 Jesen\u00edk (126 km\/2&nbsp;223 metr\u016f).<\/li>\n<\/ul>\n\n\n\n<p><strong>Doprovodn\u00fd program, startovn\u00ed m\u011bsta<\/strong><\/p>\n\n\n\n<ul class=\"wp-block-list\">\n<li>Slavnostn\u00ed p\u0159edstaven\u00ed t\u00fdm\u016f na p\u00f3diu<\/li>\n\n\n\n<li>Vlajkov\u00fd ceremoni\u00e1l, proslovy osobnost\u00ed<\/li>\n\n\n\n<li>St\u00e1tn\u00ed hymna<\/li>\n<\/ul>\n\n\n\n<p><strong>Doprovodn\u00fd program, c\u00edlov\u00e1 m\u011bsta<\/strong><\/p>\n\n\n\n<ul class=\"wp-block-list\">\n<li>Koment\u00e1\u0159 k etap\u011b<\/li>\n\n\n\n<li>Sout\u011b\u017ee, rozhovory<\/li>\n\n\n\n<li>Kulturn\u00ed vystoupen\u00ed<\/li>\n\n\n\n<li>Po skon\u010den\u00ed Vyhl\u00e1\u0161en\u00ed v\u00edt\u011bz\u016f etapy<\/li>\n\n\n\n<li>P\u0159ed\u00e1n\u00ed dres\u016f nejlep\u0161\u00edm z\u00e1vodn\u00edk\u016fm<\/li>\n<\/ul>\n\n\n\n<p>Zm\u011bny vyhrazeny.<\/p>\n\n\n\n<p>AUTOR: TZ Z\u00e1vod M\u00edru U23<\/p>\n","protected":false},"excerpt":{"rendered":"<p>Etapov\u00fd cyklistick\u00fd Z\u00e1vod m\u00edru U23 se v leto\u0161n\u00ed sezon\u011b pojede od 30. kv\u011btna do 2. \u010dervna a\u00a0bude pro mlad\u00e9 cyklisty op\u011bt d\u016fle\u017eit\u00fdm krokem na cest\u011b do n\u011bkter\u00e9 ze st\u00e1j\u00ed World Tour. V minulosti v\u00a0Jesen\u00edk\u00e1ch z\u00e1vodili nap\u0159\u00edklad Tadej Poga\u010dar, Jonas Vingegaard \u010di Julian Alaphilippe, kte\u0159\u00ed aktu\u00e1ln\u011b pat\u0159\u00ed mezi nejv\u011bt\u0161\u00ed cyklistick\u00e9 hv\u011bzdy na sv\u011bt\u011b. A\u00a0lo\u0148sk\u00fd v\u00edt\u011bz Antoine [&hellip;]<\/p>\n","protected":false},"author":1,"featured_media":29178,"comment_status":"closed","ping_status":"open","sticky":false,"template":"","format":"standard","meta":{"footnotes":""},"categories":[2,18],"tags":[11],"class_list":["post-29177","post","type-post","status-publish","format-standard","has-post-thumbnail","hentry","category-novinky","category-silnice","tag-silnice"],"_links":{"self":[{"href":"https:\/\/www.czechcyclingfederation.com\/en\/wp-json\/wp\/v2\/posts\/29177","targetHints":{"allow":["GET"]}}],"collection":[{"href":"https:\/\/www.czechcyclingfederation.com\/en\/wp-json\/wp\/v2\/posts"}],"about":[{"href":"https:\/\/www.czechcyclingfederation.com\/en\/wp-json\/wp\/v2\/types\/post"}],"author":[{"embeddable":true,"href":"https:\/\/www.czechcyclingfederation.com\/en\/wp-json\/wp\/v2\/users\/1"}],"replies":[{"embeddable":true,"href":"https:\/\/www.czechcyclingfederation.com\/en\/wp-json\/wp\/v2\/comments?post=29177"}],"version-history":[{"count":1,"href":"https:\/\/www.czechcyclingfederation.com\/en\/wp-json\/wp\/v2\/posts\/29177\/revisions"}],"predecessor-version":[{"id":29180,"href":"https:\/\/www.czechcyclingfederation.com\/en\/wp-json\/wp\/v2\/posts\/29177\/revisions\/29180"}],"wp:featuredmedia":[{"embeddable":true,"href":"https:\/\/www.czechcyclingfederation.com\/en\/wp-json\/wp\/v2\/media\/29178"}],"wp:attachment":[{"href":"https:\/\/www.czechcyclingfederation.com\/en\/wp-json\/wp\/v2\/media?parent=29177"}],"wp:term":[{"taxonomy":"category","embeddable":true,"href":"https:\/\/www.czechcyclingfederation.com\/en\/wp-json\/wp\/v2\/categories?post=29177"},{"taxonomy":"post_tag","embeddable":true,"href":"https:\/\/www.czechcyclingfederation.com\/en\/wp-json\/wp\/v2\/tags?post=29177"}],"curies":[{"name":"wp","href":"https:\/\/api.w.org\/{rel}","templated":true}]}}