{"id":2906,"date":"2020-11-16T13:31:56","date_gmt":"2020-11-16T12:31:56","guid":{"rendered":"http:\/\/www.czechcyclingfederation.com\/?p=2906"},"modified":"2020-11-16T13:31:56","modified_gmt":"2020-11-16T12:31:56","slug":"terminy-zavodu-skoda-prazsky-mtb-pohar-2021","status":"publish","type":"post","link":"https:\/\/www.czechcyclingfederation.com\/en\/terminy-zavodu-skoda-prazsky-mtb-pohar-2021\/","title":{"rendered":"Term\u00edny z\u00e1vod\u016f \u0160koda Pra\u017esk\u00fd MTB poh\u00e1r 2021"},"content":{"rendered":"\n<p>Po\u0159adatel\u00e9 seri\u00e1lu z\u00e1vod\u016f horsk\u00fdch kol v olympijsk\u00e9m cross country pro v\u0161echny v\u011bkov\u00e9 a v\u00fdkonnostn\u00ed skupiny cyklist\u016f, v\u010detn\u011b cyklist\u016f s handicapem zve\u0159ejnili term\u00edny z\u00e1vod\u016f pro rok 2021. V kalend\u00e1\u0159i \u0160koda Pra\u017esk\u00e9ho MTB poh\u00e1ru roku 2021 je zachov\u00e1no v\u0161e obl\u00edben\u00e9 co pra\u017esk\u00e1 sout\u011b\u017e nab\u00edz\u00ed a z\u00e1rove\u0148 organiz\u00e1to\u0159i p\u0159id\u00e1vaj\u00ed novou lokalitu, kter\u00e1 by v budoucnu mohla v\u00fdznamn\u011b zpest\u0159it leg\u00e1ln\u00ed, velmi skromnou nab\u00eddku pra\u017esk\u00fdch bikov\u00fdch trat\u00ed a trail\u016f, kter\u00e9 nyn\u00ed ani zdaleka nedok\u00e1\u017e\u00ed svou kapacitou pokr\u00fdt vysok\u00fd z\u00e1jem o cyklistiku v hlavn\u00edm m\u011bst\u011b.<\/p>\n\n\n\n<p>Sou\u010d\u00e1st\u00ed pra\u017esk\u00fdch z\u00e1vod\u016f budou i dal\u0161\u00ed v\u00fdznamn\u00e9 sout\u011b\u017ee. V r\u00e1mci z\u00e1vodu 19. \u010dervna na Zli\u010d\u00edn\u011b se uskute\u010dn\u00ed presti\u017en\u00ed souboj o trikoty p\u0159eborn\u00edk\u016f Prahy horsk\u00fdch kol a fin\u00e1lov\u00fd z\u00e1vod v Motole bude z\u00e1rove\u0148 Akademick\u00fdm mistrovstv\u00edm \u010cesk\u00e9 republiky<\/p>\n\n\n\n<p>Term\u00edny z\u00e1vod\u016f \u0160koda Pra\u017esk\u00fd MTB poh\u00e1r 2021:<\/p>\n\n\n\n<p>11. dubna: Motol<\/p>\n\n\n\n<p>1. kv\u011btna: Kbely<\/p>\n\n\n\n<p>2. kv\u011btna: Beckov<\/p>\n\n\n\n<p>19. \u010dervna: Zli\u010d\u00edn \u2013 P\u0159ebor Prahy<\/p>\n\n\n\n<p>20. \u010dervna: Zli\u010d\u00edn<\/p>\n\n\n\n<p>11. z\u00e1\u0159\u00ed: Libu\u0161<\/p>\n\n\n\n<p>12. z\u00e1\u0159\u00ed: Motol \u2013 Akademick\u00e9 mistrovstv\u00ed \u010cR<\/p>\n\n\n\n<p>FOTO Barbora Klap<\/p>\n\n\n\n<figure class=\"wp-block-image size-large\"><img loading=\"lazy\" decoding=\"async\" width=\"488\" height=\"171\" src=\"http:\/\/www.czechcyclingfederation.com\/wp-content\/uploads\/2020\/09\/image001-1.jpg\" alt=\"\" class=\"wp-image-2293\" srcset=\"https:\/\/www.czechcyclingfederation.com\/wp-content\/uploads\/2020\/09\/image001-1.jpg 488w, https:\/\/www.czechcyclingfederation.com\/wp-content\/uploads\/2020\/09\/image001-1-300x105.jpg 300w\" sizes=\"auto, (max-width: 488px) 100vw, 488px\" \/><\/figure>\n","protected":false},"excerpt":{"rendered":"<p>Po\u0159adatel\u00e9 seri\u00e1lu z\u00e1vod\u016f horsk\u00fdch kol v olympijsk\u00e9m cross country pro v\u0161echny v\u011bkov\u00e9 a v\u00fdkonnostn\u00ed skupiny cyklist\u016f, v\u010detn\u011b cyklist\u016f s handicapem zve\u0159ejnili term\u00edny z\u00e1vod\u016f pro rok 2021. V kalend\u00e1\u0159i \u0160koda Pra\u017esk\u00e9ho MTB poh\u00e1ru roku 2021 je zachov\u00e1no v\u0161e obl\u00edben\u00e9 co pra\u017esk\u00e1 sout\u011b\u017e nab\u00edz\u00ed a z\u00e1rove\u0148 organiz\u00e1to\u0159i p\u0159id\u00e1vaj\u00ed novou lokalitu, kter\u00e1 by v budoucnu mohla v\u00fdznamn\u011b zpest\u0159it [&hellip;]<\/p>\n","protected":false},"author":8,"featured_media":2907,"comment_status":"closed","ping_status":"open","sticky":false,"template":"","format":"standard","meta":{"footnotes":""},"categories":[6,2],"tags":[10],"class_list":["post-2906","post","type-post","status-publish","format-standard","has-post-thumbnail","hentry","category-mtb","category-novinky","tag-mtb"],"_links":{"self":[{"href":"https:\/\/www.czechcyclingfederation.com\/en\/wp-json\/wp\/v2\/posts\/2906","targetHints":{"allow":["GET"]}}],"collection":[{"href":"https:\/\/www.czechcyclingfederation.com\/en\/wp-json\/wp\/v2\/posts"}],"about":[{"href":"https:\/\/www.czechcyclingfederation.com\/en\/wp-json\/wp\/v2\/types\/post"}],"author":[{"embeddable":true,"href":"https:\/\/www.czechcyclingfederation.com\/en\/wp-json\/wp\/v2\/users\/8"}],"replies":[{"embeddable":true,"href":"https:\/\/www.czechcyclingfederation.com\/en\/wp-json\/wp\/v2\/comments?post=2906"}],"version-history":[{"count":1,"href":"https:\/\/www.czechcyclingfederation.com\/en\/wp-json\/wp\/v2\/posts\/2906\/revisions"}],"predecessor-version":[{"id":2908,"href":"https:\/\/www.czechcyclingfederation.com\/en\/wp-json\/wp\/v2\/posts\/2906\/revisions\/2908"}],"wp:featuredmedia":[{"embeddable":true,"href":"https:\/\/www.czechcyclingfederation.com\/en\/wp-json\/wp\/v2\/media\/2907"}],"wp:attachment":[{"href":"https:\/\/www.czechcyclingfederation.com\/en\/wp-json\/wp\/v2\/media?parent=2906"}],"wp:term":[{"taxonomy":"category","embeddable":true,"href":"https:\/\/www.czechcyclingfederation.com\/en\/wp-json\/wp\/v2\/categories?post=2906"},{"taxonomy":"post_tag","embeddable":true,"href":"https:\/\/www.czechcyclingfederation.com\/en\/wp-json\/wp\/v2\/tags?post=2906"}],"curies":[{"name":"wp","href":"https:\/\/api.w.org\/{rel}","templated":true}]}}