{"id":28997,"date":"2024-03-17T14:00:14","date_gmt":"2024-03-17T13:00:14","guid":{"rendered":"https:\/\/www.czechcyclingfederation.com\/?p=28997"},"modified":"2024-03-17T14:00:18","modified_gmt":"2024-03-17T13:00:18","slug":"na-zaver-drahoveho-ncupu-dve-jedenacta-mista-pro-ceske-barvy","status":"publish","type":"post","link":"https:\/\/www.czechcyclingfederation.com\/en\/na-zaver-drahoveho-ncupu-dve-jedenacta-mista-pro-ceske-barvy\/","title":{"rendered":"Na z\u00e1v\u011br dr\u00e1hov\u00e9ho NCupu dv\u011b jeden\u00e1ct\u00e1 m\u00edsta pro \u010desk\u00e9 barvy"},"content":{"rendered":"\n<p>V z\u00e1v\u011bre\u010dn\u00e9m t\u0159et\u00edm dnu dr\u00e1hov\u00e9ho Nations Cupu v Hongkongu \u010de\u0161t\u00ed jezdci do elitn\u00ed des\u00edtky nepronikli. Duo Denis Rugova a Jan Vone\u0161 sice vyhr\u00e1lo v madisonu prvn\u00ed kvalifika\u010dn\u00ed j\u00edzdu, ale v hlavn\u00edm z\u00e1vod\u011b ji\u017e neusp\u011blo. Za jeden vyhran\u00fd sprint a jedno t\u0159et\u00ed m\u00edsto z\u00edskali na\u0161i jezdci 7 bod\u016f, ale ztr\u00e1ta okruhu je poslala z elitn\u00ed des\u00edtky na jeden\u00e1ct\u00e9 m\u00edsto. Stejnou p\u0159\u00ed\u010dku obsadila i Petra \u0160ev\u010d\u00edkov\u00e1 v omniu.<\/p>\n\n\n\n<p>Ta jako posledn\u00ed proklouzla z kvalifikace do hlavn\u00ed sout\u011b\u017ee v omniu. Ve scratchi pak za\u010dala z\u00e1vod slibnou \u0161estou p\u0159\u00ed\u010dkou, ale v tempo race byla a\u017e devaten\u00e1ct\u00e1. Ve vylu\u010dova\u010dce skon\u010dila t\u0159in\u00e1ct\u00e1 a v bodova\u010dce p\u0159idala \u0161estn\u00e1ct bod\u016f.<\/p>\n\n\n\n<p>Sprintersk\u00e9 duo Martin \u010cechman a Dominik Topinka v kvalifikaci usp\u011blo, kdy\u017e \u010cechman postoupil sedmn\u00e1ct\u00fdm \u010dasem 9,861 a Topinka p\u011btadvac\u00e1t\u00fdm (9,982). V prvn\u00ed j\u00edzd\u011b ale \u010cechman nesta\u010dil na S\u00e1ndora Szalontaye z Ma\u010farska, Topinku pak d\u00e1l nepustil \u010cou J\u00fc z \u010c\u00edny. Veronika Jaborn\u00edkov\u00e1 v keirinu neusp\u011bla v prvn\u00edm kole, stejn\u011b si vedla v oprav\u00e1ch.<\/p>\n\n\n\n<p>V\u00fdsledky:<\/p>\n\n\n\n<p>Mu\u017ei:<\/p>\n\n\n\n<p>Madison:<\/p>\n\n\n\n<p>1. Gate, Stewart (N. Z\u00e9l.) 45, 2. \u0160pan\u011blsko (Mora Vedri, Torres) 35, 3. Japonsko (Ha\u0161imoto, Kuboki) 35, 4. Portugalsko (I. Leitao, Marias) 33, 5. N\u011bmecko (Kluge, Reinhardt) 29, 6. D\u00e1nsko (Skivild, Leth) 16, &#8230;11. \u010cR (Rugovac, Vone\u0161) -13.<\/p>\n\n\n\n<p>Sprint:<\/p>\n\n\n\n<p>Fin\u00e1le: Ota (Jap.) &#8211; Richardson (Austr.) 2:1, o 3. m\u00edsto: Paul (Trin. a Tob.) &#8211; Hoffman (Austr.) 2:0, &#8230;19. \u010cechman, 25. Topinka (oba \u010cR).<\/p>\n\n\n\n<p>\u017deny:<\/p>\n\n\n\n<p>Kerin:<\/p>\n\n\n\n<p>1. Finucaneov\u00e1 (Brit.), 2. Hinzeov\u00e1 (N\u011bm.), 3. Lysenkov\u00e1, 4. Degrendelov\u00e1 (Belg.), 5. Satoov\u00e1 (Jap.), 6. Grosov\u00e1 (Fr.), &#8230;31. V. Jaborn\u00edkov\u00e1 (\u010cR).<\/p>\n\n\n\n<p>Omnium:<\/p>\n\n\n\n<p>1. Ka\u017eiharaov\u00e1 124, 2. U\u010dinov\u00e1 (ob\u011b Jap.) 113. 3. Gillespieov\u00e1 (Ir.) 108, 4. Seitzov\u00e1 (\u0160v\u00fdc.) 92, 5. Balej\u0161iteov\u00e1 (Lit.) 86, 6. Liou \u0164ia-li (\u010c\u00edna) 85, &#8230;11. \u0160ev\u010d\u00edkov\u00e1 (\u010cR) 66.<\/p>\n","protected":false},"excerpt":{"rendered":"<p>V z\u00e1v\u011bre\u010dn\u00e9m t\u0159et\u00edm dnu dr\u00e1hov\u00e9ho Nations Cupu v Hongkongu \u010de\u0161t\u00ed jezdci do elitn\u00ed des\u00edtky nepronikli. Duo Denis Rugova a Jan Vone\u0161 sice vyhr\u00e1lo v madisonu prvn\u00ed kvalifika\u010dn\u00ed j\u00edzdu, ale v hlavn\u00edm z\u00e1vod\u011b ji\u017e neusp\u011blo. Za jeden vyhran\u00fd sprint a jedno t\u0159et\u00ed m\u00edsto z\u00edskali na\u0161i jezdci 7 bod\u016f, ale ztr\u00e1ta okruhu je poslala z elitn\u00ed des\u00edtky [&hellip;]<\/p>\n","protected":false},"author":8,"featured_media":28998,"comment_status":"closed","ping_status":"open","sticky":false,"template":"","format":"standard","meta":{"footnotes":""},"categories":[54,2],"tags":[9],"class_list":["post-28997","post","type-post","status-publish","format-standard","has-post-thumbnail","hentry","category-draha","category-novinky","tag-draha"],"_links":{"self":[{"href":"https:\/\/www.czechcyclingfederation.com\/en\/wp-json\/wp\/v2\/posts\/28997","targetHints":{"allow":["GET"]}}],"collection":[{"href":"https:\/\/www.czechcyclingfederation.com\/en\/wp-json\/wp\/v2\/posts"}],"about":[{"href":"https:\/\/www.czechcyclingfederation.com\/en\/wp-json\/wp\/v2\/types\/post"}],"author":[{"embeddable":true,"href":"https:\/\/www.czechcyclingfederation.com\/en\/wp-json\/wp\/v2\/users\/8"}],"replies":[{"embeddable":true,"href":"https:\/\/www.czechcyclingfederation.com\/en\/wp-json\/wp\/v2\/comments?post=28997"}],"version-history":[{"count":1,"href":"https:\/\/www.czechcyclingfederation.com\/en\/wp-json\/wp\/v2\/posts\/28997\/revisions"}],"predecessor-version":[{"id":29000,"href":"https:\/\/www.czechcyclingfederation.com\/en\/wp-json\/wp\/v2\/posts\/28997\/revisions\/29000"}],"wp:featuredmedia":[{"embeddable":true,"href":"https:\/\/www.czechcyclingfederation.com\/en\/wp-json\/wp\/v2\/media\/28998"}],"wp:attachment":[{"href":"https:\/\/www.czechcyclingfederation.com\/en\/wp-json\/wp\/v2\/media?parent=28997"}],"wp:term":[{"taxonomy":"category","embeddable":true,"href":"https:\/\/www.czechcyclingfederation.com\/en\/wp-json\/wp\/v2\/categories?post=28997"},{"taxonomy":"post_tag","embeddable":true,"href":"https:\/\/www.czechcyclingfederation.com\/en\/wp-json\/wp\/v2\/tags?post=28997"}],"curies":[{"name":"wp","href":"https:\/\/api.w.org\/{rel}","templated":true}]}}