{"id":28986,"date":"2024-03-16T15:48:39","date_gmt":"2024-03-16T14:48:39","guid":{"rendered":"https:\/\/www.czechcyclingfederation.com\/?p=28986"},"modified":"2024-03-16T16:03:01","modified_gmt":"2024-03-16T15:03:01","slug":"cechman-v-keirinu-na-ncupu-tesne-pod-stupni-vitezu","status":"publish","type":"post","link":"https:\/\/www.czechcyclingfederation.com\/en\/cechman-v-keirinu-na-ncupu-tesne-pod-stupni-vitezu\/","title":{"rendered":"\u010cechman v keirinu na NCupu t\u011bsn\u011b pod stupni v\u00edt\u011bz\u016f"},"content":{"rendered":"\n<p>Ve druh\u00e9m dnu Nations Cupu v dr\u00e1hov\u00e9 cyklistice se na ov\u00e1lu v Hongkongu bl\u00fdskl v\u00fdte\u010dn\u00fdm v\u00fdkonem \u010desk\u00fd sprinter Martin \u010cechman, kter\u00e9mu v olympijsk\u00e9 discipl\u00edn\u011b keirinu jen t\u011bsn\u011b unikly stupn\u011b v\u00edt\u011bz\u016f a obsadil \u010dtvrt\u00e9 m\u00edsto. Hodn\u011b \u00fasp\u011b\u0161n\u00e9 bylo i duo Gabriela B\u00e1rtov\u00e1 a Petra \u0160ev\u010d\u00edkov\u00e1, kter\u00e9 vybojovalo v madisonu v\u00fdbornou sedmou pozici.<\/p>\n\n\n\n<p>\u010cechman nesta\u010dil v kvalifikaci pouze na Jeffrey Hooglanda z Nizozemska, av\u0161ak postupoval jen v\u00edt\u011bz. V oprav\u011b dojel \u010desk\u00fd jezdec druh\u00fd za Fabianem Hernando Puerta Zapatou z Kolumbie a proklouzl do semifin\u00e1le. V n\u011bm skon\u010dil t\u0159et\u00ed, kdy\u017e za sebou nechal i Hooglanda a \u010dekalo na n\u011bj fin\u00e1le. V n\u011bm nesta\u010dil pouze na trio Kaiya Ota z Japonska, Australana Matthewa Glaetzera a Sama Dakina z Nov\u00e9ho Z\u00e9landu. Mat\u011bj Bohusl\u00e1vek ve stejn\u00e9 discipl\u00edn\u011b neusp\u011bl v kvalifikaci ani oprav\u011b.<\/p>\n\n\n\n<p>Denis Rugovac bezpe\u010dn\u011b pro\u0161el kvalifikac\u00ed v omniu, ale v samotn\u00e9m z\u00e1vodu se mu ji\u017e tak neda\u0159ilo. Ve scratchi dojel a\u017e na 22. m\u00edst\u011b, jen o t\u0159i m\u00edsta v\u00fd\u0161e byl v tempo race, ve vylu\u010dova\u010dce skon\u010dil sedmn\u00e1ct\u00fd a svou pozici si nevylep\u0161il ani v z\u00e1v\u011bre\u010dn\u00e9 bodova\u010dce a obsadil celkov\u011b dvac\u00e1tou p\u0159\u00ed\u010dku. Neusp\u011bla ani sprinterka Veronika Jaborn\u00edkov\u00e1, kter\u00e1 byla klasifikov\u00e1na na 32. m\u00edst\u011b.<\/p>\n\n\n\n<p>V\u00fdsledky:<\/p>\n\n\n\n<p>Mu\u017ei:<\/p>\n\n\n\n<p>Keirin:<\/p>\n\n\n\n<p>1. Ota (Jap.), 2. Glaetzer (Austr.), 3. Dakin (N. Z\u00e9l.), 4. \u010cechman (\u010cR), 5. Browne (Trin. a Tob.), 6. Richardson (Austr.), &#8230;38. Bohusl\u00e1vek (\u010cR).<\/p>\n\n\n\n<p>Omnium:<\/p>\n\n\n\n<p>1. Gate (N. Z\u00e9l.) 144, 2. Nilsson (Fr.) 143, 3. Ko\u017eima (Jap.) 133, 4. Mora Vedri (\u0160p.) 127, 5. Hesters (Belg.) 124, 6. I. Leitao (Port.) 123, &#8230;20. Rugovac (\u010cR) -6.<\/p>\n\n\n\n<p>\u017deny:<\/p>\n\n\n\n<p>Sprint:<\/p>\n\n\n\n<p>Fin\u00e1le: Finucaneov\u00e1 (Brit.) &#8211; Grosov\u00e1 (Fr.) 2:0, o 3. m\u00edsto: Friedrichov\u00e1 (N\u011bm.) &#8211; van de Wouwov\u00e1 (Niz.) 2:0, &#8230;32. V. Jaborn\u00edkov\u00e1 (\u010cR).<\/p>\n\n\n\n<p>Madison:<\/p>\n\n\n\n<p>1. Japonsko (Kakitaov\u00e1, U\u010dinov\u00e1) 54, 2. Nov\u00fd Z\u00e9land (Bothaov\u00e1, Shermanov\u00e1) 53, 3. Nizozemsko (Raaijmakersov\u00e1, van Belleov\u00e1) 49, 4. \u0160v\u00fdcarsko (Andresov\u00e1, Seitzov\u00e1) 18, 5. Irsko (Griffinov\u00e1, Sharpeov\u00e1) 17, 6. It\u00e1lie (Zanardiov\u00e1, Vitillov\u00e1) 9, 7. \u010cR (Gabriela B\u00e1rtov\u00e1, Petra \u0160ev\u010d\u00edkov\u00e1) 1.<\/p>\n","protected":false},"excerpt":{"rendered":"<p>Ve druh\u00e9m dnu Nations Cupu v dr\u00e1hov\u00e9 cyklistice se na ov\u00e1lu v Hongkongu bl\u00fdskl v\u00fdte\u010dn\u00fdm v\u00fdkonem \u010desk\u00fd sprinter Martin \u010cechman, kter\u00e9mu v olympijsk\u00e9 discipl\u00edn\u011b keirinu jen t\u011bsn\u011b unikly stupn\u011b v\u00edt\u011bz\u016f a obsadil \u010dtvrt\u00e9 m\u00edsto. Hodn\u011b \u00fasp\u011b\u0161n\u00e9 bylo i duo Gabriela B\u00e1rtov\u00e1 a Petra \u0160ev\u010d\u00edkov\u00e1, kter\u00e9 vybojovalo v madisonu v\u00fdbornou sedmou pozici. \u010cechman nesta\u010dil v kvalifikaci [&hellip;]<\/p>\n","protected":false},"author":1,"featured_media":28987,"comment_status":"closed","ping_status":"open","sticky":false,"template":"","format":"standard","meta":{"footnotes":""},"categories":[54,2],"tags":[9],"class_list":["post-28986","post","type-post","status-publish","format-standard","has-post-thumbnail","hentry","category-draha","category-novinky","tag-draha"],"_links":{"self":[{"href":"https:\/\/www.czechcyclingfederation.com\/en\/wp-json\/wp\/v2\/posts\/28986","targetHints":{"allow":["GET"]}}],"collection":[{"href":"https:\/\/www.czechcyclingfederation.com\/en\/wp-json\/wp\/v2\/posts"}],"about":[{"href":"https:\/\/www.czechcyclingfederation.com\/en\/wp-json\/wp\/v2\/types\/post"}],"author":[{"embeddable":true,"href":"https:\/\/www.czechcyclingfederation.com\/en\/wp-json\/wp\/v2\/users\/1"}],"replies":[{"embeddable":true,"href":"https:\/\/www.czechcyclingfederation.com\/en\/wp-json\/wp\/v2\/comments?post=28986"}],"version-history":[{"count":2,"href":"https:\/\/www.czechcyclingfederation.com\/en\/wp-json\/wp\/v2\/posts\/28986\/revisions"}],"predecessor-version":[{"id":28990,"href":"https:\/\/www.czechcyclingfederation.com\/en\/wp-json\/wp\/v2\/posts\/28986\/revisions\/28990"}],"wp:featuredmedia":[{"embeddable":true,"href":"https:\/\/www.czechcyclingfederation.com\/en\/wp-json\/wp\/v2\/media\/28987"}],"wp:attachment":[{"href":"https:\/\/www.czechcyclingfederation.com\/en\/wp-json\/wp\/v2\/media?parent=28986"}],"wp:term":[{"taxonomy":"category","embeddable":true,"href":"https:\/\/www.czechcyclingfederation.com\/en\/wp-json\/wp\/v2\/categories?post=28986"},{"taxonomy":"post_tag","embeddable":true,"href":"https:\/\/www.czechcyclingfederation.com\/en\/wp-json\/wp\/v2\/tags?post=28986"}],"curies":[{"name":"wp","href":"https:\/\/api.w.org\/{rel}","templated":true}]}}