{"id":28955,"date":"2024-03-18T07:00:00","date_gmt":"2024-03-18T06:00:00","guid":{"rendered":"https:\/\/www.czechcyclingfederation.com\/?p=28955"},"modified":"2024-03-13T15:07:41","modified_gmt":"2024-03-13T14:07:41","slug":"veletrh-forbikes-2024-je-tu","status":"publish","type":"post","link":"https:\/\/www.czechcyclingfederation.com\/en\/veletrh-forbikes-2024-je-tu\/","title":{"rendered":"Veletrh FORBIKES 2024 je tu!"},"content":{"rendered":"\n<p><strong>U\u017e po\u010dtrn\u00e1ct\u00e9 prob\u011bhne na v\u00fdstavi\u0161ti PVA EXPO PRAHA cyklistick\u00fd veletrh FOR BIKES. Krom\u011b uveden\u00ed nov\u00fdch model\u016f kol a kompletn\u00edho cyklo sortimentu tuzemsk\u00fdch a zahrani\u010dn\u00edch zna\u010dek veletrh podpo\u0159\u00ed i charitativn\u00ed projekty. Chyb\u011bt nebude popul\u00e1rn\u00ed z\u00e1vod nebo mo\u017enost testovac\u00edch j\u00edzd. To v\u0161e bude p\u0159ipraveno ve dnech 22. a\u017e 24. b\u0159ezna.<\/strong><\/p>\n\n\n\n<p><em>Haly let\u0148ansk\u00e9ho v\u00fdstavi\u0161t\u011b budou hostit expozice v\u00fdznamn\u00fdch zna\u010dek prezentuj\u00edc\u00edch sv\u00e9 novinky a trendy z odv\u011btv\u00ed sportovn\u00ed i rekrea\u010dn\u00ed cyklistiky. Nebude chyb\u011bt mo\u017enost testov\u00e1n\u00ed elektrokol, kdy si mohou z\u00e1jemci vyzkou\u0161et velk\u00e9 mno\u017estv\u00ed model\u016f, pro d\u011bti p\u0159iprav\u00edme testovac\u00ed h\u0159i\u0161t\u011b,\u201c<\/em>&nbsp;\u0159ekla \u0159editelka veletrhu Vanda Petrov.<\/p>\n\n\n\n<p>Kola MMR na sv\u00e9 expozici nab\u00eddne T.S. Bohemia a kolekci pro leto\u0161n\u00ed rok uvede \u010desk\u00e1 zna\u010dka Qayron zam\u011b\u0159en\u00e1 zejm\u00e9na na ter\u00e9nn\u00ed cyklistiku. Produkty Shimano nab\u00eddne Paul Lange, \u0161irok\u00e9 portfolio zna\u010dek p\u0159iveze BBF BIKE. Novou kolekci kol p\u0159iveze do Let\u0148an stroj\u00edrensk\u00e1 spole\u010dnost Velotrade, a to jak z&nbsp;kategori\u00ed m\u011bstsk\u00fdch kol, cestovn\u00edch, sportovn\u00edch, superlehk\u00fdch d\u011btsk\u00fdch, tak i MTB modely \u010di elektrokola.<\/p>\n\n\n\n<p>S\u00a0novinkami i s\u00a0obl\u00edben\u00fdmi modely doraz\u00ed tak\u00e9 spole\u010dnost Bikero, Proofy, Cube Cyklo Falt\u00fdnek, Bikemax, JMC Trading, Bikeporn, Endorphin republic, Bretton, Bikeaction a SU EVO bikes a dal\u0161\u00ed. DR SPORT bude prezentovat ucelenou kolekci lehk\u00fdch d\u011btsk\u00fdch kol BEANY v\u010detn\u011b leto\u0161n\u00edch novinek. V\u00a0e-bike Hale 4, jej\u00edm\u017e partnerem je Crussis, se bude nach\u00e1zet tak\u00e9 DEPO elektrokol pro testovac\u00ed j\u00edzdy a p\u0159edstav\u00ed se zde firmy Mountfield, Tenways, Riese&amp;M\u00fcller nebo PRE.<\/p>\n\n\n\n<figure class=\"wp-block-image size-large\"><img loading=\"lazy\" decoding=\"async\" width=\"1024\" height=\"268\" src=\"https:\/\/www.czechcyclingfederation.com\/wp-content\/uploads\/2024\/03\/BIKES_MAIL_24_1240x325_cz-1024x268.png\" alt=\"\" class=\"wp-image-28956\" srcset=\"https:\/\/www.czechcyclingfederation.com\/wp-content\/uploads\/2024\/03\/BIKES_MAIL_24_1240x325_cz-1024x268.png 1024w, https:\/\/www.czechcyclingfederation.com\/wp-content\/uploads\/2024\/03\/BIKES_MAIL_24_1240x325_cz-300x79.png 300w, https:\/\/www.czechcyclingfederation.com\/wp-content\/uploads\/2024\/03\/BIKES_MAIL_24_1240x325_cz-768x201.png 768w, https:\/\/www.czechcyclingfederation.com\/wp-content\/uploads\/2024\/03\/BIKES_MAIL_24_1240x325_cz.png 1240w\" sizes=\"auto, (max-width: 1024px) 100vw, 1024px\" \/><\/figure>\n\n\n\n<p><strong>Servis kol i slavn\u00fd z\u00e1vod<\/strong><\/p>\n\n\n\n<p>Nov\u011b se na veletrhu p\u0159edstav\u00ed unik\u00e1tn\u00ed tricykl se z\u00e1zem\u00edm na zaji\u0161t\u011bn\u00ed chodu servisn\u00edch stanic pro opravy j\u00edzdn\u00edch kol, kter\u00fd mohou z\u00e1jemci vyu\u017e\u00edt i v&nbsp;r\u00e1mci FOR BIKES. P\u0159iveze ho spole\u010dnost 4AVs.eu poskytuj\u00edc\u00ed slu\u017eby posledn\u00ed m\u00edle pod zna\u010dkou Cargo-Bajke\u0159i. Sportovn\u00ed, rehabilita\u010dn\u00ed a pohybov\u00e9 trena\u017e\u00e9ry vlastn\u00ed v\u00fdroby uvede expozice organizace Cesta za snem, kter\u00e1 pom\u00e1h\u00e1 handicapovan\u00fdm sportovc\u016fm s&nbsp;n\u00e1vratem do \u017eivota. Bude mo\u017en\u00e9 vyzkou\u0161et si handbike a zaz\u00e1vodit si s&nbsp;n\u00edm o zaj\u00edmav\u00e9 ceny.<\/p>\n\n\n\n<p>FOR BIKES p\u0159in\u00e1\u0161\u00ed krom\u011b \u0161irok\u00e9ho portfolia cyklo produkt\u016f i zaj\u00edmav\u00fd program pro v\u0161echny kategorie cyklist\u016f. Ani letos v&nbsp;n\u011bm nechyb\u00ed z\u00e1vod horsk\u00fdch kol pro ve\u0159ejnost MTB FOR BIKES, kter\u00fd m\u011b\u0159\u00ed 45 km a odstartuje v&nbsp;are\u00e1lu PVA EXPO PRAHA 23. b\u0159ezna v&nbsp;11 hodin.<\/p>\n\n\n\n<p><strong>V\u00fdzva pro d\u011bti i odv\u00e1\u017en\u00e9<\/strong><\/p>\n\n\n\n<p>Kdo se chce setkat s v\u00fdznamn\u00fdmi osobnostmi sv\u011bta cyklistiky i mimo n\u011bj, nem\u011bl by si nechat uj\u00edt program v Hale 3. Ak\u010dn\u00ed program v&nbsp;Hale 2D p\u0159inese premi\u00e9ru nov\u00e9ho HOT WHEELS \u201eWORLD CUP\u201c pumptracku, zast\u00e1vku celorepublikov\u00e9ho a celoro\u010dn\u00edho z\u00e1vodu MODULAR PUMPTRACK CHALLENGE a tak\u00e9 kvalifika\u010dn\u00ed z\u00e1vod na mistrovstv\u00ed republiky ve FREESTYLE SCOOTERINGU V&nbsp;PUMPTRACKU. Nebudou chyb\u011bt ani zaj\u00edmav\u00e9 workshopy, exhibi\u010dn\u00ed j\u00edzdy profesion\u00e1l\u016f i mo\u017enost voln\u00e9ho je\u017ed\u011bn\u00ed.<\/p>\n\n\n\n<p>Nejmen\u0161\u00ed jezdci si mohou na d\u011btsk\u00e9 testovac\u00ed dr\u00e1ze v Hale 4, kterou bude m\u00edt na starosti Kubacyklo\u0161kola, vyzkou\u0161et v\u0161echny velikosti kol Rascal a Woom. Nebudou chyb\u011bt p\u0159ek\u00e1\u017eky, skok\u00e1nky \u010di pr\u016fjezdy a dal\u0161\u00ed.&nbsp;<\/p>\n\n\n\n<p>Kdo si v\u011b\u0159\u00ed, m\u016f\u017ee si vyzkou\u0161et skills na kole proti z\u00e1vodn\u00edk\u016fm Jakubovi Pivni\u010dkovi a Adamu Maxovi na st\u00e1nku Cyklistickey.<\/p>\n\n\n\n<p>Veletrh FOR BIKES pom\u00e1h\u00e1 pot\u0159ebn\u00fdm d\u00edky spolupr\u00e1ci s projekty Kola pro Afriku a Cesta za snem. Letos bude je\u0161t\u011b v\u00edce mo\u017enost\u00ed jak pomoci, a to d\u00edky roz\u0161\u00ed\u0159en\u00ed spolupr\u00e1ce s projektem Dejme \u0161anci d\u011btem. N\u00e1v\u0161t\u011bvn\u00edci mohou do Let\u0148an p\u0159iv\u00e9zt nepot\u0159ebn\u00e1 kola v\u0161ech typ\u016f a velikost\u00ed, kter\u00fdm bude d\u00edky firm\u011b Kolofix vdechnut nov\u00fd \u017eivot a budou p\u0159ed\u00e1na tam, kde pomohou. Organiz\u00e1tor veletrhu, spole\u010dnost ABF, a.s., kter\u00fd se dlouhodob\u011b zab\u00fdv\u00e1 t\u00e9matem udr\u017eitelnosti, recyklace a ekologie, p\u0159em\u011bn\u00ed spolu s partnery odlo\u017een\u00e1 kola na funk\u010dn\u00ed d\u00e1rky pro d\u011bti v d\u011btsk\u00fdch domovech a na dopravn\u00ed prost\u0159edky pro \u0161kol\u00e1ky v Africe.<\/p>\n\n\n\n<p>O v\u00edkendu 23. a 24. b\u0159ezna prob\u011bhne tak\u00e9 cestovatelsk\u00fd festival KOLEM SV\u011aTA, kter\u00fd otev\u0159e i svou cyklo cestovatelskou sc\u00e9nu.\u00a0<strong>V\u00edce na\u00a0<a href=\"http:\/\/www.forbikes.cz\/\">www.forbikes.cz<\/a>.<\/strong><\/p>\n\n\n\n<p>AUTOR: TZ FORBIKES <\/p>\n","protected":false},"excerpt":{"rendered":"<p>U\u017e po\u010dtrn\u00e1ct\u00e9 prob\u011bhne na v\u00fdstavi\u0161ti PVA EXPO PRAHA cyklistick\u00fd veletrh FOR BIKES. Krom\u011b uveden\u00ed nov\u00fdch model\u016f kol a kompletn\u00edho cyklo sortimentu tuzemsk\u00fdch a zahrani\u010dn\u00edch zna\u010dek veletrh podpo\u0159\u00ed i charitativn\u00ed projekty. Chyb\u011bt nebude popul\u00e1rn\u00ed z\u00e1vod nebo mo\u017enost testovac\u00edch j\u00edzd. To v\u0161e bude p\u0159ipraveno ve dnech 22. a\u017e 24. b\u0159ezna. Haly let\u0148ansk\u00e9ho v\u00fdstavi\u0161t\u011b budou hostit expozice v\u00fdznamn\u00fdch [&hellip;]<\/p>\n","protected":false},"author":1,"featured_media":28958,"comment_status":"closed","ping_status":"open","sticky":false,"template":"","format":"standard","meta":{"footnotes":""},"categories":[28,17,2],"tags":[419],"class_list":["post-28955","post","type-post","status-publish","format-standard","has-post-thumbnail","hentry","category-cesky-svaz-cyklistiky","category-discipliny","category-novinky","tag-veletrh"],"_links":{"self":[{"href":"https:\/\/www.czechcyclingfederation.com\/en\/wp-json\/wp\/v2\/posts\/28955","targetHints":{"allow":["GET"]}}],"collection":[{"href":"https:\/\/www.czechcyclingfederation.com\/en\/wp-json\/wp\/v2\/posts"}],"about":[{"href":"https:\/\/www.czechcyclingfederation.com\/en\/wp-json\/wp\/v2\/types\/post"}],"author":[{"embeddable":true,"href":"https:\/\/www.czechcyclingfederation.com\/en\/wp-json\/wp\/v2\/users\/1"}],"replies":[{"embeddable":true,"href":"https:\/\/www.czechcyclingfederation.com\/en\/wp-json\/wp\/v2\/comments?post=28955"}],"version-history":[{"count":1,"href":"https:\/\/www.czechcyclingfederation.com\/en\/wp-json\/wp\/v2\/posts\/28955\/revisions"}],"predecessor-version":[{"id":28960,"href":"https:\/\/www.czechcyclingfederation.com\/en\/wp-json\/wp\/v2\/posts\/28955\/revisions\/28960"}],"wp:featuredmedia":[{"embeddable":true,"href":"https:\/\/www.czechcyclingfederation.com\/en\/wp-json\/wp\/v2\/media\/28958"}],"wp:attachment":[{"href":"https:\/\/www.czechcyclingfederation.com\/en\/wp-json\/wp\/v2\/media?parent=28955"}],"wp:term":[{"taxonomy":"category","embeddable":true,"href":"https:\/\/www.czechcyclingfederation.com\/en\/wp-json\/wp\/v2\/categories?post=28955"},{"taxonomy":"post_tag","embeddable":true,"href":"https:\/\/www.czechcyclingfederation.com\/en\/wp-json\/wp\/v2\/tags?post=28955"}],"curies":[{"name":"wp","href":"https:\/\/api.w.org\/{rel}","templated":true}]}}