{"id":2886,"date":"2020-11-14T21:04:52","date_gmt":"2020-11-14T20:04:52","guid":{"rendered":"http:\/\/www.czechcyclingfederation.com\/?p=2886"},"modified":"2020-11-14T21:11:28","modified_gmt":"2020-11-14T20:11:28","slug":"kankovska-ziskala-druhe-ceske-stribro-v-plovdivu-na-drahovem-me","status":"publish","type":"post","link":"https:\/\/www.czechcyclingfederation.com\/en\/kankovska-ziskala-druhe-ceske-stribro-v-plovdivu-na-drahovem-me\/","title":{"rendered":"Ka\u0148kovsk\u00e1 z\u00edskala druh\u00e9 \u010desk\u00e9 st\u0159\u00edbro v Plovdivu na dr\u00e1hov\u00e9m ME"},"content":{"rendered":"\n<p>Druhou st\u0159\u00edbrnou medaili na evropsk\u00e9m dr\u00e1hov\u00e9m \u0161ampion\u00e1tu v Plovdivu vybojovala pro na\u0161e barvy S\u00e1ra Ka\u0148kovsk\u00e1. V keirinu nesta\u010dila pouze na ukrajinskou z\u00e1vodnici Olenu Starikovou. Naopak mu\u017ei ve stejn\u00e9 discipl\u00edn\u011b neusp\u011bli tak, jak si p\u0159edstavoval. Tom\u00e1\u0161 B\u00e1bek ani Martin \u010cechman do fin\u00e1lov\u00e9 \u0161estice nepostoupili a malou n\u00e1plast\u00ed je v\u00edt\u011bzstv\u00ed B\u00e1bka v mal\u00e9m fin\u00e1le, kter\u00e9 mu zajistilo celkov\u011b sedmou p\u0159\u00ed\u010dku. Druh\u00e9 zlato po sprintu vybojoval Maxmilian Levy z N\u011bmecka.<\/p>\n\n\n\n<p>\u017deny za\u010daly svou sout\u011b\u017e rovnou semifin\u00e1lov\u00fdmi j\u00edzdami a Ka\u0148kovsk\u00e1 si postup do fin\u00e1le zajistila t\u0159et\u00edm m\u00edstem. V souboji o medaile jela s p\u0159ehledem, hl\u00eddala si druhou v\u00fdhodnou pozici, kterou za Starikovou bezpe\u010dn\u011b uh\u00e1jila p\u0159ed t\u0159et\u00ed \u0160pan\u011blkou Helenou Casas Roigeovou.<\/p>\n\n\n\n<p>&#8220;Pro S\u00e1ru je to velk\u00fd \u00fasp\u011bch, medaile z mistrovstv\u00ed Evropy je cenn\u00e1 a po\u010d\u00edt\u00e1 se. S\u00e1ra za\u010dala z\u00e1vodit, tak jak jezdila v juniork\u00e1ch, neboj\u00ed se. Ve fin\u00e1le si zku\u0161en\u011b hl\u00eddala sv\u00e9 postaven\u00ed a druhou pozici uh\u00e1jila. Ukrajinka byla v\u00fdkonnostn\u011b nejlep\u0161\u00ed a vyhr\u00e1la zaslou\u017een\u011b,&#8221; \u0159ekl jeden z reprezenta\u010dn\u00edch tren\u00e9r\u016f Lubom\u00edr Vojta.<\/p>\n\n\n\n<p>Ve stejn\u00e9 discipl\u00edn\u011b mu\u017e\u016f postoupil B\u00e1bek z prvn\u00ed j\u00edzdy po jasn\u00e9m v\u00edt\u011bzstv\u00ed, \u010cechman skon\u010dil t\u0159et\u00ed, ale v\u00fdhrou v oprav\u011b si i on vybojoval postup do semifin\u00e1le. V n\u011bm jeli oba \u010ce\u0161i v jedn\u00e9 j\u00edzd\u011b, ale postoupit do fin\u00e1le se nepovedlo ani jednomu z nich, kdy\u017e B\u00e1bek dojel \u010dtvrt\u00fd a \u010cechman \u0161est\u00fd.<\/p>\n\n\n\n<p>&#8220;Je to keirin. Kluci jeli v semifin\u00e1le v jedn\u00e9 j\u00edzd\u011b a ta se nevyv\u00edjela dob\u0159e. Bylo v n\u00ed plno kontakt\u016f a postoupit se nepoda\u0159ilo. B\u00e1bek z\u016fstal trochu za \u0160pan\u011blem Peraltou a nepoda\u0159ilo se mu jej p\u0159edjet, kdy\u017e stop mu vystavila je\u0161t\u011b jedna vlna p\u0159ed c\u00edlem. Kluci bojovali co to \u0161lo a Tom\u00e1\u0161 uk\u00e1zal v mal\u00e9m fin\u00e1le, \u017ee na to m\u011bl. V\u011b\u0159\u00edm, \u017ee z\u00edtra na 1 km s pevn\u00fdm startem uk\u00e1\u017ee to spr\u00e1vn\u00e9 nabuzen\u00ed jako v dne\u0161n\u00edm mal\u00e9m fin\u00e1le,&#8221; zhodnotil tren\u00e9r Petr Klime\u0161.<\/p>\n\n\n\n<p>&#8220;Prost\u011b se v semifin\u00e1le nastupovalo ji\u017e dv\u011b kola do c\u00edle. J\u00e1 m\u011bl dv\u011b mo\u017enosti a vybral si tu \u0161patnou. Kdy\u017e jsem si to v z\u00e1v\u011bru doj\u00ed\u017ed\u011bl, tak jsem dostal takovou p\u0159\u00e1telskou vlnu od Ukrajince, on za to dostal varov\u00e1n\u00ed, ale m\u011b to p\u0159ipravilo o fin\u00e1le. V mal\u00e9m fin\u00e1le jsem v sob\u011b m\u011bl hodn\u011b vzteku, a tak v\u011b\u0159\u00edm, \u017ee z\u00edtra je\u0161t\u011b v noh\u00e1ch s\u00edlu najdu,&#8221; dodal Tom\u00e1\u0161 B\u00e1bek.<\/p>\n\n\n\n<p>Zku\u0161en\u00e1 Jarmila Macha\u010dov\u00e1 v bodovac\u00edm z\u00e1vodu vyhr\u00e1la t\u0159et\u00ed bodov\u00e1n\u00ed, ale pot\u00e9 ji\u017e dal\u0161\u00ed body nez\u00edskala a obsadila osmou pozici, stejn\u011b jako Veronika Jaborn\u00edkov\u00e1 v keirinu, \u010cechman byl v keirinu nakonec des\u00e1t\u00fd, jeden\u00e1ct\u00fd byl klasifikov\u00e1n v bodova\u010dce Nicolas Pietrula.<\/p>\n\n\n\n<p>V\u00fdsledky:<\/p>\n\n\n\n<p>\u017deny:<\/p>\n\n\n\n<p>Bodovac\u00ed z\u00e1vod:<\/p>\n\n\n\n<p>1. Archibaldov\u00e1 (Brit.) 57, 2. Zanardiov\u00e1 (It.) 39, 3. Karasiewiczov\u00e1 (Pol.) 35, &#8230;8. Mach\u010dov\u00e1 (\u010cR) 5.<\/p>\n\n\n\n<p>Keirin:<\/p>\n\n\n\n<p>1. Starikov\u00e1 (Ukr.), 2. S. Ka\u0148kovsk\u00e1 (\u010cR), 3. Roigeov\u00e1 (\u0160p.), &#8230;8. V. Jaborn\u00edkov\u00e1 (\u010cR).<\/p>\n\n\n\n<p>Mu\u017ei:<\/p>\n\n\n\n<p>St\u00edhac\u00ed z\u00e1vod:<\/p>\n\n\n\n<p>Fin\u00e1le: Oliveira (Port.) 4:08,116 &#8211;&nbsp; Milan (It.) 4:08,772, o 3. m\u00edsto: Gonov (Rus.) 4:07,720 &#8211; Jevtu\u0161enko (Rus.) 4:09,800, &#8230;14 Kraus (\u010cR) 4:29.612<\/p>\n\n\n\n<p>Keirin:<\/p>\n\n\n\n<p>1. Levy (N\u011bm.), 2. Dmitrijev (Rus.), 3. Bretas (\u0158ec.), &#8230;7. B\u00e1bek, 10. \u010cechman (oba \u010cR).<\/p>\n\n\n\n<p>Bodovac\u00ed z\u00e1vod:<\/p>\n\n\n\n<p>1.Mora Vedri (\u0160p.) 51, 2. Donega (It.) 42, 3. Crista (Rum.) 40, &#8230;11. Pietrula (\u010cR) -20.<\/p>\n\n\n\n<p>FOTO Petr Klime\u0161<\/p>\n\n\n\n<figure class=\"wp-block-image size-large\"><img loading=\"lazy\" decoding=\"async\" width=\"1024\" height=\"461\" src=\"https:\/\/www.czechcyclingfederation.com\/wp-content\/uploads\/2020\/11\/IMG-20201114-WA0007-1024x461.jpg\" alt=\"\" class=\"wp-image-2888\" srcset=\"https:\/\/www.czechcyclingfederation.com\/wp-content\/uploads\/2020\/11\/IMG-20201114-WA0007-1024x461.jpg 1024w, https:\/\/www.czechcyclingfederation.com\/wp-content\/uploads\/2020\/11\/IMG-20201114-WA0007-300x135.jpg 300w, https:\/\/www.czechcyclingfederation.com\/wp-content\/uploads\/2020\/11\/IMG-20201114-WA0007-768x346.jpg 768w, https:\/\/www.czechcyclingfederation.com\/wp-content\/uploads\/2020\/11\/IMG-20201114-WA0007-1536x691.jpg 1536w, https:\/\/www.czechcyclingfederation.com\/wp-content\/uploads\/2020\/11\/IMG-20201114-WA0007-1320x594.jpg 1320w, https:\/\/www.czechcyclingfederation.com\/wp-content\/uploads\/2020\/11\/IMG-20201114-WA0007.jpg 1600w\" sizes=\"auto, (max-width: 1024px) 100vw, 1024px\" \/><\/figure>\n\n\n\n<figure class=\"wp-block-image size-large\"><img loading=\"lazy\" decoding=\"async\" width=\"1024\" height=\"461\" src=\"https:\/\/www.czechcyclingfederation.com\/wp-content\/uploads\/2020\/11\/IMG-20201114-WA0006-1024x461.jpg\" alt=\"\" class=\"wp-image-2889\" srcset=\"https:\/\/www.czechcyclingfederation.com\/wp-content\/uploads\/2020\/11\/IMG-20201114-WA0006-1024x461.jpg 1024w, https:\/\/www.czechcyclingfederation.com\/wp-content\/uploads\/2020\/11\/IMG-20201114-WA0006-300x135.jpg 300w, https:\/\/www.czechcyclingfederation.com\/wp-content\/uploads\/2020\/11\/IMG-20201114-WA0006-768x346.jpg 768w, https:\/\/www.czechcyclingfederation.com\/wp-content\/uploads\/2020\/11\/IMG-20201114-WA0006-1536x691.jpg 1536w, https:\/\/www.czechcyclingfederation.com\/wp-content\/uploads\/2020\/11\/IMG-20201114-WA0006-1320x594.jpg 1320w, https:\/\/www.czechcyclingfederation.com\/wp-content\/uploads\/2020\/11\/IMG-20201114-WA0006.jpg 1600w\" sizes=\"auto, (max-width: 1024px) 100vw, 1024px\" \/><\/figure>\n\n\n\n<figure class=\"wp-block-image size-large\"><img loading=\"lazy\" decoding=\"async\" width=\"1024\" height=\"735\" src=\"https:\/\/www.czechcyclingfederation.com\/wp-content\/uploads\/2020\/11\/aMAS_1754-1024x735.jpg\" alt=\"\" class=\"wp-image-2890\" srcset=\"https:\/\/www.czechcyclingfederation.com\/wp-content\/uploads\/2020\/11\/aMAS_1754-1024x735.jpg 1024w, https:\/\/www.czechcyclingfederation.com\/wp-content\/uploads\/2020\/11\/aMAS_1754-279x200.jpg 279w, https:\/\/www.czechcyclingfederation.com\/wp-content\/uploads\/2020\/11\/aMAS_1754-768x551.jpg 768w, https:\/\/www.czechcyclingfederation.com\/wp-content\/uploads\/2020\/11\/aMAS_1754-1536x1102.jpg 1536w, https:\/\/www.czechcyclingfederation.com\/wp-content\/uploads\/2020\/11\/aMAS_1754-2048x1469.jpg 2048w, https:\/\/www.czechcyclingfederation.com\/wp-content\/uploads\/2020\/11\/aMAS_1754-1320x947.jpg 1320w\" sizes=\"auto, (max-width: 1024px) 100vw, 1024px\" \/><\/figure>\n","protected":false},"excerpt":{"rendered":"<p>Druhou st\u0159\u00edbrnou medaili na evropsk\u00e9m dr\u00e1hov\u00e9m \u0161ampion\u00e1tu v Plovdivu vybojovala pro na\u0161e barvy S\u00e1ra Ka\u0148kovsk\u00e1. V keirinu nesta\u010dila pouze na ukrajinskou z\u00e1vodnici Olenu Starikovou. Naopak mu\u017ei ve stejn\u00e9 discipl\u00edn\u011b neusp\u011bli tak, jak si p\u0159edstavoval. Tom\u00e1\u0161 B\u00e1bek ani Martin \u010cechman do fin\u00e1lov\u00e9 \u0161estice nepostoupili a malou n\u00e1plast\u00ed je v\u00edt\u011bzstv\u00ed B\u00e1bka v mal\u00e9m fin\u00e1le, kter\u00e9 mu zajistilo [&hellip;]<\/p>\n","protected":false},"author":8,"featured_media":2892,"comment_status":"closed","ping_status":"open","sticky":false,"template":"","format":"standard","meta":{"footnotes":""},"categories":[54,2,103],"tags":[9],"class_list":["post-2886","post","type-post","status-publish","format-standard","has-post-thumbnail","hentry","category-draha","category-novinky","category-reprezentace","tag-draha"],"_links":{"self":[{"href":"https:\/\/www.czechcyclingfederation.com\/en\/wp-json\/wp\/v2\/posts\/2886","targetHints":{"allow":["GET"]}}],"collection":[{"href":"https:\/\/www.czechcyclingfederation.com\/en\/wp-json\/wp\/v2\/posts"}],"about":[{"href":"https:\/\/www.czechcyclingfederation.com\/en\/wp-json\/wp\/v2\/types\/post"}],"author":[{"embeddable":true,"href":"https:\/\/www.czechcyclingfederation.com\/en\/wp-json\/wp\/v2\/users\/8"}],"replies":[{"embeddable":true,"href":"https:\/\/www.czechcyclingfederation.com\/en\/wp-json\/wp\/v2\/comments?post=2886"}],"version-history":[{"count":1,"href":"https:\/\/www.czechcyclingfederation.com\/en\/wp-json\/wp\/v2\/posts\/2886\/revisions"}],"predecessor-version":[{"id":2891,"href":"https:\/\/www.czechcyclingfederation.com\/en\/wp-json\/wp\/v2\/posts\/2886\/revisions\/2891"}],"wp:featuredmedia":[{"embeddable":true,"href":"https:\/\/www.czechcyclingfederation.com\/en\/wp-json\/wp\/v2\/media\/2892"}],"wp:attachment":[{"href":"https:\/\/www.czechcyclingfederation.com\/en\/wp-json\/wp\/v2\/media?parent=2886"}],"wp:term":[{"taxonomy":"category","embeddable":true,"href":"https:\/\/www.czechcyclingfederation.com\/en\/wp-json\/wp\/v2\/categories?post=2886"},{"taxonomy":"post_tag","embeddable":true,"href":"https:\/\/www.czechcyclingfederation.com\/en\/wp-json\/wp\/v2\/tags?post=2886"}],"curies":[{"name":"wp","href":"https:\/\/api.w.org\/{rel}","templated":true}]}}