{"id":2879,"date":"2020-11-13T21:09:38","date_gmt":"2020-11-13T20:09:38","guid":{"rendered":"http:\/\/www.czechcyclingfederation.com\/?p=2879"},"modified":"2020-11-13T21:22:14","modified_gmt":"2020-11-13T20:22:14","slug":"rugovac-skoncil-na-me-sedmy-v-omniu","status":"publish","type":"post","link":"https:\/\/www.czechcyclingfederation.com\/en\/rugovac-skoncil-na-me-sedmy-v-omniu\/","title":{"rendered":"Rugovac skon\u010dil na ME sedm\u00fd v omniu"},"content":{"rendered":"\n<p>Nejlep\u0161\u00edho \u010desk\u00e9ho v\u00fdsledku t\u0159et\u00ed den evropsk\u00e9ho \u0161ampion\u00e1tu na dr\u00e1ze v bulharsk\u00e9m Plovdivu dos\u00e1hl Denis Rugovac, kter\u00fd v olympijsk\u00e9 discipl\u00edn\u011b omniu obsadil sedm\u00e9 m\u00edsto. Ve stejn\u00e9 discipl\u00edn\u011b \u017een byla Petra \u0160ev\u010d\u00edkov\u00e1 des\u00e1t\u00e1.<\/p>\n\n\n\n<p>Rugovac do z\u00e1vodu vstoupil skv\u011ble. \u00davodn\u00ed discipl\u00ednu scratch vyhr\u00e1l, v prvenstv\u00ed na p\u00e1sce byl dev\u00e1t\u00fd a po \u0161est\u00e9 p\u0159\u00ed\u010dce ve vylu\u010dova\u010dce byl v boji o \u010dtvrt\u00e9 m\u00edsto. V z\u00e1v\u011bre\u010dn\u00e9 bodova\u010dce ale p\u0159ipsal na sv\u00e9 konto pouze p\u011bt bod\u016f a to mu sta\u010dilo v kone\u010dn\u00e9m po\u0159ad\u00ed na sedm\u00e9 m\u00edsto.<\/p>\n\n\n\n<p>&#8220;Dne\u0161n\u00ed z\u00e1vody nebyly \u0161patn\u00e9. Bohu\u017eel se Pet\u0159e \u0160ev\u010d\u00edkov\u00e9 nevyda\u0159ila vylu\u010dova\u010dka kdy\u017e vypadla hned prvn\u00ed, ale pak jela l\u00e9pe. Denis (Rugovac) zajel na jeho pom\u011bry v\u00fdborn\u00fd z\u00e1vod. Ke \u010dtvrt\u00e9mu m\u00edstu mu chyb\u011blo p\u00e1r bod\u016f. Mus\u00edm \u0159\u00edci, \u017ee scratch a vylu\u010dova\u010dku zvl\u00e1dl v\u00fdborn\u011b a ze z\u00e1vodn\u00edho projevu to bylo opravdu dobr\u00e9. Z\u00e1vod zvl\u00e1dl dob\u0159e, jel se sv\u011btovou \u0161pi\u010dkou rovnocen\u00fd z\u00e1vod,&#8221; pochv\u00e1lil Rugovace reprezenta\u010dn\u00ed tren\u00e9r Milan Kadlec. \u017densk\u00fd z\u00e1vod vyhr\u00e1la Elisa Balsamov\u00e1 z It\u00e1lie, mezi mu\u017ei byl nejlep\u0161\u00ed Brit Matthew Walls.<\/p>\n\n\n\n<p>Ve sprintu \u017een skon\u010dila S\u00e1ra Ka\u0148kovsk\u00e1 v kvalifikaci des\u00e1t\u00e1, Veronika Jaborn\u00edkov\u00e1 t\u0159in\u00e1ct\u00e1. V osmifin\u00e1le ale Ka\u0148kovsk\u00e1 nesta\u010dila na Sophii Capewellovou z Brit\u00e1nie, Jaborn\u00edkovou vy\u0159adila ve stejn\u00e9 f\u00e1zi z\u00e1vodu Migle Marozaiteov\u00e1 z Litvy. Ji\u017e ve \u010dtvrtek z\u00e1vod sprinter\u016f skon\u010dil ve \u010dtvrtfin\u00e1le pro \u010deskou dvojici Martin \u010cechman a Jakub \u0160\u0165atsn\u00fd, kdy\u017e vypadli ve \u010dtvrtfin\u00e1le, ale v celkov\u00e9m po\u0159ad\u00ed obsadili \u0161est\u00e9, resp, sedm\u00e9 m\u00edsto.<\/p>\n\n\n\n<p>V\u00fdsledky:<\/p>\n\n\n\n<p>\u017deny:<\/p>\n\n\n\n<p>St\u00edhac\u00ed z\u00e1vod:<\/p>\n\n\n\n<p>Omnium:<\/p>\n\n\n\n<p>1. Balsamov\u00e1 (It.) 135, 2. Kennyov\u00e1 (Brit.) 126, 3. Novolodsk\u00e1 (Rus.) 114, &#8230;10. \u0160ev\u010d\u00edkov\u00e1 (\u010cR) 70.<\/p>\n\n\n\n<p>Sprint:<\/p>\n\n\n\n<p>Fin\u00e1le: Vojnovov\u00e1 &#8211; \u0160melevov\u00e1 (ob\u011b Rus.) 2:1 (-11,388, +10,986, +11,157), o 3. m\u00edsto: Starikov\u00e1 (Ukr.) &#8211; Marozaiteov\u00e1 (Lit.) 2:0 (11,291, 11,462).<\/p>\n\n\n\n<p>St\u00edhac\u00ed z\u00e1vod:<\/p>\n\n\n\n<p><br>Fin\u00e1le: Evansov\u00e1 (Brit.) 3:29,456 &#8211; Alziniov\u00e1 (It.) 3:32,386, o 3. m\u00edsto: Valsecchiov\u00e1 (It.) 3:28,878 &#8211; Knightov\u00e1 (Brit.) 3:31,519.<\/p>\n\n\n\n<p>Mu\u017ei:<\/p>\n\n\n\n<p>Sprint:<\/p>\n\n\n\n<p>Fin\u00e1le: Levy (N\u011bm.) &#8211; Dmitrijev (Rus.) 2:0 (10,055, 9,969), o 3. m\u00edsto: Lendel (Lit.) &#8211; Bretas (\u0158ec.) 2:1 (+10,083, -10,142, +10,048), &#8230;6. \u010cechman, 7. \u0160\u0165astn\u00fd (oba \u010cR).<\/p>\n\n\n\n<p>Omnium:<\/p>\n\n\n\n<p>1. Walls (Brit.) 128, 2. Karaljok (B\u011bl.) 116, 3. Leitao (Port.) 115, &#8230;7. Rugovac (\u010cR) 99.<\/p>\n\n\n\n<p>FOTO Milan Kadlec<\/p>\n\n\n\n<figure class=\"wp-block-image size-large\"><img loading=\"lazy\" decoding=\"async\" width=\"768\" height=\"1024\" src=\"https:\/\/www.czechcyclingfederation.com\/wp-content\/uploads\/2020\/11\/\u0160ev\u010d\u00edkov\u00e1-IMG-20201113-WA0002-Kadlec.jpg\" alt=\"\" class=\"wp-image-2881\" srcset=\"https:\/\/www.czechcyclingfederation.com\/wp-content\/uploads\/2020\/11\/\u0160ev\u010d\u00edkov\u00e1-IMG-20201113-WA0002-Kadlec.jpg 768w, https:\/\/www.czechcyclingfederation.com\/wp-content\/uploads\/2020\/11\/\u0160ev\u010d\u00edkov\u00e1-IMG-20201113-WA0002-Kadlec-150x200.jpg 150w\" sizes=\"auto, (max-width: 768px) 100vw, 768px\" \/><\/figure>\n\n\n\n<figure class=\"wp-block-image size-large\"><img loading=\"lazy\" decoding=\"async\" width=\"768\" height=\"1024\" src=\"https:\/\/www.czechcyclingfederation.com\/wp-content\/uploads\/2020\/11\/Rugovac-IMG-20201113-WA0001-Kadlec-1.jpg\" alt=\"\" class=\"wp-image-2882\" srcset=\"https:\/\/www.czechcyclingfederation.com\/wp-content\/uploads\/2020\/11\/Rugovac-IMG-20201113-WA0001-Kadlec-1.jpg 768w, https:\/\/www.czechcyclingfederation.com\/wp-content\/uploads\/2020\/11\/Rugovac-IMG-20201113-WA0001-Kadlec-1-150x200.jpg 150w\" sizes=\"auto, (max-width: 768px) 100vw, 768px\" \/><\/figure>\n\n\n","protected":false},"excerpt":{"rendered":"<p>Nejlep\u0161\u00edho \u010desk\u00e9ho v\u00fdsledku t\u0159et\u00ed den evropsk\u00e9ho \u0161ampion\u00e1tu na dr\u00e1ze v bulharsk\u00e9m Plovdivu dos\u00e1hl Denis Rugovac, kter\u00fd v olympijsk\u00e9 discipl\u00edn\u011b omniu obsadil sedm\u00e9 m\u00edsto. Ve stejn\u00e9 discipl\u00edn\u011b \u017een byla Petra \u0160ev\u010d\u00edkov\u00e1 des\u00e1t\u00e1. Rugovac do z\u00e1vodu vstoupil skv\u011ble. \u00davodn\u00ed discipl\u00ednu scratch vyhr\u00e1l, v prvenstv\u00ed na p\u00e1sce byl dev\u00e1t\u00fd a po \u0161est\u00e9 p\u0159\u00ed\u010dce ve vylu\u010dova\u010dce byl v boji [&hellip;]<\/p>\n","protected":false},"author":8,"featured_media":2880,"comment_status":"closed","ping_status":"open","sticky":false,"template":"","format":"standard","meta":{"footnotes":""},"categories":[54,2,103],"tags":[9],"class_list":["post-2879","post","type-post","status-publish","format-standard","has-post-thumbnail","hentry","category-draha","category-novinky","category-reprezentace","tag-draha"],"_links":{"self":[{"href":"https:\/\/www.czechcyclingfederation.com\/en\/wp-json\/wp\/v2\/posts\/2879","targetHints":{"allow":["GET"]}}],"collection":[{"href":"https:\/\/www.czechcyclingfederation.com\/en\/wp-json\/wp\/v2\/posts"}],"about":[{"href":"https:\/\/www.czechcyclingfederation.com\/en\/wp-json\/wp\/v2\/types\/post"}],"author":[{"embeddable":true,"href":"https:\/\/www.czechcyclingfederation.com\/en\/wp-json\/wp\/v2\/users\/8"}],"replies":[{"embeddable":true,"href":"https:\/\/www.czechcyclingfederation.com\/en\/wp-json\/wp\/v2\/comments?post=2879"}],"version-history":[{"count":3,"href":"https:\/\/www.czechcyclingfederation.com\/en\/wp-json\/wp\/v2\/posts\/2879\/revisions"}],"predecessor-version":[{"id":2885,"href":"https:\/\/www.czechcyclingfederation.com\/en\/wp-json\/wp\/v2\/posts\/2879\/revisions\/2885"}],"wp:featuredmedia":[{"embeddable":true,"href":"https:\/\/www.czechcyclingfederation.com\/en\/wp-json\/wp\/v2\/media\/2880"}],"wp:attachment":[{"href":"https:\/\/www.czechcyclingfederation.com\/en\/wp-json\/wp\/v2\/media?parent=2879"}],"wp:term":[{"taxonomy":"category","embeddable":true,"href":"https:\/\/www.czechcyclingfederation.com\/en\/wp-json\/wp\/v2\/categories?post=2879"},{"taxonomy":"post_tag","embeddable":true,"href":"https:\/\/www.czechcyclingfederation.com\/en\/wp-json\/wp\/v2\/tags?post=2879"}],"curies":[{"name":"wp","href":"https:\/\/api.w.org\/{rel}","templated":true}]}}