{"id":28740,"date":"2024-02-11T11:54:10","date_gmt":"2024-02-11T10:54:10","guid":{"rendered":"https:\/\/www.czechcyclingfederation.com\/?p=28740"},"modified":"2024-02-12T10:07:34","modified_gmt":"2024-02-12T09:07:34","slug":"bikrosarka-kosarkova-skoncila-sesta-pri-sp","status":"publish","type":"post","link":"https:\/\/www.czechcyclingfederation.com\/en\/bikrosarka-kosarkova-skoncila-sesta-pri-sp\/","title":{"rendered":"Bikrosa\u0159ka Ko\u0161\u00e1rkov\u00e1 skon\u010dila \u0161est\u00e1 p\u0159i SP"},"content":{"rendered":"\n<p>\u0160est\u00e9 m\u00edsto vybojovala Sabina Ko\u0161\u00e1rkov\u00e1 ve druh\u00e9m z\u00e1vodu seri\u00e1lu Sv\u011btov\u00e9ho poh\u00e1ru v bikrosu v novoz\u00e9landsk\u00e9m m\u011bst\u011b Rotorua v kategorii \u017een U23. O den d\u0159\u00edve v \u00favodn\u00edm podniku na stejn\u00e9m m\u00edst\u011b m\u011bla v prvn\u00ed j\u00edzd\u011b p\u00e1d a do c\u00edle nedojela.<\/p>\n\n\n\n<p>Trojice mlad\u00fdch \u010desk\u00fdch z\u00e1vodn\u00edk\u016f se na Nov\u00e9m Z\u00e9landu p\u0159ipravovala m\u011bs\u00edc, ale krom\u011b \u0161est\u00e9 p\u0159\u00ed\u010dky Ko\u0161\u00e1rkov\u00e9 se jim neda\u0159ilo. Marek Neu\u017eil m\u011bl \u010dty\u0159i dny p\u0159ed prvn\u00edm z\u00e1vodem v tr\u00e9ninku p\u00e1d a na\u0161t\u00edpl si z\u00e1p\u011bst\u00ed. L\u00e9ka\u0159 mu p\u0159esto dovolil nastoupit do z\u00e1vodu, ale p\u00e1d v prvn\u00ed j\u00edzd\u011b a zran\u011bn\u00e9 druh\u00e9 z\u00e1p\u011bst\u00ed jej poslalo mimo hru. Vojt\u011bch Polesn\u00fd obsadil 26. resp. 47. m\u00edsto.<\/p>\n\n\n\n<p>Mezi mu\u017ei se z prvenstv\u00ed radovali Francouzi \u2013 nejprve Romain Mahieu a po n\u011bm Joris Daudet, \u017een\u00e1m vl\u00e1dla po oba dny Saya Sakakibarov\u00e1 z Austr\u00e1lie.<\/p>\n\n\n\n<p>Dal\u0161\u00ed dva z\u00e1vody se uskute\u010dn\u00ed 24. a 25. \u00fanora v&nbsp;Brisbane v&nbsp;Austr\u00e1lii.<\/p>\n\n\n\n<p>V\u00fdsledky:<\/p>\n\n\n\n<p>Mu\u017ei elite:<\/p>\n\n\n\n<p>1.z\u00e1vod:<\/p>\n\n\n\n<p>1. Mahieu, 2. Daudet (oba Fr.), 3. Marquard, 4. Butti (oba \u0160v\u00fdc.), 5. Garcia (Kol.), 6. Kennedy (Austr.), 7. Larsen (USA), 8. Garoyan (Fr.).<\/p>\n\n\n\n<p>2. z\u00e1vod:<\/p>\n\n\n\n<p>1. Daudet (Fr.), 2. Butti, 3. Kimmann (Niz.), 4. Ragot (Fr.), 5. Molina (Arg.), 6. Ospina (Kol.), 7. Rencurel (Fr.), 8. Garcia.<\/p>\n\n\n\n<p>\u017deny elite:<\/p>\n\n\n\n<p>1. z\u00e1vod:<\/p>\n\n\n\n<p>1. Sakakibarov\u00e1 (Austr.), 2. L. Smuldersov\u00e1 (Niz.), 3. Shrieverov\u00e1 (Brit.), 4. Willoughbyov\u00e1 (USA), 5. M. Smuldersov\u00e1, 6. Veenstraov\u00e1 (on\u011b Niz.), 7. Reynoldsov\u00e1 (Austr.), 8. Baauwov\u00e1 (Niz.).<\/p>\n\n\n\n<p>2. z\u00e1vod:<\/p>\n\n\n\n<p>1. Sakakibaraov\u00e1, 2. Shrieverov\u00e1, 3. Veenstraov\u00e1, 4. Willoughbyov\u00e1, 5. Stancilov\u00e1, 6. Vaughnov\u00e1 (ob\u011b USA), 7. M. Smuldersov\u00e1, 8. Bulfordov\u00e1 (\u0160v\u00fdc.).<\/p>\n\n\n\n<p>Mu\u017ei U23:<\/p>\n\n\n\n<p>1. z\u00e1vod:<\/p>\n\n\n\n<p>1. J. Greenough, 2. B. Greenough (oba N. Z\u00e9l.), 3. Elton (Austr.), \u202626. Polesn\u00fd, 53. Neu\u017eil (oba \u010cR).<\/p>\n\n\n\n<p>2. z\u00e1vod:<\/p>\n\n\n\n<p>1. B. Greenough, 2. Moran, 3. Jolly (oba Austr.), \u202647. Polesn\u00fd.<\/p>\n\n\n\n<p>\u017deny U23:<\/p>\n\n\n\n<p>1.z\u00e1vod:<\/p>\n\n\n\n<p>1. Rufusov\u00e1 (Austr.), 2. Corleyov\u00e1 (USA), 3. Jabutaov\u00e1 (Jap.), \u202614. Ko\u0161\u00e1rkov\u00e1 (\u010cR).<\/p>\n\n\n\n<p>2. z\u00e1vod:<\/p>\n\n\n\n<p>1. Corleyov\u00e1, 2. Mayov\u00e1 (Austr.), 3. Rufusov\u00e1, &#8230;6. Ko\u0161\u00e1rkov\u00e1.<\/p>\n\n\n\n<figure class=\"wp-block-image size-large\"><img loading=\"lazy\" decoding=\"async\" width=\"1024\" height=\"683\" src=\"https:\/\/www.czechcyclingfederation.com\/wp-content\/uploads\/2024\/02\/KP-20240210-013154-4481-1024x683.jpg\" alt=\"\" class=\"wp-image-28743\" srcset=\"https:\/\/www.czechcyclingfederation.com\/wp-content\/uploads\/2024\/02\/KP-20240210-013154-4481-1024x683.jpg 1024w, https:\/\/www.czechcyclingfederation.com\/wp-content\/uploads\/2024\/02\/KP-20240210-013154-4481-300x200.jpg 300w, https:\/\/www.czechcyclingfederation.com\/wp-content\/uploads\/2024\/02\/KP-20240210-013154-4481-768x512.jpg 768w, https:\/\/www.czechcyclingfederation.com\/wp-content\/uploads\/2024\/02\/KP-20240210-013154-4481-1536x1024.jpg 1536w, https:\/\/www.czechcyclingfederation.com\/wp-content\/uploads\/2024\/02\/KP-20240210-013154-4481-2048x1365.jpg 2048w, https:\/\/www.czechcyclingfederation.com\/wp-content\/uploads\/2024\/02\/KP-20240210-013154-4481-1320x880.jpg 1320w\" sizes=\"auto, (max-width: 1024px) 100vw, 1024px\" \/><figcaption class=\"wp-element-caption\">^wu#508 KOSARKOVA, Sabina (CZE)<\/figcaption><\/figure>\n\n\n\n<figure class=\"wp-block-image size-large\"><img loading=\"lazy\" decoding=\"async\" width=\"1024\" height=\"683\" src=\"https:\/\/www.czechcyclingfederation.com\/wp-content\/uploads\/2024\/02\/NVD-20240209-234840-214380-1024x683.jpg\" alt=\"\" class=\"wp-image-28745\" srcset=\"https:\/\/www.czechcyclingfederation.com\/wp-content\/uploads\/2024\/02\/NVD-20240209-234840-214380-1024x683.jpg 1024w, https:\/\/www.czechcyclingfederation.com\/wp-content\/uploads\/2024\/02\/NVD-20240209-234840-214380-300x200.jpg 300w, https:\/\/www.czechcyclingfederation.com\/wp-content\/uploads\/2024\/02\/NVD-20240209-234840-214380-768x512.jpg 768w, https:\/\/www.czechcyclingfederation.com\/wp-content\/uploads\/2024\/02\/NVD-20240209-234840-214380-1536x1024.jpg 1536w, https:\/\/www.czechcyclingfederation.com\/wp-content\/uploads\/2024\/02\/NVD-20240209-234840-214380-2048x1365.jpg 2048w, https:\/\/www.czechcyclingfederation.com\/wp-content\/uploads\/2024\/02\/NVD-20240209-234840-214380-1320x880.jpg 1320w\" sizes=\"auto, (max-width: 1024px) 100vw, 1024px\" \/><figcaption class=\"wp-element-caption\">^mu#501 NEUZIL, Marek (CZE )<\/figcaption><\/figure>\n\n\n\n<p>FOTO Nico Van Dartel<\/p>\n","protected":false},"excerpt":{"rendered":"<p>\u0160est\u00e9 m\u00edsto vybojovala Sabina Ko\u0161\u00e1rkov\u00e1 ve druh\u00e9m z\u00e1vodu seri\u00e1lu Sv\u011btov\u00e9ho poh\u00e1ru v bikrosu v novoz\u00e9landsk\u00e9m m\u011bst\u011b Rotorua v kategorii \u017een U23. O den d\u0159\u00edve v \u00favodn\u00edm podniku na stejn\u00e9m m\u00edst\u011b m\u011bla v prvn\u00ed j\u00edzd\u011b p\u00e1d a do c\u00edle nedojela. Trojice mlad\u00fdch \u010desk\u00fdch z\u00e1vodn\u00edk\u016f se na Nov\u00e9m Z\u00e9landu p\u0159ipravovala m\u011bs\u00edc, ale krom\u011b \u0161est\u00e9 p\u0159\u00ed\u010dky Ko\u0161\u00e1rkov\u00e9 se [&hellip;]<\/p>\n","protected":false},"author":8,"featured_media":28741,"comment_status":"closed","ping_status":"open","sticky":false,"template":"","format":"standard","meta":{"footnotes":""},"categories":[57,2,46],"tags":[55],"class_list":["post-28740","post","type-post","status-publish","format-standard","has-post-thumbnail","hentry","category-bmx","category-novinky","category-novinky-sportovni-centra","tag-bmx"],"_links":{"self":[{"href":"https:\/\/www.czechcyclingfederation.com\/en\/wp-json\/wp\/v2\/posts\/28740","targetHints":{"allow":["GET"]}}],"collection":[{"href":"https:\/\/www.czechcyclingfederation.com\/en\/wp-json\/wp\/v2\/posts"}],"about":[{"href":"https:\/\/www.czechcyclingfederation.com\/en\/wp-json\/wp\/v2\/types\/post"}],"author":[{"embeddable":true,"href":"https:\/\/www.czechcyclingfederation.com\/en\/wp-json\/wp\/v2\/users\/8"}],"replies":[{"embeddable":true,"href":"https:\/\/www.czechcyclingfederation.com\/en\/wp-json\/wp\/v2\/comments?post=28740"}],"version-history":[{"count":2,"href":"https:\/\/www.czechcyclingfederation.com\/en\/wp-json\/wp\/v2\/posts\/28740\/revisions"}],"predecessor-version":[{"id":28750,"href":"https:\/\/www.czechcyclingfederation.com\/en\/wp-json\/wp\/v2\/posts\/28740\/revisions\/28750"}],"wp:featuredmedia":[{"embeddable":true,"href":"https:\/\/www.czechcyclingfederation.com\/en\/wp-json\/wp\/v2\/media\/28741"}],"wp:attachment":[{"href":"https:\/\/www.czechcyclingfederation.com\/en\/wp-json\/wp\/v2\/media?parent=28740"}],"wp:term":[{"taxonomy":"category","embeddable":true,"href":"https:\/\/www.czechcyclingfederation.com\/en\/wp-json\/wp\/v2\/categories?post=28740"},{"taxonomy":"post_tag","embeddable":true,"href":"https:\/\/www.czechcyclingfederation.com\/en\/wp-json\/wp\/v2\/tags?post=28740"}],"curies":[{"name":"wp","href":"https:\/\/api.w.org\/{rel}","templated":true}]}}