{"id":2874,"date":"2020-11-13T08:14:20","date_gmt":"2020-11-13T07:14:20","guid":{"rendered":"http:\/\/www.czechcyclingfederation.com\/?p=2874"},"modified":"2020-11-13T13:43:47","modified_gmt":"2020-11-13T12:43:47","slug":"cyklokrosovy-toi-toi-cupu-bude-pokracovat","status":"publish","type":"post","link":"https:\/\/www.czechcyclingfederation.com\/en\/cyklokrosovy-toi-toi-cupu-bude-pokracovat\/","title":{"rendered":"Cyklokrosov\u00fd Toi Toi Cup bude pokra\u010dovat"},"content":{"rendered":"\n<p>Po del\u0161\u00ed pauze bude seri\u00e1l Toi Toi Cupu v cyklokrosu pokra\u010dovat. Veden\u00ed cyklokrosov\u00e9 komise se poda\u0159ilo vyjednat v\u00fdjimky k po\u0159\u00e1d\u00e1n\u00ed mezin\u00e1rodn\u00edch akc\u00ed v dob\u011b v\u00fdjime\u010dn\u00e9ho stavu. \u017d\u00e1dost N\u00e1rodn\u00ed sportovn\u00ed agentury po n\u00e1ro\u010dn\u00e9m vyjedn\u00e1v\u00e1n\u00ed na z\u00e1klad\u011b v\u00fdjimky Ministerstva zdravotnictv\u00ed, schv\u00e1lila hlavn\u00ed hygieni\u010dka \u010cR Jarmila R\u00e1\u017eov\u00e1 pro po\u0159\u00e1d\u00e1n\u00ed \u010dty\u0159 z\u00e1vod\u016f v R\u00fdma\u0159ov\u011b, Ji\u010d\u00edn\u011b, \u010c\u00e1slavi a Kol\u00edn\u011b.<\/p>\n\n\n\n<p>&#8220;Pojedou se pouze z\u00e1vody elitn\u00edch kategori\u00ed mu\u017e\u016f, \u017een, junior\u016f a juniorek. V\u0161e pochopiteln\u011b za p\u0159\u00edsn\u00fdch hygienick\u00fdch opat\u0159en\u00ed,&#8221; \u0159ekl s \u00falevou p\u0159edseda cyklokrosov\u00e9 komise Petr Balogh.<\/p>\n\n\n\n<p>Je tedy jasn\u00e9, \u017ee o medaile na dom\u00e1c\u00edm \u0161ampion\u00e1tu Kol\u00edn\u011b 12. prosince pojedou pouze juniorky a junio\u0159i. &#8220;A\u017e se situace rozvoln\u00ed, tak po\u010d\u00edt\u00e1me s uspo\u0159\u00e1d\u00e1n\u00ed dal\u0161\u00edch z\u00e1vod\u016f pro ml\u00e1de\u017enick\u00e9 kategorie,&#8221; pokra\u010doval Balogh. Komise cyklokrosu schv\u00e1lila nov\u00fd rozpis seri\u00e1lu Toi Toi Cupu a bude usilovat o mo\u017enost mistrovsk\u00fdch z\u00e1vod\u016f ml\u00e1de\u017enick\u00fdch kategori\u00ed v r\u00e1mci mistrovstv\u00ed \u010cR, kter\u00e9 se uskute\u010dn\u00ed 9. ledna p\u0159\u00ed\u0161t\u00edho roku v Jabkenic\u00edch.<\/p>\n\n\n\n<p>Z\u00e1vody se v\u0161ak budou moci uspo\u0159\u00e1dat za velice p\u0159\u00edsn\u00fdch hygienick\u00fdch opat\u0159en\u00ed. Na ka\u017ed\u00fd z\u00e1vod bude muset m\u00edt ka\u017ed\u00fd ze startuj\u00edc\u00edch negativn\u00ed test na Covid-19. Mo\u017enost p\u0159ihl\u00e1\u0161ek na z\u00e1vod v R\u00fdma\u0159ov\u011b je do pond\u011bl\u00ed 16. listopadu do 12:00.<\/p>\n\n\n\n<p>Oproti zvyklostem doch\u00e1z\u00ed k \u0159ad\u011b zm\u011bn v organizaci z\u00e1vodu, ty nejd\u016fle\u017eit\u011bj\u0161\u00ed jsou n\u00e1sleduj\u00edc\u00ed:<\/p>\n\n\n\n<p>\u2022Vzhledem ke sn\u00ed\u017een\u00ed po\u010dtu startuj\u00edc\u00edch kategori\u00ed do\u0161lo k \u00faprav\u011b \u010dasov\u00e9ho harmonogramu, viz rozpis poh\u00e1rov\u00e9 sout\u011b\u017ee.<\/p>\n\n\n\n<p>\u2022Parkovi\u0161t\u011b z\u00e1vodu mus\u00ed b\u00fdt um\u00edst\u011bno mimo z\u00e1vodi\u0161t\u011b.<\/p>\n\n\n\n<p>\u2022Kancel\u00e1\u0159 z\u00e1vodu bude um\u00edst\u011bna mimo are\u00e1l ve venkovn\u00edm prost\u0159ed\u00ed. V\u00fddej \u010d\u00edsel bude prob\u00edhat pro ka\u017edou kategorii zvl\u00e1\u0161\u0165, dle \u010dasov\u00e9ho harmonogramu viz rozpis poh\u00e1rov\u00e9 sout\u011b\u017ee.<\/p>\n\n\n\n<p>\u2022Ka\u017ed\u00fd z\u00e1vodn\u00edk mus\u00ed v kancel\u00e1\u0159i z\u00e1vodu p\u0159edlo\u017eit potvrzen\u00ed o proveden\u00ed PCR testu s negativn\u00edm v\u00fdsledkem, ne star\u0161\u00ed ne\u017e 48 hodin od odb\u011bru pro tuzemsk\u00e9 z\u00e1vodn\u00edky (72 hodin pro zahrani\u010dn\u00ed z\u00e1vodn\u00edky) a selfreporting formul\u00e1\u0159, kter\u00fd lze st\u00e1hnout z na\u0161ich webov\u00fdch str\u00e1nek a mus\u00ed jej krom\u011b z\u00e1vodn\u00edk\u016f p\u0159edlo\u017eit i v\u0161ichni \u010dlenov\u00e9 doprovodu. Bez p\u0159edlo\u017een\u00ed t\u011bchto dokument\u016f nem\u016f\u017ee b\u00fdt z\u00e1vodn\u00edk pu\u0161t\u011bn na start z\u00e1vodu.<\/p>\n\n\n\n<p>\u2022V pr\u016fb\u011bhu z\u00e1vodu dan\u00e9 kategorie se v prostoru z\u00e1vodi\u0161t\u011b nesm\u00ed pohybovat z\u00e1vodn\u00edci ostatn\u00edch kategori\u00ed. Je t\u0159eba dodr\u017eet maxim\u00e1ln\u00ed po\u010det 160 osob na z\u00e1vodi\u0161ti.<\/p>\n\n\n\n<p>\u2022Bezprost\u0159edn\u011b po skon\u010den\u00ed z\u00e1vodu ka\u017ed\u00e9 kategorie se uskute\u010dn\u00ed vyhl\u00e1\u0161en\u00ed v\u00edt\u011bz\u016f. Vyhl\u00e1\u0161en\u00ed v\u00edt\u011bz\u016f prob\u011bhne bezkontaktn\u011b. Pot\u00e9 mus\u00ed z\u00e1vodn\u00edci prob\u011bhl\u00e9ho z\u00e1vodu are\u00e1l opustit, aby mohla z\u00e1vodit dal\u0161\u00ed kategorie.<\/p>\n\n\n\n<p>Up\u0159esn\u011bn\u00fd program dal\u0161\u00edch z\u00e1vod\u016f Toi Tou Cupu do konce roku 2020:<\/p>\n\n\n\n<p>17. listopadu: R\u00fdma\u0159ov (C2)<\/p>\n\n\n\n<p>22. listopadu: Ji\u010d\u00edn (C2)<\/p>\n\n\n\n<p>5. prosince: \u010c\u00e1slav (C2)<\/p>\n\n\n\n<p>12. prosince: Kol\u00edn (C2), mistrovstv\u00ed \u010cR junior\u016f a juniorek.<\/p>\n\n\n\n<p>V\u00edce informac\u00ed naleznete na http:\/\/www.cyklokros.cz\/cz\/cyklokros-cz\/aktuality\/1285-zavody-toi-toi-cupu-jsou-povoleny<\/p>\n","protected":false},"excerpt":{"rendered":"<p>Po del\u0161\u00ed pauze bude seri\u00e1l Toi Toi Cupu v cyklokrosu pokra\u010dovat. Veden\u00ed cyklokrosov\u00e9 komise se poda\u0159ilo vyjednat v\u00fdjimky k po\u0159\u00e1d\u00e1n\u00ed mezin\u00e1rodn\u00edch akc\u00ed v dob\u011b v\u00fdjime\u010dn\u00e9ho stavu. \u017d\u00e1dost N\u00e1rodn\u00ed sportovn\u00ed agentury po n\u00e1ro\u010dn\u00e9m vyjedn\u00e1v\u00e1n\u00ed na z\u00e1klad\u011b v\u00fdjimky Ministerstva zdravotnictv\u00ed, schv\u00e1lila hlavn\u00ed hygieni\u010dka \u010cR Jarmila R\u00e1\u017eov\u00e1 pro po\u0159\u00e1d\u00e1n\u00ed \u010dty\u0159 z\u00e1vod\u016f v R\u00fdma\u0159ov\u011b, Ji\u010d\u00edn\u011b, \u010c\u00e1slavi a Kol\u00edn\u011b. &#8220;Pojedou [&hellip;]<\/p>\n","protected":false},"author":8,"featured_media":2875,"comment_status":"closed","ping_status":"open","sticky":false,"template":"","format":"standard","meta":{"footnotes":""},"categories":[58,2],"tags":[59],"class_list":["post-2874","post","type-post","status-publish","format-standard","has-post-thumbnail","hentry","category-cyklokros","category-novinky","tag-cyklokros"],"_links":{"self":[{"href":"https:\/\/www.czechcyclingfederation.com\/en\/wp-json\/wp\/v2\/posts\/2874","targetHints":{"allow":["GET"]}}],"collection":[{"href":"https:\/\/www.czechcyclingfederation.com\/en\/wp-json\/wp\/v2\/posts"}],"about":[{"href":"https:\/\/www.czechcyclingfederation.com\/en\/wp-json\/wp\/v2\/types\/post"}],"author":[{"embeddable":true,"href":"https:\/\/www.czechcyclingfederation.com\/en\/wp-json\/wp\/v2\/users\/8"}],"replies":[{"embeddable":true,"href":"https:\/\/www.czechcyclingfederation.com\/en\/wp-json\/wp\/v2\/comments?post=2874"}],"version-history":[{"count":3,"href":"https:\/\/www.czechcyclingfederation.com\/en\/wp-json\/wp\/v2\/posts\/2874\/revisions"}],"predecessor-version":[{"id":2878,"href":"https:\/\/www.czechcyclingfederation.com\/en\/wp-json\/wp\/v2\/posts\/2874\/revisions\/2878"}],"wp:featuredmedia":[{"embeddable":true,"href":"https:\/\/www.czechcyclingfederation.com\/en\/wp-json\/wp\/v2\/media\/2875"}],"wp:attachment":[{"href":"https:\/\/www.czechcyclingfederation.com\/en\/wp-json\/wp\/v2\/media?parent=2874"}],"wp:term":[{"taxonomy":"category","embeddable":true,"href":"https:\/\/www.czechcyclingfederation.com\/en\/wp-json\/wp\/v2\/categories?post=2874"},{"taxonomy":"post_tag","embeddable":true,"href":"https:\/\/www.czechcyclingfederation.com\/en\/wp-json\/wp\/v2\/tags?post=2874"}],"curies":[{"name":"wp","href":"https:\/\/api.w.org\/{rel}","templated":true}]}}