{"id":28680,"date":"2024-02-06T09:07:03","date_gmt":"2024-02-06T08:07:03","guid":{"rendered":"https:\/\/www.czechcyclingfederation.com\/?p=28680"},"modified":"2024-02-06T18:55:51","modified_gmt":"2024-02-06T17:55:51","slug":"roste-v-bazantovi-novy-kulhavy","status":"publish","type":"post","link":"https:\/\/www.czechcyclingfederation.com\/en\/roste-v-bazantovi-novy-kulhavy\/","title":{"rendered":"Roste v Ba\u017eantovi nov\u00fd Kulhav\u00fd?"},"content":{"rendered":"\n<p>Je mu teprve \u0161estn\u00e1ct let, ale \u00fasp\u011bch\u016f m\u00e1 na sv\u00e9m kont\u011b ji\u017e mnoho. Jezd\u00ed v t\u00fdmu, kde dvojn\u00e1sobn\u00fd olympijsk\u00fd medailista Jaroslav Kulhav\u00fd za\u010d\u00ednal a s\u00e1m Ba\u017eant \u0159\u00edk\u00e1. \u201eJednou bych se k&nbsp;n\u011bmu r\u00e1d p\u0159ibl\u00ed\u017eil.\u201c <\/p>\n\n\n\n<p>Mnoz\u00ed p\u0159edpov\u00eddaj\u00ed, \u017ee v Kry\u0161tofu Ba\u017eantovi roste \u010desk\u00e9 cyklistice nov\u00e1 hv\u011bzda. Vyhr\u00e1l zlato na mistrovsv\u00ed Evropy kadet\u016f na horsk\u00e9m kole, p\u0159emo\u017eitele nena\u0161el v t\u00e9to discipl\u00edn\u011b ani na olympijsk\u00fdch hr\u00e1ch ml\u00e1de\u017ee. A o uplynul\u00e9m v\u00edkendu z\u00edskal bronz na sv\u011btov\u00e9m \u0161ampion\u00e1tu cyklokrosa\u0159\u016f v T\u00e1bo\u0159e.<\/p>\n\n\n\n<p>\u201eMedaile z mistrovstv\u00ed sv\u011bta je \u00fapln\u011b n\u011bco jin\u00e9ho. Ten z\u00e1vod se jel ve zcela jin\u00e9 intenzit\u011b, z\u00e1vod\u011bn\u00ed na takov\u00e9 sc\u00e9n\u011b je nesm\u00edrn\u011b n\u00e1ro\u010dn\u00e9,\u201c \u0159\u00edkal moc spokojen\u00fd Kry\u0161tof Ba\u017eant, rod\u00e1k z Plav\u016f na Jablonecku&nbsp;<\/p>\n\n\n\n<p>P\u0159esto\u017ee se cyklokrosu v\u011bnuje teprve kr\u00e1tce, tak na jih \u010cech p\u0159ijel s c\u00edlem usp\u011bt, nejl\u00e9pe z\u00edskat medaili. Bahnit\u00e1 tra\u0165 mu nav\u00edc vyhovovala, co\u017e p\u0159ed startem tvrdili i tren\u00e9\u0159i. &#8220;Byl to jeden z nejt\u011b\u017e\u0161\u00edch z\u00e1vod\u016f, co jsem letos absolvoval. Moc rychle jet ne\u0161lo, bl\u00e1to se v\u0161ude lepilo a stra\u0161n\u011b bolely nohy. Okruh byl velice n\u00e1ro\u010dn\u00fd, ale pro v\u0161echny stejn\u00fd a spravedliv\u00fd,&#8221; \u0159\u00edkal vy\u010derpan\u00fd, ale \u0161\u0165astn\u00fd po martyriu trvaj\u00edc\u00ed dvaa\u010dty\u0159icet minut.<\/p>\n\n\n\n<figure class=\"wp-block-image size-large\"><img loading=\"lazy\" decoding=\"async\" width=\"1024\" height=\"683\" src=\"https:\/\/www.czechcyclingfederation.com\/wp-content\/uploads\/2024\/02\/045_20240204_JSvoboda_TA\u00a1bor-1024x683.jpg\" alt=\"\" class=\"wp-image-28683\" srcset=\"https:\/\/www.czechcyclingfederation.com\/wp-content\/uploads\/2024\/02\/045_20240204_JSvoboda_TA\u00a1bor-1024x683.jpg 1024w, https:\/\/www.czechcyclingfederation.com\/wp-content\/uploads\/2024\/02\/045_20240204_JSvoboda_TA\u00a1bor-300x200.jpg 300w, https:\/\/www.czechcyclingfederation.com\/wp-content\/uploads\/2024\/02\/045_20240204_JSvoboda_TA\u00a1bor-768x512.jpg 768w, https:\/\/www.czechcyclingfederation.com\/wp-content\/uploads\/2024\/02\/045_20240204_JSvoboda_TA\u00a1bor-1536x1024.jpg 1536w, https:\/\/www.czechcyclingfederation.com\/wp-content\/uploads\/2024\/02\/045_20240204_JSvoboda_TA\u00a1bor-2048x1365.jpg 2048w, https:\/\/www.czechcyclingfederation.com\/wp-content\/uploads\/2024\/02\/045_20240204_JSvoboda_TA\u00a1bor-1320x880.jpg 1320w\" sizes=\"auto, (max-width: 1024px) 100vw, 1024px\" \/><\/figure>\n\n\n\n<p>V T\u00e1bo\u0159e byl prvn\u00edm \u010desk\u00fdm medailistou. &#8220;Je n\u011bco \u00fa\u017easn\u00e9ho m\u00edt medaili na krku, stejn\u011b jako sly\u0161et svoje jm\u00e9no na slavnostn\u00edm vyhl\u00e1\u0161en\u00ed.&#8221; Na takov\u00e9mto z\u00e1vod\u011b je velice d\u016fle\u017eit\u00e9 dob\u0159e vystartovat a k tomu mu pomohlo, \u017ee st\u00e1l v prvn\u00ed \u0159ad\u011b. &#8220;Start se mi poda\u0159il. Za\u010dal jsem na druh\u00e9m m\u00edst\u011b, pak se trochu propadl a jezdil v\u011bt\u0161inu z\u00e1vodu na t\u0159et\u00edm, \u010dtvrt\u00e9m m\u00edst\u011b,&#8221; \u0159\u00edkal. Kolo p\u0159ed koncem to v\u0161ak na medaili nevypadalo, proto\u017ee jasn\u011b p\u0159ed n\u00edm jeli Francouz Aubin Sparfel, Ital Stefano Viezzi a Ba\u017eantovi ujel i Keije Solen z Nizozemska. Ov\u0161em sport je n\u011bkdy krut\u00fd a to poznal Sparfel, kdy\u017e jej potkal defekt zadn\u00edho kola a z boje o medaile vypadl.<\/p>\n\n\n\n<figure class=\"wp-block-image size-large\"><img loading=\"lazy\" decoding=\"async\" width=\"1024\" height=\"683\" src=\"https:\/\/www.czechcyclingfederation.com\/wp-content\/uploads\/2024\/02\/037_20240204_JSvoboda_TA\u00a1bor-1024x683.jpg\" alt=\"\" class=\"wp-image-28685\" srcset=\"https:\/\/www.czechcyclingfederation.com\/wp-content\/uploads\/2024\/02\/037_20240204_JSvoboda_TA\u00a1bor-1024x683.jpg 1024w, https:\/\/www.czechcyclingfederation.com\/wp-content\/uploads\/2024\/02\/037_20240204_JSvoboda_TA\u00a1bor-300x200.jpg 300w, https:\/\/www.czechcyclingfederation.com\/wp-content\/uploads\/2024\/02\/037_20240204_JSvoboda_TA\u00a1bor-768x512.jpg 768w, https:\/\/www.czechcyclingfederation.com\/wp-content\/uploads\/2024\/02\/037_20240204_JSvoboda_TA\u00a1bor-1536x1024.jpg 1536w, https:\/\/www.czechcyclingfederation.com\/wp-content\/uploads\/2024\/02\/037_20240204_JSvoboda_TA\u00a1bor-2048x1365.jpg 2048w, https:\/\/www.czechcyclingfederation.com\/wp-content\/uploads\/2024\/02\/037_20240204_JSvoboda_TA\u00a1bor-1320x880.jpg 1320w\" sizes=\"auto, (max-width: 1024px) 100vw, 1024px\" \/><\/figure>\n\n\n\n<p>\u201eUr\u010dit\u011b jsem hrozn\u011b r\u00e1d, \u017ee se to povedlo. Dop\u0159edu m\u011b to hnalo je\u0161t\u011b v\u00edce po defektu Sparfela, medaili jsem c\u00edtil a povedlo se to. Posledn\u00ed kolo bylo hodn\u011b bolestiv\u00e9, ale fanou\u0161ci byli \u00fa\u017easn\u00ed. Jsem stra\u0161n\u011b r\u00e1d, \u017ee p\u0159i\u0161lo fandit tolik lid\u00ed. Na takovou atmosf\u00e9ru nikdy nezapomenu,\u201c \u0159ekl s ji\u017e bronzovou medail\u00ed na krku Kry\u0161tof Ba\u017eant, kter\u00fd pr\u00fd v&nbsp;cenn\u00fd kov za\u010dal v\u011b\u0159it a\u017e v c\u00edlov\u00e9 rovince. &#8220;Asi tak sto metr\u016f p\u0159ed c\u00edlem. Nikdy to nen\u00ed jist\u00e9.&#8221;<\/p>\n\n\n\n<p>Krom\u011b cyklokrosu se je\u0161t\u011b v\u00edce v\u011bnuje horsk\u00fdm kol\u016fm. M\u016f\u017ee v jeho dal\u0161\u00edm rozhodov\u00e1n\u00ed m\u00edt vliv tento \u00fasp\u011bch? &#8220;Uvid\u00edme, jak se moje kari\u00e9ra bude d\u00e1l vyv\u00edjet. Nyn\u00ed si mus\u00edm odpo\u010dinout, ale u\u017e za \u010dtrn\u00e1ct dn\u00ed chci nasko\u010dit do p\u0159\u00edpravy horsk\u00fdch kol,&#8221; dodal Kry\u0161tof Ba\u017eant.<\/p>\n","protected":false},"excerpt":{"rendered":"<p>Je mu teprve \u0161estn\u00e1ct let, ale \u00fasp\u011bch\u016f m\u00e1 na sv\u00e9m kont\u011b ji\u017e mnoho. Jezd\u00ed v t\u00fdmu, kde dvojn\u00e1sobn\u00fd olympijsk\u00fd medailista Jaroslav Kulhav\u00fd za\u010d\u00ednal a s\u00e1m Ba\u017eant \u0159\u00edk\u00e1. \u201eJednou bych se k&nbsp;n\u011bmu r\u00e1d p\u0159ibl\u00ed\u017eil.\u201c Mnoz\u00ed p\u0159edpov\u00eddaj\u00ed, \u017ee v Kry\u0161tofu Ba\u017eantovi roste \u010desk\u00e9 cyklistice nov\u00e1 hv\u011bzda. Vyhr\u00e1l zlato na mistrovsv\u00ed Evropy kadet\u016f na horsk\u00e9m kole, p\u0159emo\u017eitele nena\u0161el [&hellip;]<\/p>\n","protected":false},"author":8,"featured_media":28681,"comment_status":"closed","ping_status":"open","sticky":false,"template":"","format":"standard","meta":{"footnotes":""},"categories":[58,6,2],"tags":[10],"class_list":["post-28680","post","type-post","status-publish","format-standard","has-post-thumbnail","hentry","category-cyklokros","category-mtb","category-novinky","tag-mtb"],"_links":{"self":[{"href":"https:\/\/www.czechcyclingfederation.com\/en\/wp-json\/wp\/v2\/posts\/28680","targetHints":{"allow":["GET"]}}],"collection":[{"href":"https:\/\/www.czechcyclingfederation.com\/en\/wp-json\/wp\/v2\/posts"}],"about":[{"href":"https:\/\/www.czechcyclingfederation.com\/en\/wp-json\/wp\/v2\/types\/post"}],"author":[{"embeddable":true,"href":"https:\/\/www.czechcyclingfederation.com\/en\/wp-json\/wp\/v2\/users\/8"}],"replies":[{"embeddable":true,"href":"https:\/\/www.czechcyclingfederation.com\/en\/wp-json\/wp\/v2\/comments?post=28680"}],"version-history":[{"count":3,"href":"https:\/\/www.czechcyclingfederation.com\/en\/wp-json\/wp\/v2\/posts\/28680\/revisions"}],"predecessor-version":[{"id":28694,"href":"https:\/\/www.czechcyclingfederation.com\/en\/wp-json\/wp\/v2\/posts\/28680\/revisions\/28694"}],"wp:featuredmedia":[{"embeddable":true,"href":"https:\/\/www.czechcyclingfederation.com\/en\/wp-json\/wp\/v2\/media\/28681"}],"wp:attachment":[{"href":"https:\/\/www.czechcyclingfederation.com\/en\/wp-json\/wp\/v2\/media?parent=28680"}],"wp:term":[{"taxonomy":"category","embeddable":true,"href":"https:\/\/www.czechcyclingfederation.com\/en\/wp-json\/wp\/v2\/categories?post=28680"},{"taxonomy":"post_tag","embeddable":true,"href":"https:\/\/www.czechcyclingfederation.com\/en\/wp-json\/wp\/v2\/tags?post=28680"}],"curies":[{"name":"wp","href":"https:\/\/api.w.org\/{rel}","templated":true}]}}