{"id":2866,"date":"2020-11-12T20:42:07","date_gmt":"2020-11-12T19:42:07","guid":{"rendered":"http:\/\/www.czechcyclingfederation.com\/?p=2866"},"modified":"2020-11-12T20:46:14","modified_gmt":"2020-11-12T19:46:14","slug":"druhy-den-drahoveho-me-cesi-bez-uspechu","status":"publish","type":"post","link":"https:\/\/www.czechcyclingfederation.com\/en\/druhy-den-drahoveho-me-cesi-bez-uspechu\/","title":{"rendered":"Druh\u00fd den dr\u00e1hov\u00e9ho ME \u010ce\u0161i bez \u00fasp\u011bchu"},"content":{"rendered":"\n<p>Po st\u0159\u00edbrn\u00e9m vstupu na evropsk\u00e9m dr\u00e1hov\u00e9m \u0161ampion\u00e1tu v t\u00fdmov\u00e9m sprintu dnes na\u0161i jezdci p\u0159i sv\u00fdch startech neusp\u011bli. Dvojice sprinter\u016f Martin \u010cechman a Jakub \u0160\u0165astn\u00fd skon\u010dila v Plovdivu ve \u010dtvrtfin\u00e1le. \u0160\u0165astn\u00fd nesta\u010dil na N\u011bmce Maximiliana Levyho, mistra Evropy jezdc\u016f kategorie U23 \u010cechmana p\u0159ed\u010dil Vasilijus Lendel z Litvy.<\/p>\n\n\n\n<p>Ve scratchi dojel Daniel Babor patn\u00e1ct\u00fd, zv\u00edt\u011bzil Portugalec Iuri Leitao, kter\u00fd jako jedin\u00fd dok\u00e1zal z\u00edskat kolo n\u00e1skoku a po st\u0159\u00edbru ze st\u0159ede\u010dn\u00edho vylu\u010dovac\u00edho z\u00e1vodu z\u00edskal kov nejcenn\u011bj\u0161\u00ed. \u010cesk\u00fd jezdec byl v&nbsp;pr\u016fb\u011bhu z\u00e1vodu velmi aktivn\u00ed, nechyb\u011bl v&nbsp;\u017e\u00e1dn\u00e9m z&nbsp;\u00faniku v&nbsp;prvn\u00ed polovin\u011b j\u00edzdy, ale v&nbsp;z\u00e1v\u011bru na nejlep\u0161\u00ed nesta\u010dil. Vylu\u010dovac\u00ed z\u00e1vod \u017een m\u011bla jet p\u016fvodn\u011b Kate\u0159ina Kohoutkov\u00e1, kter\u00e1 v\u0161ak na ME neodjela pro probl\u00e9my s&nbsp;kolenem. \u201ePetra \u0160ev\u010d\u00edkov\u00e1 by jela ka\u017ed\u00fd den, a tak jsme z\u00e1t\u011b\u017e rozd\u011blili a do boje dnes vyslali Macha\u010dovou, kter\u00e1 tuto discipl\u00ednu prakticky nejezd\u00ed,\u201c \u0159ekl reprezenta\u010dn\u00ed kou\u010d Milan Kadlec.<\/p>\n\n\n\n<p>V\u00fdsledky:<\/p>\n\n\n\n<p>\u017deny:<\/p>\n\n\n\n<p>Vylu\u010dovac\u00ed z\u00e1vod:<\/p>\n\n\n\n<p>1. Barkerov\u00e1 (Brit.), 2. Barbieriov\u00e1 (It.), 3. Martinsov\u00e1 (Port.), &#8230;13. Macha\u010dov\u00e1 (\u010cR).<\/p>\n\n\n\n<p>St\u00edhac\u00ed z\u00e1vod dru\u017estev:<\/p>\n\n\n\n<p>Fin\u00e1le: Brit\u00e1nie (Knightov\u00e1, Archibaldov\u00e1, Kennyov\u00e1, Evansov\u00e1) 4:13,632 &#8211; It\u00e1lie (Alziniov\u00e1, Balsamov\u00e1, Consonniov\u00e1, Guazziniov\u00e1) 4:33,833, o 3. m\u00edsto: Ukrajina (Nahirn\u00e1, Klim\u010denkov\u00e1, Bodnarov\u00e1, Birjukov\u00e1) 4:37,341 &#8211; \u0160pan\u011blsko 4:37,341.<\/p>\n\n\n\n<p>Mu\u017ei:<\/p>\n\n\n\n<p>Scratch:<\/p>\n\n\n\n<p>1.Leitao (Port.), 2. Glady\u0161 (Ukr.), 3. Wood (Brit.), \u202615. Daniel Babor (\u010cR) v\u0161ichni -1 kolo.<\/p>\n\n\n\n<p>St\u00edhac\u00ed z\u00e1vod dru\u017estev:<\/p>\n\n\n\n<p>Fin\u00e1le: Rusko (Dub\u010denko, Gonov, Bersen\u011bv, Jevtu\u0161enko) 3:54,677 &#8211; It\u00e1lie (Lamon, Moro, Milan, Umbri) 3:54,787, o 3. m\u00edsto: \u0160v\u00fdcarsko (Omhof, Vitzthum, Ruegg, Bieler) 3:55,051 &#8211; B\u011blorusko 4:00,372.<\/p>\n\n\n\n<p>FOTO Martin Straka<\/p>\n\n\n\n<figure class=\"wp-block-image size-large\"><img loading=\"lazy\" decoding=\"async\" width=\"1024\" height=\"721\" src=\"https:\/\/www.czechcyclingfederation.com\/wp-content\/uploads\/2020\/11\/MAS_2512-1024x721.jpg\" alt=\"\" class=\"wp-image-2868\" srcset=\"https:\/\/www.czechcyclingfederation.com\/wp-content\/uploads\/2020\/11\/MAS_2512-1024x721.jpg 1024w, https:\/\/www.czechcyclingfederation.com\/wp-content\/uploads\/2020\/11\/MAS_2512-284x200.jpg 284w, https:\/\/www.czechcyclingfederation.com\/wp-content\/uploads\/2020\/11\/MAS_2512-768x541.jpg 768w, https:\/\/www.czechcyclingfederation.com\/wp-content\/uploads\/2020\/11\/MAS_2512-1536x1082.jpg 1536w, https:\/\/www.czechcyclingfederation.com\/wp-content\/uploads\/2020\/11\/MAS_2512-2048x1442.jpg 2048w, https:\/\/www.czechcyclingfederation.com\/wp-content\/uploads\/2020\/11\/MAS_2512-1320x930.jpg 1320w\" sizes=\"auto, (max-width: 1024px) 100vw, 1024px\" \/><\/figure>\n\n\n\n<figure class=\"wp-block-image size-large\"><img loading=\"lazy\" decoding=\"async\" width=\"1024\" height=\"762\" src=\"https:\/\/www.czechcyclingfederation.com\/wp-content\/uploads\/2020\/11\/Babor-MAS_1480-Straka-1-1024x762.jpg\" alt=\"\" class=\"wp-image-2870\" srcset=\"https:\/\/www.czechcyclingfederation.com\/wp-content\/uploads\/2020\/11\/Babor-MAS_1480-Straka-1-1024x762.jpg 1024w, https:\/\/www.czechcyclingfederation.com\/wp-content\/uploads\/2020\/11\/Babor-MAS_1480-Straka-1-269x200.jpg 269w, https:\/\/www.czechcyclingfederation.com\/wp-content\/uploads\/2020\/11\/Babor-MAS_1480-Straka-1-768x571.jpg 768w, https:\/\/www.czechcyclingfederation.com\/wp-content\/uploads\/2020\/11\/Babor-MAS_1480-Straka-1-1536x1143.jpg 1536w, https:\/\/www.czechcyclingfederation.com\/wp-content\/uploads\/2020\/11\/Babor-MAS_1480-Straka-1-1320x982.jpg 1320w, https:\/\/www.czechcyclingfederation.com\/wp-content\/uploads\/2020\/11\/Babor-MAS_1480-Straka-1.jpg 2020w\" sizes=\"auto, (max-width: 1024px) 100vw, 1024px\" \/><\/figure>\n","protected":false},"excerpt":{"rendered":"<p>Po st\u0159\u00edbrn\u00e9m vstupu na evropsk\u00e9m dr\u00e1hov\u00e9m \u0161ampion\u00e1tu v t\u00fdmov\u00e9m sprintu dnes na\u0161i jezdci p\u0159i sv\u00fdch startech neusp\u011bli. Dvojice sprinter\u016f Martin \u010cechman a Jakub \u0160\u0165astn\u00fd skon\u010dila v Plovdivu ve \u010dtvrtfin\u00e1le. \u0160\u0165astn\u00fd nesta\u010dil na N\u011bmce Maximiliana Levyho, mistra Evropy jezdc\u016f kategorie U23 \u010cechmana p\u0159ed\u010dil Vasilijus Lendel z Litvy. Ve scratchi dojel Daniel Babor patn\u00e1ct\u00fd, zv\u00edt\u011bzil Portugalec Iuri [&hellip;]<\/p>\n","protected":false},"author":8,"featured_media":2868,"comment_status":"closed","ping_status":"open","sticky":false,"template":"","format":"standard","meta":{"footnotes":""},"categories":[54,2],"tags":[9],"class_list":["post-2866","post","type-post","status-publish","format-standard","has-post-thumbnail","hentry","category-draha","category-novinky","tag-draha"],"_links":{"self":[{"href":"https:\/\/www.czechcyclingfederation.com\/en\/wp-json\/wp\/v2\/posts\/2866","targetHints":{"allow":["GET"]}}],"collection":[{"href":"https:\/\/www.czechcyclingfederation.com\/en\/wp-json\/wp\/v2\/posts"}],"about":[{"href":"https:\/\/www.czechcyclingfederation.com\/en\/wp-json\/wp\/v2\/types\/post"}],"author":[{"embeddable":true,"href":"https:\/\/www.czechcyclingfederation.com\/en\/wp-json\/wp\/v2\/users\/8"}],"replies":[{"embeddable":true,"href":"https:\/\/www.czechcyclingfederation.com\/en\/wp-json\/wp\/v2\/comments?post=2866"}],"version-history":[{"count":3,"href":"https:\/\/www.czechcyclingfederation.com\/en\/wp-json\/wp\/v2\/posts\/2866\/revisions"}],"predecessor-version":[{"id":2872,"href":"https:\/\/www.czechcyclingfederation.com\/en\/wp-json\/wp\/v2\/posts\/2866\/revisions\/2872"}],"wp:featuredmedia":[{"embeddable":true,"href":"https:\/\/www.czechcyclingfederation.com\/en\/wp-json\/wp\/v2\/media\/2868"}],"wp:attachment":[{"href":"https:\/\/www.czechcyclingfederation.com\/en\/wp-json\/wp\/v2\/media?parent=2866"}],"wp:term":[{"taxonomy":"category","embeddable":true,"href":"https:\/\/www.czechcyclingfederation.com\/en\/wp-json\/wp\/v2\/categories?post=2866"},{"taxonomy":"post_tag","embeddable":true,"href":"https:\/\/www.czechcyclingfederation.com\/en\/wp-json\/wp\/v2\/tags?post=2866"}],"curies":[{"name":"wp","href":"https:\/\/api.w.org\/{rel}","templated":true}]}}