{"id":28651,"date":"2024-02-02T15:16:34","date_gmt":"2024-02-02T14:16:34","guid":{"rendered":"https:\/\/www.czechcyclingfederation.com\/?p=28651"},"modified":"2024-02-02T15:16:38","modified_gmt":"2024-02-02T14:16:38","slug":"ceska-stafeta-sesta-na-taborskem-ms-v-cyklokrosu","status":"publish","type":"post","link":"https:\/\/www.czechcyclingfederation.com\/en\/ceska-stafeta-sesta-na-taborskem-ms-v-cyklokrosu\/","title":{"rendered":"\u010cesk\u00e1 \u0161tafeta \u0161est\u00e1 na t\u00e1borsk\u00e9m MS v cyklokrosu"},"content":{"rendered":"\n<p>V \u00favodn\u00edm z\u00e1vodu 57. cyklokrosov\u00e9ho sv\u011btov\u00e9ho \u0161ampion\u00e1tu, kter\u00fdm byla t\u00fdmov\u00e1 \u0161tafeta, se nenaplnily medailov\u00e9 ambice \u010desk\u00e9 \u0161estice. Ta ve slo\u017een\u00ed V\u00e1clav Je\u017eek, Krist\u00fdna Zemanov\u00e1, Kry\u0161tof Ba\u017eant, Simona Sp\u011b\u0161n\u00e1, Am\u00e1lie Gottwaldov\u00e1 a Zden\u011bk \u0160tybar dojela \u0161est\u00e1. Zv\u00edt\u011bzil celek Francie v jejich\u017e barv\u00e1ch jeli R\u00e9mi Lelandais, Martin Groslambert, C\u00e9lia Geryov\u00e1, Laurine Duraffourgov\u00e1, H\u00e9lene Clauzelov\u00e1 a Aubin Sparfel. Sparfel v z\u00e1v\u011bre\u010dn\u00e9m spurtu zdolal Brita Camerona Masona, bronz z\u00edskala Belgie.&nbsp;<\/p>\n\n\n\n<p>\u201eNa \u0161tafetu se mus\u00ed v\u0161echno ide\u00e1ln\u011b sej\u00edt, aby ka\u017ed\u00fd z \u010dlen\u016f m\u011bl sv\u016fj den. Podm\u00ednky byly extr\u00e9mn\u011b t\u011b\u017ek\u00e9, ne ka\u017ed\u00fd si s t\u00edm um\u011bl poradit. \u010cekali jsme o trochu lep\u0161\u00ed v\u00fdsledek, ale na druhou stranu jsme realist\u00e9,\u201c prozradil asistent tren\u00e9ra Petr Dlask.\u201c<\/p>\n\n\n\n<p>V z\u00e1vodu p\u0159ekvapiv\u011b chyb\u011bli na startu obh\u00e1jci zlata Nizozemci, kdy\u017e jejich nejlep\u0161\u00ed jezdci odm\u00edtli startovat. To podstatn\u011b otev\u0159elo \u0161ance pro ostatn\u00ed zem\u011b a tu nejl\u00e9pe vyu\u017eili Britov\u00e9.<\/p>\n\n\n\n<figure class=\"wp-block-image size-large\"><img loading=\"lazy\" decoding=\"async\" width=\"1024\" height=\"683\" src=\"https:\/\/www.czechcyclingfederation.com\/wp-content\/uploads\/2024\/02\/009_20240202_JSvoboda_TaborB-1024x683.jpg\" alt=\"\" class=\"wp-image-28654\" srcset=\"https:\/\/www.czechcyclingfederation.com\/wp-content\/uploads\/2024\/02\/009_20240202_JSvoboda_TaborB-1024x683.jpg 1024w, https:\/\/www.czechcyclingfederation.com\/wp-content\/uploads\/2024\/02\/009_20240202_JSvoboda_TaborB-300x200.jpg 300w, https:\/\/www.czechcyclingfederation.com\/wp-content\/uploads\/2024\/02\/009_20240202_JSvoboda_TaborB-768x512.jpg 768w, https:\/\/www.czechcyclingfederation.com\/wp-content\/uploads\/2024\/02\/009_20240202_JSvoboda_TaborB-1536x1024.jpg 1536w, https:\/\/www.czechcyclingfederation.com\/wp-content\/uploads\/2024\/02\/009_20240202_JSvoboda_TaborB-2048x1365.jpg 2048w, https:\/\/www.czechcyclingfederation.com\/wp-content\/uploads\/2024\/02\/009_20240202_JSvoboda_TaborB-1320x880.jpg 1320w\" sizes=\"auto, (max-width: 1024px) 100vw, 1024px\" \/><figcaption class=\"wp-element-caption\">Mistrovstv\u00ed sv\u011bta v cyklokrosu &#8211; \u0161tafety, 2. \u00fanora 2024, T\u00e1bor.<\/figcaption><\/figure>\n\n\n\n<p>Je\u017eek po rychl\u00e9m startu sice vjel do ter\u00e9nu prvn\u00ed, ale pak za\u010dal ztr\u00e1cet a propadl se a\u017e na sedmou pozici, kdy\u017e p\u0159ed n\u00edm dojeli i n\u011bkte\u0159\u00ed junio\u0159i. \u201eNebyl to vyda\u0159en\u00fd \u00fasek, jsem si toho v\u011bdom. Byl jsem pod tlakem a trochu v\u00edc nerv\u00f3zn\u00ed. Ale zase tak p\u0159\u00ed\u0161ern\u00fd v\u00fdkon to nebyl, podal jsem sp\u00ed\u0161 pr\u016fm\u011brn\u00fd v\u00fdkon,\u201c zhodnotil sv\u00e9 vystoupen\u00ed Je\u017eek.<\/p>\n\n\n\n<p>Zemanov\u00e1 se na druh\u00e9m \u00faseku propadla v mu\u017esk\u00e9 konkurenci na posledn\u00ed m\u00edsto a na p\u0159ed\u00e1vce Ba\u017eant p\u0159eb\u00edral se ztr\u00e1tou 1:36. \u201eSe sv\u00fdm v\u00fdkonem jsem spokojen\u00e1. Bylo to pro m\u011b t\u011b\u017ek\u00e9, \u017ee jsem musela jet s mu\u017ei a postupn\u011b ztr\u00e1cela. \u0160tafetu jsem p\u0159ivezla na posledn\u00edm m\u00edst\u011b, ale s t\u00edm jsem dop\u0159edu po\u010d\u00edtala a sna\u017eila jet na maximum, aby byla ztr\u00e1ta co nejmen\u0161\u00ed,\u201c \u0159ekla Zemanov\u00e1. Ba\u017eant i p\u0159es dva p\u00e1dy posunul \u010desk\u00e9 barvy a\u017e na druh\u00e9 m\u00edsto se ztr\u00e1tou 17 vte\u0159in za Franci\u00ed, ale nelze p\u0159ehl\u00e9dnout, \u017ee jel pouze proti \u017een\u00e1m.<\/p>\n\n\n\n<p>Na \u010dtvrt\u00e9m \u00faseku Sp\u011b\u0161n\u00e1 dost chybovala, dostala se p\u0159ed n\u00ed i americk\u00e1 juniorka Lopezov\u00e1 a do \u010dela posunul Brity Oscar Amey, ztr\u00e1ta Francie \u010dinila 20 vte\u0159in. \u201eByla jsem docela p\u0159ekvapen\u00e1, jak tra\u0165 proti rozj\u00ed\u017ed\u011bn\u00ed povolila. Tak\u017ee jsem se s t\u00edm tro\u0161ku prala, nohy jsem m\u011bla zabr\u017ed\u011bn\u00e9 a nejelo se mi \u00fapln\u011b ide\u00e1ln\u011b,\u201c byla slova Sp\u011b\u0161n\u00e9.<\/p>\n\n\n\n<figure class=\"wp-block-image size-large\"><img loading=\"lazy\" decoding=\"async\" width=\"1024\" height=\"683\" src=\"https:\/\/www.czechcyclingfederation.com\/wp-content\/uploads\/2024\/02\/005_20240202_JSvoboda_TaborB-1024x683.jpg\" alt=\"\" class=\"wp-image-28656\" srcset=\"https:\/\/www.czechcyclingfederation.com\/wp-content\/uploads\/2024\/02\/005_20240202_JSvoboda_TaborB-1024x683.jpg 1024w, https:\/\/www.czechcyclingfederation.com\/wp-content\/uploads\/2024\/02\/005_20240202_JSvoboda_TaborB-300x200.jpg 300w, https:\/\/www.czechcyclingfederation.com\/wp-content\/uploads\/2024\/02\/005_20240202_JSvoboda_TaborB-768x512.jpg 768w, https:\/\/www.czechcyclingfederation.com\/wp-content\/uploads\/2024\/02\/005_20240202_JSvoboda_TaborB-1536x1024.jpg 1536w, https:\/\/www.czechcyclingfederation.com\/wp-content\/uploads\/2024\/02\/005_20240202_JSvoboda_TaborB-2048x1366.jpg 2048w, https:\/\/www.czechcyclingfederation.com\/wp-content\/uploads\/2024\/02\/005_20240202_JSvoboda_TaborB-1320x880.jpg 1320w\" sizes=\"auto, (max-width: 1024px) 100vw, 1024px\" \/><figcaption class=\"wp-element-caption\">Mistrovstv\u00ed sv\u011bta v cyklokrosu &#8211; \u0161tafety, 2. \u00fanora 2024, T\u00e1bor.<\/figcaption><\/figure>\n\n\n\n<p>\u010cesk\u00e9 postaven\u00ed nevylep\u0161ila ani juniorka Gottwaldov\u00e1, ale rozhodn\u011b nezklamala. Do z\u00e1v\u011bre\u010dn\u00e9ho kola jako prvn\u00ed p\u0159ed\u00e1vala Francouzska Clauzelov\u00e1 sedmn\u00e1ctilet\u00e9mu junioru Sparfelovi se sedmivte\u0159inov\u00fdm n\u00e1skokem, p\u0159ed Brit\u00e1ni\u00ed, za n\u00ed\u017e vyr\u00e1\u017eel na tra\u0165 elitn\u00ed jezdec Mason a zd\u00e1lo se, \u017ee je jen ot\u00e1zkou \u010dasu, kdy se dostane do \u010dela.&nbsp;<\/p>\n\n\n\n<p>\u0160tybar vyj\u00ed\u017ed\u011bl na p\u00e1t\u00e9m m\u00edst\u011b s odstupem 20 vte\u0159in za Kanadou. Mason se n\u011bkolikr\u00e1t t\u00e9m\u011b\u0159 dot\u00e1hl na Sparfela, ale ten bojoval skv\u011ble. A zlato uh\u00e1jil o centimetry i v z\u00e1v\u011bre\u010dn\u00e9m spurtu a mohl slavit se sv\u00fdmi spolujezdci zlato. \u0160tybar bohu\u017eel nedostihl Kana\u010fana Eckerta a nav\u00edc podlehl ve spurtu Italu Bertolinimu. \u201eCht\u011bl jsem ztr\u00e1tu zlikvidovat co nejrychleji, ale v z\u00e1v\u011bru mi do\u0161ly s\u00edly,\u201c \u0159ekl po sv\u00e9m p\u0159edposledn\u00edm z\u00e1vodu kari\u00e9ry \u0160tybar.<\/p>\n\n\n\n<p><strong>V\u00fdsledky<\/strong><\/p>\n\n\n\n<p>1. Francie (Lelandais, Groslambert, Geryov\u00e1, Duraffourgov\u00e1, Clauzelov\u00e1, Sparfel) 1:01:23, 2. Brit\u00e1nie (Backstedtov\u00e1, Carrick-Anderson, Fergusonov\u00e1, Amey, Kayov\u00e1, Mason) stejn\u00fd \u010das, 3. Belgie (van den Boer, Huybs, de Schoesitterov\u00e1, Brouwersov\u00e1, Cantov\u00e1, M. Vanthourenhout) +32, 4. Kanada (Clark, Mc Cullen, A. Holmgrenov\u00e1, Carrierov\u00e1, I. Holmgrenov\u00e1, Ackert) +1:06, 5. It\u00e1lie (Agostinacchio, Viezzi, Corviov\u00e1, Ferriov\u00e1, Venturelliov\u00e1, Bertolini) +1:17, 6. \u010cR (Je\u017eek, Zemenov\u00e1, Ba\u017eant, Sp\u011b\u0161n\u00e1. A. Gottwaldov\u00e1, \u0160tybar) +1:18.<\/p>\n\n\n\n<p>FOTO: Jan Brychta a Jaroslav Svoboda\u00a0<\/p>\n","protected":false},"excerpt":{"rendered":"<p>V \u00favodn\u00edm z\u00e1vodu 57. cyklokrosov\u00e9ho sv\u011btov\u00e9ho \u0161ampion\u00e1tu, kter\u00fdm byla t\u00fdmov\u00e1 \u0161tafeta, se nenaplnily medailov\u00e9 ambice \u010desk\u00e9 \u0161estice. Ta ve slo\u017een\u00ed V\u00e1clav Je\u017eek, Krist\u00fdna Zemanov\u00e1, Kry\u0161tof Ba\u017eant, Simona Sp\u011b\u0161n\u00e1, Am\u00e1lie Gottwaldov\u00e1 a Zden\u011bk \u0160tybar dojela \u0161est\u00e1. Zv\u00edt\u011bzil celek Francie v jejich\u017e barv\u00e1ch jeli R\u00e9mi Lelandais, Martin Groslambert, C\u00e9lia Geryov\u00e1, Laurine Duraffourgov\u00e1, H\u00e9lene Clauzelov\u00e1 a Aubin Sparfel. [&hellip;]<\/p>\n","protected":false},"author":1,"featured_media":28652,"comment_status":"closed","ping_status":"open","sticky":false,"template":"","format":"standard","meta":{"footnotes":""},"categories":[58,2],"tags":[59],"class_list":["post-28651","post","type-post","status-publish","format-standard","has-post-thumbnail","hentry","category-cyklokros","category-novinky","tag-cyklokros"],"_links":{"self":[{"href":"https:\/\/www.czechcyclingfederation.com\/en\/wp-json\/wp\/v2\/posts\/28651","targetHints":{"allow":["GET"]}}],"collection":[{"href":"https:\/\/www.czechcyclingfederation.com\/en\/wp-json\/wp\/v2\/posts"}],"about":[{"href":"https:\/\/www.czechcyclingfederation.com\/en\/wp-json\/wp\/v2\/types\/post"}],"author":[{"embeddable":true,"href":"https:\/\/www.czechcyclingfederation.com\/en\/wp-json\/wp\/v2\/users\/1"}],"replies":[{"embeddable":true,"href":"https:\/\/www.czechcyclingfederation.com\/en\/wp-json\/wp\/v2\/comments?post=28651"}],"version-history":[{"count":1,"href":"https:\/\/www.czechcyclingfederation.com\/en\/wp-json\/wp\/v2\/posts\/28651\/revisions"}],"predecessor-version":[{"id":28658,"href":"https:\/\/www.czechcyclingfederation.com\/en\/wp-json\/wp\/v2\/posts\/28651\/revisions\/28658"}],"wp:featuredmedia":[{"embeddable":true,"href":"https:\/\/www.czechcyclingfederation.com\/en\/wp-json\/wp\/v2\/media\/28652"}],"wp:attachment":[{"href":"https:\/\/www.czechcyclingfederation.com\/en\/wp-json\/wp\/v2\/media?parent=28651"}],"wp:term":[{"taxonomy":"category","embeddable":true,"href":"https:\/\/www.czechcyclingfederation.com\/en\/wp-json\/wp\/v2\/categories?post=28651"},{"taxonomy":"post_tag","embeddable":true,"href":"https:\/\/www.czechcyclingfederation.com\/en\/wp-json\/wp\/v2\/tags?post=28651"}],"curies":[{"name":"wp","href":"https:\/\/api.w.org\/{rel}","templated":true}]}}