{"id":28590,"date":"2024-01-28T19:57:28","date_gmt":"2024-01-28T18:57:28","guid":{"rendered":"https:\/\/www.czechcyclingfederation.com\/?p=28590"},"modified":"2024-01-28T19:57:32","modified_gmt":"2024-01-28T18:57:32","slug":"v-cyklokrosovem-finale-sp-v-hoogerheide-zemanova-devata","status":"publish","type":"post","link":"https:\/\/www.czechcyclingfederation.com\/en\/v-cyklokrosovem-finale-sp-v-hoogerheide-zemanova-devata\/","title":{"rendered":"V cyklokrosov\u00e9m fin\u00e1le SP v\u00a0Hoogerheide Zemanov\u00e1 dev\u00e1t\u00e1"},"content":{"rendered":"\n<p>Fin\u00e1lov\u00fdm z\u00e1vodem, kter\u00fd byl z\u00e1rove\u0148 gener\u00e1lkou na t\u00e1borsk\u00fd sv\u011btov\u00fd \u0161ampion\u00e1t, vyvrcholil dnes v\u00a0nizozemsk\u00e9m Hoogerheide cyklokrosov\u00fd Sv\u011btov\u00fd poh\u00e1r. Posedm\u00e9 z osmi start\u016f se trojn\u00e1sobn\u00e1 \u010desk\u00e1 \u0161ampionka Krist\u00fdna Zemanov\u00e1 dok\u00e1zala prosadit do elitn\u00ed des\u00edtky kdy\u017e dojela dev\u00e1t\u00e1 a celkov\u011b skon\u010dila v seri\u00e1lu patn\u00e1ct\u00e1. Mezi mu\u017ei vyhr\u00e1l dom\u00e1c\u00ed Mathiue van der Poel, Michael Boro\u0161 skon\u010dil dvan\u00e1ct\u00fd.<\/p>\n\n\n\n<p>Na dom\u00e1c\u00ed trati op\u011bt kralovali nizozem\u0161t\u00ed jezdci. V z\u00e1vodu \u017een v\u0161ak jejich postaven\u00ed na stupn\u00edch v\u00edt\u011bzek naru\u0161ila Ma\u010farka Kata Blanka Vasov\u00e1, kter\u00e1 nesta\u010dila a\u017e ve spurtu na Fem van\u00a0Empelovou, t\u0159et\u00ed byla Lucinda Brandov\u00e1. To mezi mu\u017ei za van der Poelem skon\u010dili jeho krajan\u00e9 Joris Nieuwenhuis a Pim Ronhaar, Belgi\u010dan Eli Iserbyt si p\u00e1tou p\u0159\u00ed\u010dkou pojistil celkov\u00fd seri\u00e1lov\u00fd triumf.<\/p>\n\n\n\n<p>Van der Poel tentokr\u00e1t dlouho jen kontroloval situaci. Poprv\u00e9 za\u00fato\u010dil a\u017e v \u0161est\u00e9m okruhu a jeho tempo dok\u00e1zal vzdorovat pouze Thiau Nys z&nbsp;Belgie. V p\u0159edposledn\u00edm osm\u00e9m kole ale na jeho op\u011btovn\u00fd \u00fatok ji\u017e nesta\u010dil ani Nys a nav\u00edc po nepozornosti p\u0159i\u0161el jeho p\u00e1d a t\u00edm i ztr\u00e1ta druh\u00e9ho m\u00edsta. Van der Poel si bezpe\u010dn\u011b dojel v Hoogerheide p\u0159i VC jeho otce Adrie pro ji\u017e \u0161est\u00e9 prvenstv\u00ed.<\/p>\n\n\n\n<p>V nabit\u00e9 konkurenci se v dobr\u00e9m sv\u011btle p\u0159edstavili i dva zb\u00fdvaj\u00edc\u00ed \u010de\u0161t\u00ed jezdci. Jakub \u0158\u00edman zajel sv\u016fj z\u0159ejm\u011b nejlep\u0161\u00ed z\u00e1vod v sezon\u011b a odm\u011bnou mu bylo devaten\u00e1ct\u00e9 m\u00edsto, Zden\u011bk \u0160tybar startuj\u00edc\u00ed a\u017e ze sedm\u00e9 \u0159ady se dok\u00e1zal prokousat na 27. m\u00edsto.<\/p>\n\n\n\n<p>Mezi \u017eenami taktovku souboje rychle p\u0159evzaly van Empelov\u00e1 a Brandov\u00e1, zat\u00edmco dal\u0161\u00ed z velk\u00fdch favoritek Puck Pietersov\u00e1 dnes ztr\u00e1cela, je\u0161t\u011b v\u00edce to platilo o Ceylin Alvaradov\u00e9, ta v\u0161ak m\u011bla ji\u017e p\u0159edem zaji\u0161t\u011bno prvenstv\u00ed v cel\u00e9m seri\u00e1lu. A\u017e t\u011bsn\u011b p\u0159ed koncem p\u0159edposledn\u00edho kola se na vedouc\u00ed duo dot\u00e1hla Vasov\u00e1 a uk\u00e1zala, \u017ee na MS v T\u00e1bo\u0159e m\u016f\u017ee myslet hodn\u011b vysoko.&nbsp;<\/p>\n\n\n\n<p>Zemanov\u00e1 nem\u011bla nejlep\u0161\u00ed start, do ter\u00e9nu vj\u00ed\u017ed\u011bla osmn\u00e1ct\u00e1, v c\u00edli prvn\u00edho okruhu ji\u017e ale byla dvan\u00e1ct\u00e1 a posouvala se kup\u0159edu. Nejv\u00fd\u0161e se dostala v p\u0159edposledn\u00edm kole na sedmou pozici, nakonec c\u00edlem projela dev\u00e1t\u00e1, t\u0159et\u00ed z \u017een kategorie U23 za \u010dtvrtou Zoe Backstedtov\u00e1 z Brit\u00e1nie a p\u00e1tou Schreiberovou.<\/p>\n\n\n\n<p>Poprv\u00e9 v sezon\u011b se do elitn\u00ed des\u00edtky kategorie U23 mu\u017e\u016f dostal V\u00e1clav Je\u017eek, kter\u00fd Top 10 uzav\u0159el, patn\u00e1ct\u00fd projel c\u00edlem Jan Zatloukal. Vyhr\u00e1l dom\u00e1c\u00ed Tibor del Grosso a z\u00e1rove\u0148 se stal i celkov\u00fdm v\u00edt\u011bzem seri\u00e1lu. &#8220;Je\u017eek ur\u010dit\u011b zajel dobr\u00fd z\u00e1vod a to sam\u00e9 mus\u00edm \u0159\u00edci na adresu Zatloukala, kter\u00fd startoval z posledn\u00ed pozice. Dobr\u00fd v\u00fdkon podala i Zemanov\u00e1, ale asi myslela na v\u00edc. Jela v\u0161ak i v sobotu a dva z\u00e1vody za sebou j\u00ed tak asi nesedly,&#8221; \u0159ekl reprezenta\u010dn\u00ed kou\u010d Petr Klou\u010dek.<\/p>\n\n\n\n<p>Dva \u00favodn\u00ed z\u00e1vody junior\u016f a juniorek z\u016fstaly z \u010desk\u00e9ho pohledu za o\u010dek\u00e1v\u00e1n\u00edm. Do po\u0159ad\u00ed o medailov\u00e9 stupn\u011b nikdo nezas\u00e1hl a do elitn\u00ed des\u00edtky se dostali des\u00e1t\u00ed Kry\u0161tof Ba\u017eant a Am\u00e1lie Gottwaldov\u00e1, dev\u00e1t\u00e1 dojela Daniela Hezinov\u00e1. Na nejvy\u0161\u0161\u00ed stupe\u0148 vystoupili Ital Stefano Viezzi, kter\u00fd si t\u00edm zajistil prvenstv\u00ed v cel\u00e9m seri\u00e1lu a Slovenka Vikt\u00f3ria Chlado\u0148ov\u00e1, celkov\u011b se radovala dnes \u010dtvrt\u00e1 Celia Geryov\u00e1 z Francie. Ba\u017eant a Gottwaldov\u00e1 obsadili v \u0161estid\u00edln\u00e9m seri\u00e1lu osm\u00e1 m\u00edsta, Doud\u011brov\u00e1 skon\u010dila des\u00e1t\u00e1.<\/p>\n\n\n\n<p>&#8220;Ba\u017eant na to dnes zcela nem\u011bl a nav\u00edc d\u011blal taktick\u00e9 chyby. V z\u00e1vod\u011b juniorek Doud\u011brov\u00e1 spadla v \u00favodu ze \u0161est\u00e9 pozice, propadla se hodn\u011b dozadu a pak n\u011bjak bojovala. Ostatn\u00ed odjely asi to, na co m\u011bly, Gottwaldov\u00e9 tra\u0165 vysloven\u011b nesedla. Ned\u00e1 se \u0159\u00edci, \u017ee by na\u0161i mlad\u00ed vyho\u0159eli, ale \u010dekal jsem rozhodn\u011b lep\u0161\u00ed v\u00fdsledky,&#8221; zhodnotil vystoupen\u00ed nejmlad\u0161\u00edch kategori\u00ed Klou\u010dek.<\/p>\n\n\n\n<p>V\u00fdsledky:<\/p>\n\n\n\n<p>Junio\u0159i:<\/p>\n\n\n\n<p>1. Viezzi (It.) 43:34, 2. Reminj (Niz.), 3. Simon oba +20, &#8230;10. Ba\u017eant +37, 23. Lienert +1:43, 32. Kraus +2:38, 33. Janout +2:48, 34. Havel +2:52, 49 H\u00e1jek (v\u0161ichni \u010cR) +4:29.<\/p>\n\n\n\n<p>Celkov\u00e9 po\u0159ad\u00ed:<\/p>\n\n\n\n<p>1.Viezzi 150, 2. Sparfel 145, 3. Solen 102, &#8230;7. Ba\u017eant 86, 38. Lienert 8.<\/p>\n\n\n\n<p>Juniorky:<\/p>\n\n\n\n<p>1. Chlado\u0148ov\u00e1 (SR) 41:34, 2. Fergusonov\u00e1 (Brit.) +18, 3. Langenbargov\u00e1 (Niz.) +1:27, &#8230;9. Hezinov\u00e1 +2:24, 10. Gottwaldov\u00e1 +2:27, 20. Doud\u011brov\u00e1 +3:30, 22. Vikov\u00e1 +3:40, 31. Panu\u0161ov\u00e1 +4:33, 42. Hrdinov\u00e1 (v\u0161echny \u010cR) +6:34.<\/p>\n\n\n\n<p>Kone\u010dn\u00e9 po\u0159ad\u00ed:<\/p>\n\n\n\n<p>1. Geryov\u00e1 145, 2. Fergusonov\u00e1 140, 3. Chlado\u0148ov\u00e1 130, &#8230;8. Gottwaldov\u00e1 78, 10. Doud\u011brov\u00e1 72, 13. Hezinov\u00e1 57, 34. Vikov\u00e1 12.<\/p>\n\n\n\n<p>Mu\u017ei U23:<\/p>\n\n\n\n<p>1. del Grosso (Niz.) 50:24, 2. Lelandais (Fr.) +14, 3. Michels (Belg.) +16, &#8230;10. Je\u017eek +1:14, 15. Zatloukal +1:45, 30. Fiala +3:46, 34. \u010cern\u00fd +3:55,&nbsp;&nbsp;Jind\u0159ich, Kerl (v\u0161ichni \u010cR) oba nedokon\u010dili.<\/p>\n\n\n\n<p>Kone\u010dn\u00e9 po\u0159ad\u00ed:<\/p>\n\n\n\n<p>1. del Grosso 160, 2. Verstrynge (Belg.) 135, 3. Michels 110, &#8230;18. Je\u017eek 38, 27. Fiala 22, 34. Zatloukal 11, 35. Jind\u0159ich 11.<\/p>\n\n\n\n<p>\u017deny:<\/p>\n\n\n\n<p>1. van Empelov\u00e1 (Niz.) 46:48, 2. Vasov\u00e1 (Ma\u010f.) +1, 3. Brandov\u00e1 (Niz.) +10, 4. Backstedtov\u00e1 (Brit.) +24, 5. Schreiberov\u00e1 (Luc.) +37, 6. Verdonschotov\u00e1 (Belg.) +1:02, &#8230;9. Zemanov\u00e1 +1:18, 41. Je\u0159\u00e1bkov\u00e1 +5:48, 48. Van\u00ed\u010dkov\u00e1 (v\u0161echny \u010cR) +7:08.<\/p>\n\n\n\n<p>Kone\u010dn\u00e9 po\u0159ad\u00ed:<\/p>\n\n\n\n<p>1. Alvaradov\u00e1 348, 2. Pietersov\u00e1 308, 3. Brandov\u00e1 284, 4. van Empelov\u00e1 252, 5. Bentveldov\u00e1 222, 6. van der Heijdenov\u00e1 (v\u0161echny Niz.) 221, &#8230;15. Zemanov\u00e1 143, 38. Hlad\u00edkov\u00e1 17, 51. Kopeck\u00e1 (ob\u011b \u010cR) 11, 61. Je\u0159\u00e1bkov\u00e1 8, 62. Van\u00ed\u010dkov\u00e1 7.<\/p>\n\n\n\n<p>Mu\u017ei:<\/p>\n\n\n\n<p>1. M. van der Poel 1:02:57, 2. Nieuwenhuis +5, 3. Ronhaar (Niz.) +9, 4. Nys +9, 5. Iserbyt +9, 6. Wyseure (v\u0161ichni Belg.) +21, &#8230;12. Boro\u0161 +1:14, 19. \u0158\u00edman +2:08, 27. \u0160tybar (v\u0161ichni \u010cR) +3:13.<\/p>\n\n\n\n<p>Kone\u010dn\u00e9 po\u0159ad\u00ed:<\/p>\n\n\n\n<p>1. Iserbyt 338, 2. Nieuwenhuis 313, 3. Ronhaar 295, 4. van der Haar (Niz.) 293, 5. Vandeputte (Belg.) 239, 6. M. van der Poel 221, &#8230;21. Boro\u0161 91, 59. \u0158\u00edman 7.<\/p>\n","protected":false},"excerpt":{"rendered":"<p>Fin\u00e1lov\u00fdm z\u00e1vodem, kter\u00fd byl z\u00e1rove\u0148 gener\u00e1lkou na t\u00e1borsk\u00fd sv\u011btov\u00fd \u0161ampion\u00e1t, vyvrcholil dnes v\u00a0nizozemsk\u00e9m Hoogerheide cyklokrosov\u00fd Sv\u011btov\u00fd poh\u00e1r. Posedm\u00e9 z osmi start\u016f se trojn\u00e1sobn\u00e1 \u010desk\u00e1 \u0161ampionka Krist\u00fdna Zemanov\u00e1 dok\u00e1zala prosadit do elitn\u00ed des\u00edtky kdy\u017e dojela dev\u00e1t\u00e1 a celkov\u011b skon\u010dila v seri\u00e1lu patn\u00e1ct\u00e1. Mezi mu\u017ei vyhr\u00e1l dom\u00e1c\u00ed Mathiue van der Poel, Michael Boro\u0161 skon\u010dil dvan\u00e1ct\u00fd. Na dom\u00e1c\u00ed [&hellip;]<\/p>\n","protected":false},"author":8,"featured_media":14248,"comment_status":"closed","ping_status":"open","sticky":false,"template":"","format":"standard","meta":{"footnotes":""},"categories":[58,2],"tags":[59],"class_list":["post-28590","post","type-post","status-publish","format-standard","has-post-thumbnail","hentry","category-cyklokros","category-novinky","tag-cyklokros"],"_links":{"self":[{"href":"https:\/\/www.czechcyclingfederation.com\/en\/wp-json\/wp\/v2\/posts\/28590","targetHints":{"allow":["GET"]}}],"collection":[{"href":"https:\/\/www.czechcyclingfederation.com\/en\/wp-json\/wp\/v2\/posts"}],"about":[{"href":"https:\/\/www.czechcyclingfederation.com\/en\/wp-json\/wp\/v2\/types\/post"}],"author":[{"embeddable":true,"href":"https:\/\/www.czechcyclingfederation.com\/en\/wp-json\/wp\/v2\/users\/8"}],"replies":[{"embeddable":true,"href":"https:\/\/www.czechcyclingfederation.com\/en\/wp-json\/wp\/v2\/comments?post=28590"}],"version-history":[{"count":1,"href":"https:\/\/www.czechcyclingfederation.com\/en\/wp-json\/wp\/v2\/posts\/28590\/revisions"}],"predecessor-version":[{"id":28591,"href":"https:\/\/www.czechcyclingfederation.com\/en\/wp-json\/wp\/v2\/posts\/28590\/revisions\/28591"}],"wp:featuredmedia":[{"embeddable":true,"href":"https:\/\/www.czechcyclingfederation.com\/en\/wp-json\/wp\/v2\/media\/14248"}],"wp:attachment":[{"href":"https:\/\/www.czechcyclingfederation.com\/en\/wp-json\/wp\/v2\/media?parent=28590"}],"wp:term":[{"taxonomy":"category","embeddable":true,"href":"https:\/\/www.czechcyclingfederation.com\/en\/wp-json\/wp\/v2\/categories?post=28590"},{"taxonomy":"post_tag","embeddable":true,"href":"https:\/\/www.czechcyclingfederation.com\/en\/wp-json\/wp\/v2\/tags?post=28590"}],"curies":[{"name":"wp","href":"https:\/\/api.w.org\/{rel}","templated":true}]}}