{"id":2858,"date":"2020-11-11T20:53:27","date_gmt":"2020-11-11T19:53:27","guid":{"rendered":"http:\/\/www.czechcyclingfederation.com\/?p=2858"},"modified":"2020-11-19T23:19:04","modified_gmt":"2020-11-19T22:19:04","slug":"tymovy-sprint-ziskal-v-plovdivu-stribro","status":"publish","type":"post","link":"https:\/\/www.czechcyclingfederation.com\/en\/tymovy-sprint-ziskal-v-plovdivu-stribro\/","title":{"rendered":"T\u00fdmov\u00fd sprint z\u00edskal v Plovdivu st\u0159\u00edbro"},"content":{"rendered":"\n<p>Skv\u011ble vstoupili do evropsk\u00e9ho dr\u00e1hov\u00e9ho \u0161ampion\u00e1tu v bulharsk\u00e9m Plovdivu na\u0161i reprezentanti. Hned v \u00favodn\u00ed discipl\u00edn\u011b t\u00fdmov\u00e9m sprintu vybojovali st\u0159\u00edbrn\u00e9 medaile, kdy\u017e nesta\u010dili pouze na sprintery Ruska. O cenn\u00fd kov se postarali Tom\u00e1\u0161 B\u00e1bek, Martin \u010cechman, Dominik Topinka a Jakub \u0160\u0165astn\u00fd.<\/p>\n\n\n\n<p>V prvn\u00edm kole zajelo trio B\u00e1bek, \u010cechman, Topinka druh\u00fd nejrychlej\u0161\u00ed \u010das 43,942, lep\u0161\u00ed bylo pouze Rusko. V Plovdivu se jelo trochu jin\u00fdm zp\u016fsobem, ve druh\u00e9m kole, v n\u011bm\u017e na\u0161i nastoupili proti Ukrajin\u011b, jim sta\u010dilo k postupu do fin\u00e1le jak\u00e9koliv v\u00edt\u011bzstv\u00ed bez ohledu na dosa\u017een\u00fd \u010das. Proto tren\u00e9r Petr Klime\u0161 na druh\u00fd \u00fasek m\u00edsto \u010cechmana nasadil \u0160\u0165astn\u00e9ho a nav\u00edc B\u00e1bek nemusel jet na hranici mo\u017enost\u00ed, proto\u017ee \u010ce\u0161i m\u011bli jasn\u00fd n\u00e1skok.<\/p>\n\n\n\n<p>&#8220;Do fin\u00e1lov\u00e9 trojice se vr\u00e1til zp\u011bt \u010cechman, ale bohu\u017eel nezachytil rekordn\u00ed \u010das Topinky na prvn\u00edm \u00faseku, kter\u00fd byl rychlej\u0161\u00ed o dv\u011b desetiny vte\u0159iny (17,382) jak \u010desk\u00fd rekord a musel ztr\u00e1tu dotahovat. &#8220;Na \u00favod jsem spokojen, ale jak jsem \u0159\u00edkal p\u0159ed mistrovstv\u00edm, nebereme tento \u00fasp\u011bch jako medaili z plnohodnotn\u00e9ho \u0161ampion\u00e1tu. Za pr\u00e1ci, kterou tomu kluci v p\u0159\u00edprav\u011b odvedli, si ji v\u0161ak ka\u017edop\u00e1dn\u011b zaslou\u017eili,&#8221; \u0159ekl tren\u00e9r sprinter\u016f Petr Klime\u0161.<\/p>\n\n\n\n<p>Ve druh\u00e9 discipl\u00edn\u011b, vylu\u010dovac\u00edm z\u00e1vodu, bojoval dlouho o stupn\u011b v\u00edt\u011bz\u016f tak\u00e9 Daniel Babor, ale nakonec na medaili nedos\u00e1hl a skon\u010dil na p\u00e1t\u00e9m m\u00edst\u011b. O medaile bojovaly v t\u00fdmov\u00e9m sprintu i \u017eeny a dvojici S\u00e1ra Ka\u0148kovsk\u00e1, Veronika Jaborn\u00edkov\u00e1 doplnila vytrvalkyn\u011b Petra \u0160ev\u010d\u00edkov\u00e1. Trio obsadilo \u010dtvrt\u00e9 m\u00edsto, kdy\u017e druh\u00e9 zlato vybojovalo pro Rusko trio Vojnovov\u00e1, Antonov\u00e1, \u0160melevov\u00e1. \u0160ev\u010d\u00edkov\u00e1 je\u0161t\u011b nastoupila do scratche v n\u011bm\u017e obsadila 14. m\u00edsto.<\/p>\n\n\n\n<p>V\u00fdsledky:<\/p>\n\n\n\n<p>Mu\u017ei:<\/p>\n\n\n\n<p>Vylu\u010dovac\u00ed z\u00e1vod:<\/p>\n\n\n\n<p>1. Walls (Brit.), 2. Leitao (Port.), 3. Rostovcev (Rus.), 4. \u0160i\u0161kov (B\u011bl.), &#8230;5. Babor (\u010cR).<\/p>\n\n\n\n<p>T\u00fdmov\u00fd sprint:<\/p>\n\n\n\n<p>Fin\u00e1le: Rusko (Dmitrijev, Glady\u0161ev, Jaku\u0161evskij) 43,007 &#8211; \u010cR (B\u00e1bek, \u010cechman, Topinka, \u0160\u0165astn\u00fd) 43,925, o 3. m\u00edsto: \u0158ecko (Bretas, Livanos, Kalogeropoulos) 44,098 &#8211; \u0160pan\u011blsko 44,561.<\/p>\n\n\n\n<p>\u017deny:<\/p>\n\n\n\n<p>Scratch:<\/p>\n\n\n\n<p>1. Fidanzaov\u00e1 (It.), 2. \u0160erakov\u00e1 (B\u011bl.), 3. Klim\u010denkov\u00e1 (Ukr.), &#8230;14. \u0160ev\u010d\u00edkov\u00e1 (\u010cR).<\/p>\n\n\n\n<p>T\u00fdmov\u00fd sprint:<\/p>\n\n\n\n<p>Fin\u00e1le: Rusko (Vojnovov\u00e1, Antonov\u00e1, \u0160melevov\u00e1) 46,852 &#8211; Brit\u00e1nie (Tannerov\u00e1, Steeleov\u00e1, Ridgeov\u00e1) 48,531, o 3. m\u00edsto: Ukrajina (Basovov\u00e1, Lovinjukov\u00e1, Starikov\u00e1) 49,296 &#8211; \u010cR (S. Ka\u0148kovsk\u00e1, \u0160ev\u010d\u00edkov\u00e1, V. Jaborn\u00edkov\u00e1) 51,789.<\/p>\n\n\n\n<p>FOTO Petr Klime\u0161<\/p>\n\n\n\n<figure class=\"wp-block-image size-large\"><img loading=\"lazy\" decoding=\"async\" width=\"1024\" height=\"768\" src=\"https:\/\/www.czechcyclingfederation.com\/wp-content\/uploads\/2020\/11\/IMG-20201111-WA0009-1024x768.jpg\" alt=\"\" class=\"wp-image-2860\" srcset=\"https:\/\/www.czechcyclingfederation.com\/wp-content\/uploads\/2020\/11\/IMG-20201111-WA0009-1024x768.jpg 1024w, https:\/\/www.czechcyclingfederation.com\/wp-content\/uploads\/2020\/11\/IMG-20201111-WA0009-267x200.jpg 267w, https:\/\/www.czechcyclingfederation.com\/wp-content\/uploads\/2020\/11\/IMG-20201111-WA0009-768x576.jpg 768w, https:\/\/www.czechcyclingfederation.com\/wp-content\/uploads\/2020\/11\/IMG-20201111-WA0009-1536x1152.jpg 1536w, https:\/\/www.czechcyclingfederation.com\/wp-content\/uploads\/2020\/11\/IMG-20201111-WA0009-1320x990.jpg 1320w, https:\/\/www.czechcyclingfederation.com\/wp-content\/uploads\/2020\/11\/IMG-20201111-WA0009.jpg 1600w\" sizes=\"auto, (max-width: 1024px) 100vw, 1024px\" \/><\/figure>\n\n\n\n<figure class=\"wp-block-image size-large\"><img loading=\"lazy\" decoding=\"async\" width=\"1024\" height=\"768\" src=\"https:\/\/www.czechcyclingfederation.com\/wp-content\/uploads\/2020\/11\/IMG-20201111-WA0007-1024x768.jpg\" alt=\"\" class=\"wp-image-2861\" srcset=\"https:\/\/www.czechcyclingfederation.com\/wp-content\/uploads\/2020\/11\/IMG-20201111-WA0007-1024x768.jpg 1024w, https:\/\/www.czechcyclingfederation.com\/wp-content\/uploads\/2020\/11\/IMG-20201111-WA0007-267x200.jpg 267w, https:\/\/www.czechcyclingfederation.com\/wp-content\/uploads\/2020\/11\/IMG-20201111-WA0007-768x576.jpg 768w, https:\/\/www.czechcyclingfederation.com\/wp-content\/uploads\/2020\/11\/IMG-20201111-WA0007-1536x1152.jpg 1536w, https:\/\/www.czechcyclingfederation.com\/wp-content\/uploads\/2020\/11\/IMG-20201111-WA0007-1320x990.jpg 1320w, https:\/\/www.czechcyclingfederation.com\/wp-content\/uploads\/2020\/11\/IMG-20201111-WA0007.jpg 1600w\" sizes=\"auto, (max-width: 1024px) 100vw, 1024px\" \/><\/figure>\n\n\n\n<figure class=\"wp-block-image size-large\"><img loading=\"lazy\" decoding=\"async\" width=\"1024\" height=\"768\" src=\"https:\/\/www.czechcyclingfederation.com\/wp-content\/uploads\/2020\/11\/IMG-20201111-WA0003-1024x768.jpg\" alt=\"\" class=\"wp-image-2862\" srcset=\"https:\/\/www.czechcyclingfederation.com\/wp-content\/uploads\/2020\/11\/IMG-20201111-WA0003-1024x768.jpg 1024w, https:\/\/www.czechcyclingfederation.com\/wp-content\/uploads\/2020\/11\/IMG-20201111-WA0003-267x200.jpg 267w, https:\/\/www.czechcyclingfederation.com\/wp-content\/uploads\/2020\/11\/IMG-20201111-WA0003-768x576.jpg 768w, https:\/\/www.czechcyclingfederation.com\/wp-content\/uploads\/2020\/11\/IMG-20201111-WA0003-1536x1152.jpg 1536w, https:\/\/www.czechcyclingfederation.com\/wp-content\/uploads\/2020\/11\/IMG-20201111-WA0003-1320x990.jpg 1320w, https:\/\/www.czechcyclingfederation.com\/wp-content\/uploads\/2020\/11\/IMG-20201111-WA0003.jpg 1600w\" sizes=\"auto, (max-width: 1024px) 100vw, 1024px\" \/><\/figure>\n\n\n\n<figure class=\"wp-block-image size-large\"><img loading=\"lazy\" decoding=\"async\" width=\"1024\" height=\"768\" src=\"https:\/\/www.czechcyclingfederation.com\/wp-content\/uploads\/2020\/11\/IMG-20201111-WA0006-1024x768.jpg\" alt=\"\" class=\"wp-image-2863\" srcset=\"https:\/\/www.czechcyclingfederation.com\/wp-content\/uploads\/2020\/11\/IMG-20201111-WA0006-1024x768.jpg 1024w, https:\/\/www.czechcyclingfederation.com\/wp-content\/uploads\/2020\/11\/IMG-20201111-WA0006-267x200.jpg 267w, https:\/\/www.czechcyclingfederation.com\/wp-content\/uploads\/2020\/11\/IMG-20201111-WA0006-768x576.jpg 768w, https:\/\/www.czechcyclingfederation.com\/wp-content\/uploads\/2020\/11\/IMG-20201111-WA0006-1536x1152.jpg 1536w, https:\/\/www.czechcyclingfederation.com\/wp-content\/uploads\/2020\/11\/IMG-20201111-WA0006-1320x990.jpg 1320w, https:\/\/www.czechcyclingfederation.com\/wp-content\/uploads\/2020\/11\/IMG-20201111-WA0006.jpg 1600w\" sizes=\"auto, (max-width: 1024px) 100vw, 1024px\" \/><\/figure>\n","protected":false},"excerpt":{"rendered":"<p>Skv\u011ble vstoupili do evropsk\u00e9ho dr\u00e1hov\u00e9ho \u0161ampion\u00e1tu v bulharsk\u00e9m Plovdivu na\u0161i reprezentanti. Hned v \u00favodn\u00ed discipl\u00edn\u011b t\u00fdmov\u00e9m sprintu vybojovali st\u0159\u00edbrn\u00e9 medaile, kdy\u017e nesta\u010dili pouze na sprintery Ruska. O cenn\u00fd kov se postarali Tom\u00e1\u0161 B\u00e1bek, Martin \u010cechman, Dominik Topinka a Jakub \u0160\u0165astn\u00fd. V prvn\u00edm kole zajelo trio B\u00e1bek, \u010cechman, Topinka druh\u00fd nejrychlej\u0161\u00ed \u010das 43,942, lep\u0161\u00ed bylo pouze [&hellip;]<\/p>\n","protected":false},"author":8,"featured_media":2859,"comment_status":"closed","ping_status":"open","sticky":false,"template":"","format":"standard","meta":{"footnotes":""},"categories":[54,2],"tags":[9],"class_list":["post-2858","post","type-post","status-publish","format-standard","has-post-thumbnail","hentry","category-draha","category-novinky","tag-draha"],"_links":{"self":[{"href":"https:\/\/www.czechcyclingfederation.com\/en\/wp-json\/wp\/v2\/posts\/2858","targetHints":{"allow":["GET"]}}],"collection":[{"href":"https:\/\/www.czechcyclingfederation.com\/en\/wp-json\/wp\/v2\/posts"}],"about":[{"href":"https:\/\/www.czechcyclingfederation.com\/en\/wp-json\/wp\/v2\/types\/post"}],"author":[{"embeddable":true,"href":"https:\/\/www.czechcyclingfederation.com\/en\/wp-json\/wp\/v2\/users\/8"}],"replies":[{"embeddable":true,"href":"https:\/\/www.czechcyclingfederation.com\/en\/wp-json\/wp\/v2\/comments?post=2858"}],"version-history":[{"count":1,"href":"https:\/\/www.czechcyclingfederation.com\/en\/wp-json\/wp\/v2\/posts\/2858\/revisions"}],"predecessor-version":[{"id":2864,"href":"https:\/\/www.czechcyclingfederation.com\/en\/wp-json\/wp\/v2\/posts\/2858\/revisions\/2864"}],"wp:featuredmedia":[{"embeddable":true,"href":"https:\/\/www.czechcyclingfederation.com\/en\/wp-json\/wp\/v2\/media\/2859"}],"wp:attachment":[{"href":"https:\/\/www.czechcyclingfederation.com\/en\/wp-json\/wp\/v2\/media?parent=2858"}],"wp:term":[{"taxonomy":"category","embeddable":true,"href":"https:\/\/www.czechcyclingfederation.com\/en\/wp-json\/wp\/v2\/categories?post=2858"},{"taxonomy":"post_tag","embeddable":true,"href":"https:\/\/www.czechcyclingfederation.com\/en\/wp-json\/wp\/v2\/tags?post=2858"}],"curies":[{"name":"wp","href":"https:\/\/api.w.org\/{rel}","templated":true}]}}