{"id":2851,"date":"2020-11-10T14:45:21","date_gmt":"2020-11-10T13:45:21","guid":{"rendered":"http:\/\/www.czechcyclingfederation.com\/?p=2851"},"modified":"2020-11-10T14:45:21","modified_gmt":"2020-11-10T13:45:21","slug":"trebesin-nespi-ani-v-listopadu","status":"publish","type":"post","link":"https:\/\/www.czechcyclingfederation.com\/en\/trebesin-nespi-ani-v-listopadu\/","title":{"rendered":"T\u0159ebe\u0161\u00edn nesp\u00ed ani v listopadu"},"content":{"rendered":"\n<p>Dr\u00e1hov\u00e1 cyklistick\u00e1 sezona bohu\u017eel za\u010d\u00edn\u00e1 ru\u0161en\u00edm z\u00e1vod\u016f a p\u0159esun dr\u00e1hov\u00e9 cyklistiky do Motola se a\u017e do konce roku nestane. Venkovn\u00ed velodrom na T\u0159ebe\u0161\u00edn\u011b tak nep\u0159ech\u00e1z\u00ed do zimn\u00edho sp\u00e1nku, ale je st\u00e1le v provozu.<\/p>\n\n\n\n<p>Podzimn\u00ed je\u017ed\u011bn\u00ed na dr\u00e1ze je samoz\u0159ejm\u011b ovlivn\u011bno i st\u00e1vaj\u00edc\u00ed zdravotn\u00ed situac\u00ed, ale venkovn\u00ed sportovi\u0161t\u011b jako takov\u00e1 funguj\u00ed. Tak\u017ee jasn\u00fdm krokem byla p\u0159\u00edprava osv\u011btlen\u00ed, kter\u00e9 v\u00fdznamn\u011b prodlou\u017eilo dobu, kdy se d\u00e1 velodromu krou\u017eit.<\/p>\n\n\n\n<p>&#8220;P\u0159es letn\u00ed m\u011bs\u00edce se poda\u0159ilo t\u00e9m\u011b\u0159 t\u0159ic\u00edtce amat\u00e9rsk\u00fdch cyklist\u016f z \u0159ad ve\u0159ejnosti dokon\u010dit kurz dr\u00e1hov\u00e9 cyklistiky na T\u0159ebe\u0161\u00edn\u011b, tak\u017ee nyn\u00ed maj\u00ed mo\u017enost je\u017ed\u011bn\u00ed i b\u011bhem karant\u00e9nn\u00edch opat\u0159en\u00ed, by\u0165 individu\u00e1ln\u011b a v rezervovan\u00fdch \u010dasech. Osv\u011btlen\u00ed tak bohu\u017eel vyu\u017e\u00edvaj\u00ed pouze dr\u00e1ha\u0159i, by\u0165 p\u016fvodn\u011b v\u0161e sm\u011b\u0159ovalo zejm\u00e9na k MTB tr\u00e9nink\u016fm nejmen\u0161\u00edch d\u011bt\u00ed na krou\u017ec\u00edch, kter\u00e9 se nyn\u00ed samoz\u0159ejm\u011b nekonaj\u00ed,&#8221; \u0159ekl Marek Mixa.<\/p>\n\n\n\n<p>Komunitn\u00ed charakter a p\u0159\u00edstup k \u0161irok\u00e9 ve\u0159ejnosti podtrhla i v\u00edkendov\u00e1 akce s\u00e1zen\u00ed strom\u016f. K velodromu pat\u0159\u00ed i okol\u00ed a za dodr\u017een\u00ed soci\u00e1ln\u00ed vzd\u00e1lenosti si lid\u00e9 z okol\u00ed zasadili pades\u00e1tku ovocn\u00fdch strom\u016f. Nov\u011b jsou tedy m\u00edstn\u00ed MTB trasy vy\u0161perkovan\u00e9 pom\u011brn\u011b rozs\u00e1hl\u00fdm ovocn\u00fdm sadem. P\u0159es zimu je pak v pl\u00e1nu dokon\u010den\u00ed dal\u0161\u00ed f\u00e1ze MTB okruhu, kdy jsou na \u0159ad\u011b u\u017e jen extr\u00e9mn\u011b t\u011b\u017ek\u00e9 dropy a skoky.<\/p>\n\n\n\n<p>Z vnit\u0159n\u00edch akc\u00ed bylo pl\u00e1novan\u00e9 M\u0160MT akreditovan\u00e9 tren\u00e9rsk\u00e9 \u0161kolen\u00ed, kter\u00e9 za\u010dne ale a\u017e o t\u00fdden pozd\u011bji a teorie bude prob\u00edhat online.<\/p>\n\n\n\n<p>FOTO Marek Mixa<\/p>\n\n\n\n<figure class=\"wp-block-image size-large\"><img loading=\"lazy\" decoding=\"async\" width=\"462\" height=\"1024\" src=\"https:\/\/www.czechcyclingfederation.com\/wp-content\/uploads\/2020\/11\/stromky-462x1024.jpg\" alt=\"\" class=\"wp-image-2853\" srcset=\"https:\/\/www.czechcyclingfederation.com\/wp-content\/uploads\/2020\/11\/stromky-462x1024.jpg 462w, https:\/\/www.czechcyclingfederation.com\/wp-content\/uploads\/2020\/11\/stromky-90x200.jpg 90w, https:\/\/www.czechcyclingfederation.com\/wp-content\/uploads\/2020\/11\/stromky.jpg 640w\" sizes=\"auto, (max-width: 462px) 100vw, 462px\" \/><\/figure>\n","protected":false},"excerpt":{"rendered":"<p>Dr\u00e1hov\u00e1 cyklistick\u00e1 sezona bohu\u017eel za\u010d\u00edn\u00e1 ru\u0161en\u00edm z\u00e1vod\u016f a p\u0159esun dr\u00e1hov\u00e9 cyklistiky do Motola se a\u017e do konce roku nestane. Venkovn\u00ed velodrom na T\u0159ebe\u0161\u00edn\u011b tak nep\u0159ech\u00e1z\u00ed do zimn\u00edho sp\u00e1nku, ale je st\u00e1le v provozu. Podzimn\u00ed je\u017ed\u011bn\u00ed na dr\u00e1ze je samoz\u0159ejm\u011b ovlivn\u011bno i st\u00e1vaj\u00edc\u00ed zdravotn\u00ed situac\u00ed, ale venkovn\u00ed sportovi\u0161t\u011b jako takov\u00e1 funguj\u00ed. Tak\u017ee jasn\u00fdm krokem byla p\u0159\u00edprava [&hellip;]<\/p>\n","protected":false},"author":8,"featured_media":2852,"comment_status":"closed","ping_status":"open","sticky":false,"template":"","format":"standard","meta":{"footnotes":""},"categories":[54,2],"tags":[9],"class_list":["post-2851","post","type-post","status-publish","format-standard","has-post-thumbnail","hentry","category-draha","category-novinky","tag-draha"],"_links":{"self":[{"href":"https:\/\/www.czechcyclingfederation.com\/en\/wp-json\/wp\/v2\/posts\/2851","targetHints":{"allow":["GET"]}}],"collection":[{"href":"https:\/\/www.czechcyclingfederation.com\/en\/wp-json\/wp\/v2\/posts"}],"about":[{"href":"https:\/\/www.czechcyclingfederation.com\/en\/wp-json\/wp\/v2\/types\/post"}],"author":[{"embeddable":true,"href":"https:\/\/www.czechcyclingfederation.com\/en\/wp-json\/wp\/v2\/users\/8"}],"replies":[{"embeddable":true,"href":"https:\/\/www.czechcyclingfederation.com\/en\/wp-json\/wp\/v2\/comments?post=2851"}],"version-history":[{"count":1,"href":"https:\/\/www.czechcyclingfederation.com\/en\/wp-json\/wp\/v2\/posts\/2851\/revisions"}],"predecessor-version":[{"id":2854,"href":"https:\/\/www.czechcyclingfederation.com\/en\/wp-json\/wp\/v2\/posts\/2851\/revisions\/2854"}],"wp:featuredmedia":[{"embeddable":true,"href":"https:\/\/www.czechcyclingfederation.com\/en\/wp-json\/wp\/v2\/media\/2852"}],"wp:attachment":[{"href":"https:\/\/www.czechcyclingfederation.com\/en\/wp-json\/wp\/v2\/media?parent=2851"}],"wp:term":[{"taxonomy":"category","embeddable":true,"href":"https:\/\/www.czechcyclingfederation.com\/en\/wp-json\/wp\/v2\/categories?post=2851"},{"taxonomy":"post_tag","embeddable":true,"href":"https:\/\/www.czechcyclingfederation.com\/en\/wp-json\/wp\/v2\/tags?post=2851"}],"curies":[{"name":"wp","href":"https:\/\/api.w.org\/{rel}","templated":true}]}}