{"id":285,"date":"2020-05-28T02:43:15","date_gmt":"2020-05-28T00:43:15","guid":{"rendered":"http:\/\/www.czechcyclingfederation.com\/?p=285"},"modified":"2020-07-16T13:41:21","modified_gmt":"2020-07-16T11:41:21","slug":"trenuj-s-repre-bmx-7-dil-matej-bohuslavek","status":"publish","type":"post","link":"https:\/\/www.czechcyclingfederation.com\/en\/trenuj-s-repre-bmx-7-dil-matej-bohuslavek\/","title":{"rendered":"Tr\u00e9nuj s repre BMX &#8211; 7. d\u00edl Mat\u011bj Bohusl\u00e1vek"},"content":{"rendered":"\n<p>Dne\u0161n\u00edm h\u200bostem projektu \u201eTr\u00e9nuj s repre BMX\u201c je Mat\u011bj Bohusl\u00e1vek.<\/p>\n\n\n\n<p>\u010cesk\u00fd reprezentant Mat\u011bj Bohusl\u00e1vek je \u010dlenem Bikros Club \u0158epy a na sv\u00e9m kont\u011b m\u00e1 ji\u017e n\u011bkolik v\u00fdznamn\u00fdch \u00fasp\u011bch\u016f. V ned\u011bln\u00edm videu v\u00e1m Mat\u011bj uk\u00e1\u017ee, jak nacvi\u010dit prosekce a velk\u00e9 skoky.<\/p>\n\n\n\n<p>Dal\u0161\u00ed informace naleznete n\u00ed\u017ee v p\u0159\u00edsp\u011bvku na Facebooku.<\/p>\n\n\n\n<figure><iframe loading=\"lazy\" src=\"https:\/\/www.facebook.com\/plugins\/video.php?href=https%3A%2F%2Fwww.facebook.com%2Fczechcyclingfederation%2Fvideos%2F691753471585847%2F&amp;show_text=0&amp;width=267\" width=\"267\" height=\"476\" allowfullscreen=\"true\"><\/iframe><\/figure>\n","protected":false},"excerpt":{"rendered":"<p>Dne\u0161n\u00edm h\u200bostem projektu \u201eTr\u00e9nuj s repre BMX\u201c je Mat\u011bj Bohusl\u00e1vek. \u010cesk\u00fd reprezentant Mat\u011bj Bohusl\u00e1vek je \u010dlenem Bikros Club \u0158epy a na sv\u00e9m kont\u011b m\u00e1 ji\u017e n\u011bkolik v\u00fdznamn\u00fdch \u00fasp\u011bch\u016f. V ned\u011bln\u00edm videu v\u00e1m Mat\u011bj uk\u00e1\u017ee, jak nacvi\u010dit prosekce a velk\u00e9 skoky. Dal\u0161\u00ed informace naleznete n\u00ed\u017ee v p\u0159\u00edsp\u011bvku na Facebooku.<\/p>\n","protected":false},"author":1,"featured_media":286,"comment_status":"closed","ping_status":"open","sticky":false,"template":"","format":"standard","meta":{"footnotes":""},"categories":[57,2],"tags":[55],"class_list":["post-285","post","type-post","status-publish","format-standard","has-post-thumbnail","hentry","category-bmx","category-novinky","tag-bmx"],"_links":{"self":[{"href":"https:\/\/www.czechcyclingfederation.com\/en\/wp-json\/wp\/v2\/posts\/285","targetHints":{"allow":["GET"]}}],"collection":[{"href":"https:\/\/www.czechcyclingfederation.com\/en\/wp-json\/wp\/v2\/posts"}],"about":[{"href":"https:\/\/www.czechcyclingfederation.com\/en\/wp-json\/wp\/v2\/types\/post"}],"author":[{"embeddable":true,"href":"https:\/\/www.czechcyclingfederation.com\/en\/wp-json\/wp\/v2\/users\/1"}],"replies":[{"embeddable":true,"href":"https:\/\/www.czechcyclingfederation.com\/en\/wp-json\/wp\/v2\/comments?post=285"}],"version-history":[{"count":1,"href":"https:\/\/www.czechcyclingfederation.com\/en\/wp-json\/wp\/v2\/posts\/285\/revisions"}],"predecessor-version":[{"id":287,"href":"https:\/\/www.czechcyclingfederation.com\/en\/wp-json\/wp\/v2\/posts\/285\/revisions\/287"}],"wp:featuredmedia":[{"embeddable":true,"href":"https:\/\/www.czechcyclingfederation.com\/en\/wp-json\/wp\/v2\/media\/286"}],"wp:attachment":[{"href":"https:\/\/www.czechcyclingfederation.com\/en\/wp-json\/wp\/v2\/media?parent=285"}],"wp:term":[{"taxonomy":"category","embeddable":true,"href":"https:\/\/www.czechcyclingfederation.com\/en\/wp-json\/wp\/v2\/categories?post=285"},{"taxonomy":"post_tag","embeddable":true,"href":"https:\/\/www.czechcyclingfederation.com\/en\/wp-json\/wp\/v2\/tags?post=285"}],"curies":[{"name":"wp","href":"https:\/\/api.w.org\/{rel}","templated":true}]}}